{"id":112552,"date":"2021-03-05T07:02:00","date_gmt":"2021-03-05T12:02:00","guid":{"rendered":"https:\/\/linitiative.ca\/International\/tunisie-y-a-t-il-un-commandant-dans-le-navire-qui-chavire\/"},"modified":"2021-03-05T07:02:00","modified_gmt":"2021-03-05T12:02:00","slug":"tunisie-y-a-t-il-un-commandant-dans-le-navire-qui-chavire","status":"publish","type":"post","link":"https:\/\/linitiative.ca\/International\/tunisie-y-a-t-il-un-commandant-dans-le-navire-qui-chavire\/","title":{"rendered":"Tunisie: Y a-t-il un commandant dans le navire\u2026 qui chavire?"},"content":{"rendered":"<p><span class=\"c2\"><em><strong>Par Nabil Kallala &#8211;<\/strong><\/em><\/span> Avons-nous r\u00e9ellement des pr\u00e9sidents qui (nous) gouvernent? Le pays est-il effectivement gouvern\u00e9? C\u2019est une question qui m\u2019interpelle et me taraude les m\u00e9ninges. Quand on voit un pr\u00e9sident qui s\u2019en va presque seul lancer la ville sanitaire, en dehors d\u2019une planification qui aurait d\u00fb \u00eatre d\u00fbment r\u00e9fl\u00e9chie et \u00e9tudi\u00e9e pendant longtemps dans le cadre d\u2019une r\u00e9forme en profondeur globale du secteur de la sant\u00e9.<\/p>\n<p>Quand on d\u00e9cide en m\u00eame temps \u2013 toujours seul &#8211; que deux autres villes seront \u00e9difi\u00e9es \u00e0 l\u2019instar de Menzel Mhiri, l\u2019une dans le NO et l\u2019autre dans le SO. Certes l\u2019initiative en elle-m\u00eame est tr\u00e8s louable, et bien \u00e0 son honneur, car ces r\u00e9gions souffrent terriblement d&rsquo;un manque de service sanitaire, outre les carences des commodit\u00e9s de la vie. Mais est-ce de cette mani\u00e8re que des projets aussi strat\u00e9giques sont lanc\u00e9s? Dispose-t-on des dizaines de milliards pour l\u2019\u00e9dification de cette ville, les promesses de dons suffisent-elles et sont-elles une garantie, car l\u2019on sait que ce ne sont parfois que de vains mots, surtout avec\/apr\u00e8s le passage de la Corona ? On en sait quelque chose d\u00e9j\u00e0 sous le pr\u00e9sident feu B\u00e9ji Ca\u00efd Essebsi avec les promesses du G 20? Et quand bien m\u00eame on r\u00e9ussirait \u00e0 les avoir, qu\u2019en sera-t-il du budget de gestion, qui sera tr\u00e8s lourd et tr\u00e8s couteux? A-t-on programm\u00e9 la formation du personnel m\u00e9dical et des m\u00e9decins, qui nous le savons, ne sont pas tr\u00e8s nombreux et s\u2019en vont ailleurs \u00e0 la premi\u00e8re occasion qui s\u2019offre \u00e0 eux? Je me demande d\u2019ailleurs pourquoi nos honorables m\u00e9decins n\u2019en parlent pas,\u00a0 s\u2019ils y souscrivent, il faudrait alors qu\u2019ils y soient associ\u00e9s, eux ainsi que tous les d\u00e9partements minist\u00e9riels concern\u00e9s. A-t-on pr\u00e9vu de doter la r\u00e9gion et ses acc\u00e8s d&rsquo;une infrastructure cons\u00e9quente? tout cela me semble flou. Pourquoi ne nous dit-on pas quel sera son co\u00fbt, quelles sont les lignes de cr\u00e9dit, quand sera-t-elle pr\u00eate, qui se chargera de sa gestion, le minist\u00e8re de la sant\u00e9 ou le minist\u00e8re de la d\u00e9fense, comme cela semblerait \u00eatre le cas? Mais aussi, un Chef de gouvernement qui se complait dans son rafistolage gouvernemental, avec six minist\u00e8res par int\u00e9rim, s\u2019adjugeant, en plus, lui-m\u00eame l\u2019int\u00e9rieur.<\/p>\n<p>J\u2019ai vraiment l\u2019impression qu\u2019il peine \u00e0 avancer. Il est somm\u00e9 de trouver des solutions \u00e0 notre situation \u00e9conomique et financi\u00e8re catastrophique et \u00e0 r\u00e9pondre aux recommandations draconiennes du FMI. En est-il tr\u00e8s conscient, alors que son ministre des finances limoge ses directeurs g\u00e9n\u00e9raux et cr\u00e9e le trouble au sein de son minist\u00e8re. Sur quel staff va-t-il s\u2019appuyer pour restructurer notre \u00e9conomie, car c\u2019est de cela qu\u2019il s\u2019agit dans le fond. Le Ministre de la sant\u00e9 est maintenu, alors qu\u2019il a \u00e9t\u00e9 incapable de nous ramener le vaccin. Le pr\u00e9sident obtient un don secret \u00e9mirati de 500\/1000 doses! Le CDG, aux abois, t\u00e9l\u00e9phone \u00e0 Sergu\u00e9\u00ef Lavrov pour nous fournir 1 million de doses Spoutnik V. Les aura-t-on et quand ? Aux calendes grecques! Et qu\u2019en est-il de nos commandes de Pfizer et d\u2019Astra Zeneca? On apprend que l\u2019Italie refuse au sein de la Commission europ\u00e9enne de fournir le vaccin Atra Zeneca \u00e0 l\u2019Australie, car il n\u2019y en a pas assez pour l\u2019Union europ\u00e9enne. Aussi, ai-je bien peur qu\u2019on n\u2019en ait finalement qu\u2019un simulacre de vaccin. Entre temps notre population se meurt, et comme si cela ne suffisait pas, le CDG lui-m\u00eame autorise les Nahdhaoui \u00e0 manifester par milliers sans aucun protocole sanitaire? Une confusion totale dans mon pays. C\u2019est \u00e0 ne rien y comprendre.<\/p>\n<p>Alors est-on vraiment (bien) gouvern\u00e9s en l\u2019\u00e9tat? A-t-on effectivement un gouvernement et un Etat qui se respectent? Et quoiqu\u2019on dise de notre administration, je dis haut et fort, que c\u2019est gr\u00e2ce \u00e0 elle que nous arrivons, malgr\u00e9 tout, \u00e0 \u00e9viter encore le pire, le naufrage. Mais \u00e0 quel prix et jusqu\u2019\u00e0 quand?<\/p>\n<p class=\"c3\"><strong>Nabil Kallala<\/strong><\/p>\n<p>Auteur:<br \/>\n<a href=\"https:\/\/www.leaders.com.tn\/article\/31528-tunisie-y-a-t-il-un-commandant-dans-le-navire-qui-chavire\">Cliquez ici pour lire l&rsquo;article depuis sa source.<\/a><\/p>\n","protected":false},"excerpt":{"rendered":"<p>Par Nabil Kallala &#8211; Avons-nous r\u00e9ellement des pr\u00e9sidents qui (nous) gouvernent? Le pays est-il effectivement gouvern\u00e9? C\u2019est une question qui m\u2019interpelle et me taraude les m\u00e9ninges. Quand on voit un pr\u00e9sident qui s\u2019en va presque seul lancer la ville sanitaire, en dehors d\u2019une planification qui aurait d\u00fb \u00eatre d\u00fbment r\u00e9fl\u00e9chie et \u00e9tudi\u00e9e pendant longtemps dans [&hellip;]<\/p>\n","protected":false},"author":1772,"featured_media":0,"comment_status":"closed","ping_status":"closed","sticky":false,"template":"","format":"standard","meta":{"fifu_image_url":"","fifu_image_alt":"","footnotes":""},"categories":[73,55],"tags":[],"class_list":["post-112552","post","type-post","status-publish","format-standard","hentry","category-actualite","category-tunisie"],"_links":{"self":[{"href":"https:\/\/linitiative.ca\/International\/wp-json\/wp\/v2\/posts\/112552","targetHints":{"allow":["GET"]}}],"collection":[{"href":"https:\/\/linitiative.ca\/International\/wp-json\/wp\/v2\/posts"}],"about":[{"href":"https:\/\/linitiative.ca\/International\/wp-json\/wp\/v2\/types\/post"}],"author":[{"embeddable":true,"href":"https:\/\/linitiative.ca\/International\/wp-json\/wp\/v2\/users\/1772"}],"replies":[{"embeddable":true,"href":"https:\/\/linitiative.ca\/International\/wp-json\/wp\/v2\/comments?post=112552"}],"version-history":[{"count":0,"href":"https:\/\/linitiative.ca\/International\/wp-json\/wp\/v2\/posts\/112552\/revisions"}],"wp:attachment":[{"href":"https:\/\/linitiative.ca\/International\/wp-json\/wp\/v2\/media?parent=112552"}],"wp:term":[{"taxonomy":"category","embeddable":true,"href":"https:\/\/linitiative.ca\/International\/wp-json\/wp\/v2\/categories?post=112552"},{"taxonomy":"post_tag","embeddable":true,"href":"https:\/\/linitiative.ca\/International\/wp-json\/wp\/v2\/tags?post=112552"}],"curies":[{"name":"wp","href":"https:\/\/api.w.org\/{rel}","templated":true}]}}