{"id":112557,"date":"2021-03-05T06:32:27","date_gmt":"2021-03-05T11:32:27","guid":{"rendered":"https:\/\/linitiative.ca\/International\/coronavirus-le-maroc-suspend-ses-liaisons-aeriennes-avec-lalgerie-et-legypte\/"},"modified":"2021-03-05T06:32:27","modified_gmt":"2021-03-05T11:32:27","slug":"coronavirus-le-maroc-suspend-ses-liaisons-aeriennes-avec-lalgerie-et-legypte","status":"publish","type":"post","link":"https:\/\/linitiative.ca\/International\/coronavirus-le-maroc-suspend-ses-liaisons-aeriennes-avec-lalgerie-et-legypte\/","title":{"rendered":"Coronavirus : le Maroc suspend ses liaisons a\u00e9riennes avec l\u2019Alg\u00e9rie et l\u2019Egypte"},"content":{"rendered":"<p><strong>Le Maroc suspend <strong>jusqu\u2019au 21 mars 2021<\/strong> ses liaisons a\u00e9riennes avec l\u2019Alg\u00e9rie et l\u2019Egypte. Les d\u00e9tails.\u00a0<\/strong><\/p>\n<div class=\"c10\">\n<\/div>\n<p>L\u2019Office national des a\u00e9roports a annonc\u00e9 sur sa page Facebook la suspension des liaisons a\u00e9riennes liant le Maroc \u00e0\u00a0l\u2019Alg\u00e9rie et \u00e0 l\u2019Egypte.<\/p>\n<p><strong>Lire aussi |<\/strong><a href=\"https:\/\/www.challenge.ma\/kamal-lahlou-reelu-a-lunanimite-a-la-tete-de-la-fmm-177109\/\"><strong>Kamal Lahlou r\u00e9\u00e9lu \u00e0 l\u2019unanimit\u00e9 \u00e0 la t\u00eate de la FMM<\/strong><\/a><\/p>\n<div class=\"fb-post\" data-href=\"https:\/\/www.facebook.com\/OFFICENATIONALDESAEROPORTS\/posts\/803820156896595\" data-width=\"500\" data-show-text=\"true\">\n<blockquote cite=\"https:\/\/www.facebook.com\/OFFICENATIONALDESAEROPORTS\/posts\/803820156896595\" class=\"fb-xfbml-parse-ignore\">\n<p>Suspension par les autorit\u00e9s marocaines des vols en provenance et \u00e0 destination de l&rsquo;Alg\u00e9rie et de l&rsquo;\u00c9gypte et ce, jusqu\u2026<\/p>\n<p>Publi\u00e9e par <a href=\"https:\/\/www.facebook.com\/OFFICENATIONALDESAEROPORTS\/\">Office National Des A\u00e9roports<\/a> sur\u00a0<a href=\"https:\/\/www.facebook.com\/OFFICENATIONALDESAEROPORTS\/posts\/803820156896595\">Jeudi 4 mars 2021<\/a><\/p><\/blockquote>\n<\/div>\n<p>Rappelons que le Royaume a suspendu les vols en provenance et \u00e0 destination de 18 autres pays. Il s\u2019agit de l\u2019Italie, la Belgique, la Turquie, la Suisse, l\u2019Allemagne, les Pays-Bas, l\u2019Autriche, le Portugal, la Su\u00e8de, l\u2019Ukraine, la R\u00e9publique Tch\u00e8que, l\u2019Australie, l\u2019Irlande, la Nouvelle Z\u00e9lande, l\u2019Afrique du Sud, le Danemark, le Royaume-Uni et le Br\u00e9sil.<\/p>\n<p>Cette d\u00e9cision vise \u00e0 \u00e9pauler les efforts consentis pour limiter la propagation des variants du coronavirus au Royaume.<\/p>\n<p><strong>Lire aussi |\u00a0<a rel=\"noreferrer noopener\" href=\"https:\/\/www.challenge.ma\/rajesh-vaishnaw-nomme-ambassadeur-de-linde-au-maroc-177100\/\" target=\"_blank\">Rajesh Vaishnaw nomm\u00e9 ambassadeur de l\u2019Inde au Maroc<\/a><\/strong><\/p>\n<p>Auteur: Hajar DARI<br \/>\n<a href=\"https:\/\/www.challenge.ma\/coronavirus-le-maroc-suspend-ses-liaisons-aeriennes-avec-lalgerie-et-legypte-177120\/\">Cliquez ici pour lire l&rsquo;article depuis sa source.<\/a><\/p>\n","protected":false},"excerpt":{"rendered":"<p>Le Maroc suspend jusqu\u2019au 21 mars 2021 ses liaisons a\u00e9riennes avec l\u2019Alg\u00e9rie et l\u2019Egypte. Les d\u00e9tails.\u00a0 L\u2019Office national des a\u00e9roports a annonc\u00e9 sur sa page Facebook la suspension des liaisons a\u00e9riennes liant le Maroc \u00e0\u00a0l\u2019Alg\u00e9rie et \u00e0 l\u2019Egypte. Lire aussi |Kamal Lahlou r\u00e9\u00e9lu \u00e0 l\u2019unanimit\u00e9 \u00e0 la t\u00eate de la FMM Suspension par les autorit\u00e9s [&hellip;]<\/p>\n","protected":false},"author":1787,"featured_media":0,"comment_status":"closed","ping_status":"closed","sticky":false,"template":"","format":"standard","meta":{"fifu_image_url":"","fifu_image_alt":"","footnotes":""},"categories":[78,54],"tags":[],"class_list":["post-112557","post","type-post","status-publish","format-standard","hentry","category-economie","category-maroc"],"_links":{"self":[{"href":"https:\/\/linitiative.ca\/International\/wp-json\/wp\/v2\/posts\/112557","targetHints":{"allow":["GET"]}}],"collection":[{"href":"https:\/\/linitiative.ca\/International\/wp-json\/wp\/v2\/posts"}],"about":[{"href":"https:\/\/linitiative.ca\/International\/wp-json\/wp\/v2\/types\/post"}],"author":[{"embeddable":true,"href":"https:\/\/linitiative.ca\/International\/wp-json\/wp\/v2\/users\/1787"}],"replies":[{"embeddable":true,"href":"https:\/\/linitiative.ca\/International\/wp-json\/wp\/v2\/comments?post=112557"}],"version-history":[{"count":0,"href":"https:\/\/linitiative.ca\/International\/wp-json\/wp\/v2\/posts\/112557\/revisions"}],"wp:attachment":[{"href":"https:\/\/linitiative.ca\/International\/wp-json\/wp\/v2\/media?parent=112557"}],"wp:term":[{"taxonomy":"category","embeddable":true,"href":"https:\/\/linitiative.ca\/International\/wp-json\/wp\/v2\/categories?post=112557"},{"taxonomy":"post_tag","embeddable":true,"href":"https:\/\/linitiative.ca\/International\/wp-json\/wp\/v2\/tags?post=112557"}],"curies":[{"name":"wp","href":"https:\/\/api.w.org\/{rel}","templated":true}]}}