{"id":112559,"date":"2021-03-05T08:19:02","date_gmt":"2021-03-05T13:19:02","guid":{"rendered":"https:\/\/linitiative.ca\/International\/21-personnes-arretees-pour-trafic-international-diphones-au-maroc\/"},"modified":"2021-03-05T08:19:02","modified_gmt":"2021-03-05T13:19:02","slug":"21-personnes-arretees-pour-trafic-international-diphones-au-maroc","status":"publish","type":"post","link":"https:\/\/linitiative.ca\/International\/21-personnes-arretees-pour-trafic-international-diphones-au-maroc\/","title":{"rendered":"21 personnes arr\u00eat\u00e9es pour trafic international d\u2019Iphones au Maroc"},"content":{"rendered":"<p><strong>Les services s\u00e9curitaires marocains ont proc\u00e9d\u00e9 \u00e0 l\u2019arrestation\u00a0de\u00a021 individus, suite au d\u00e9mant\u00e8lement d\u2019un large r\u00e9seau international de trafic de t\u00e9l\u00e9phones portables, d\u2019ordinateurs, de tablettes, d\u2019ardoises num\u00e9riques et d\u2019autres accessoires \u00e9lectroniques.<\/strong><\/p>\n<div class=\"c10\">\n<\/div>\n<p>Ces t\u00e9l\u00e9phones portables \u00e9taient destin\u00e9s \u00e0 la vente, notamment \u00e0 Derb Ghallef, apr\u00e8s falsification des num\u00e9ros de s\u00e9rie et l\u2019emballage des appareils.<\/p>\n<p>Apr\u00e8s la neutralisation de ce r\u00e9seau de trafic international, il a \u00e9t\u00e9 proc\u00e9d\u00e9 \u00e0 la saisie de 2.496 t\u00e9l\u00e9phones portables, 51 montres \u00e0 main, 7 ordinateurs portables, 18 tablettes et d\u2019autres accessoires, ainsi que 4 voitures. \u00a0De m\u00eame, une somme de 931.870 dirhams a \u00e9t\u00e9 saisie chez les personnes interpell\u00e9es. Ces \u00e9quipements \u00e9lectroniques ont \u00e9t\u00e9 ill\u00e9galement introduits au Maroc \u00e0 partir de l\u2019Espagne.<\/p>\n<p><strong>Lire aussi |<\/strong><a href=\"https:\/\/www.challenge.ma\/coronavirus-le-maroc-suspend-ses-liaisons-aeriennes-avec-lalgerie-et-legypte-177120\/\"><strong>Coronavirus : le Maroc suspend ses liaisons a\u00e9riennes avec l\u2019Alg\u00e9rie et l\u2019Egypte<\/strong><\/a><\/p>\n<p>Ce r\u00e9seau de trafic international, a \u00e9t\u00e9 neutralis\u00e9 par les services de s\u00e9curit\u00e9 sur la base d\u2019informations pr\u00e9cises fournies par la direction g\u00e9n\u00e9rale de surveillance du territoire (DST).<\/p>\n<p>Rappelons que cette enqu\u00eate a d\u00e9marr\u00e9 le 8 f\u00e9vrier dernier suite \u00e0 la saisie, au port de Tanger Med, d\u2019une importante quantit\u00e9 de t\u00e9l\u00e9phones de derni\u00e8re g\u00e9n\u00e9ration, d\u2019une valeur de 6 millions de dirhams.\u00a0<\/p>\n<p><strong>Lire aussi |<\/strong><a href=\"https:\/\/www.challenge.ma\/votre-e-magazine-challenge-du-vendredi-5-mars-2021-177088\/\"><strong>Votre e-magazine Challenge du vendredi 5 mars 2021<\/strong><\/a><\/p>\n<p>Auteur: challenge<br \/>\n<a href=\"https:\/\/www.challenge.ma\/21-personnes-arretees-pour-trafic-international-diphones-au-maroc-177131\/\">Cliquez ici pour lire l&rsquo;article depuis sa source.<\/a><\/p>\n","protected":false},"excerpt":{"rendered":"<p>Les services s\u00e9curitaires marocains ont proc\u00e9d\u00e9 \u00e0 l\u2019arrestation\u00a0de\u00a021 individus, suite au d\u00e9mant\u00e8lement d\u2019un large r\u00e9seau international de trafic de t\u00e9l\u00e9phones portables, d\u2019ordinateurs, de tablettes, d\u2019ardoises num\u00e9riques et d\u2019autres accessoires \u00e9lectroniques. Ces t\u00e9l\u00e9phones portables \u00e9taient destin\u00e9s \u00e0 la vente, notamment \u00e0 Derb Ghallef, apr\u00e8s falsification des num\u00e9ros de s\u00e9rie et l\u2019emballage des appareils. Apr\u00e8s la neutralisation [&hellip;]<\/p>\n","protected":false},"author":1787,"featured_media":0,"comment_status":"closed","ping_status":"closed","sticky":false,"template":"","format":"standard","meta":{"fifu_image_url":"","fifu_image_alt":"","footnotes":""},"categories":[78,54],"tags":[],"class_list":["post-112559","post","type-post","status-publish","format-standard","hentry","category-economie","category-maroc"],"_links":{"self":[{"href":"https:\/\/linitiative.ca\/International\/wp-json\/wp\/v2\/posts\/112559","targetHints":{"allow":["GET"]}}],"collection":[{"href":"https:\/\/linitiative.ca\/International\/wp-json\/wp\/v2\/posts"}],"about":[{"href":"https:\/\/linitiative.ca\/International\/wp-json\/wp\/v2\/types\/post"}],"author":[{"embeddable":true,"href":"https:\/\/linitiative.ca\/International\/wp-json\/wp\/v2\/users\/1787"}],"replies":[{"embeddable":true,"href":"https:\/\/linitiative.ca\/International\/wp-json\/wp\/v2\/comments?post=112559"}],"version-history":[{"count":0,"href":"https:\/\/linitiative.ca\/International\/wp-json\/wp\/v2\/posts\/112559\/revisions"}],"wp:attachment":[{"href":"https:\/\/linitiative.ca\/International\/wp-json\/wp\/v2\/media?parent=112559"}],"wp:term":[{"taxonomy":"category","embeddable":true,"href":"https:\/\/linitiative.ca\/International\/wp-json\/wp\/v2\/categories?post=112559"},{"taxonomy":"post_tag","embeddable":true,"href":"https:\/\/linitiative.ca\/International\/wp-json\/wp\/v2\/tags?post=112559"}],"curies":[{"name":"wp","href":"https:\/\/api.w.org\/{rel}","templated":true}]}}