{"id":112560,"date":"2021-03-05T11:28:27","date_gmt":"2021-03-05T16:28:27","guid":{"rendered":"https:\/\/linitiative.ca\/International\/partenariat-maroco-israelien-un-mariage-strategique\/"},"modified":"2021-03-05T11:28:27","modified_gmt":"2021-03-05T16:28:27","slug":"partenariat-maroco-israelien-un-mariage-strategique","status":"publish","type":"post","link":"https:\/\/linitiative.ca\/International\/partenariat-maroco-israelien-un-mariage-strategique\/","title":{"rendered":"Partenariat maroco-isra\u00e9lien : un mariage strat\u00e9gique"},"content":{"rendered":"<p><strong>La reprise des relations entre le Royaume du Maroc et l\u2019Etat h\u00e9breux commence d\u00e9j\u00e0 \u00e0 apporter ses premiers fruits. Ce partenariat ne profiterait pas seulement \u00e0 ces deux parties, mais \u00e9galement -et c\u2019est tr\u00e8s important de le proph\u00e9tiser- aux r\u00e9gions avoisinantes : M\u00e9diterran\u00e9e, Afrique ou encore Moyen-Orient.\u00a0<\/strong><\/p>\n<div class=\"c10\">\n<\/div>\n<p>H\u00e9ritage de liens s\u00e9culaires ancr\u00e9s entre le Maroc et Isra\u00ebl, les deux pays fr\u00e8res et amis, devraient, cette fois-ci, r\u00e9fl\u00e9chir \u00e0 la mise en place d\u2019une feuille de route -non pas imm\u00e9diate et ponctuelle- mais plut\u00f4t \u00e9tal\u00e9e sur le long terme.\u00a0Pays amis, compte tenu qu\u2019ils se sont toujours entraid\u00e9s\u2026\u00a0<\/p>\n<p>Pays fr\u00e8res, dans la mesure o\u00f9 la communaut\u00e9 juive avait marqu\u00e9 sa pr\u00e9sence sur le territoire marocain depuis le IIe si\u00e8cle av. J.-C. et o\u00f9 actuellement plus de 800.000 marocains vivent dans l\u2019Etat h\u00e9breux (constituant ainsi l\u2019une des plus grandes communaut\u00e9s vivant en Isra\u00ebl).\u00a0 Dans son ouvrage paru en d\u00e9cembre 2003, intitul\u00e9 \u00ab La M\u00e9diterran\u00e9e des Juifs-Exodes et enracinements \u00bb, l\u2019auteur Simon L\u00e9vy \u00e9crit que les juifs sont \u00ab naturellement membres de la nation marocaine, g\u00e9rant leur vie religieuse librement, votant, \u00e9tant \u00e9lus, officiers, juges, ministres, conseillers du Roi ou militants d\u2019opposition, respect\u00e9s par tous, qu\u2019ils vont abandonner peu \u00e0 peu ou par vagues leur terre natale emmenant avec eux des morceaux de civilisation marocaine aux quatre coins du monde \u00bb.\u00a0<\/p>\n<p><strong>Lire aussi | <a href=\"https:\/\/www.challenge.ma\/des-femmes-qui-comptent-177093\/\" target=\"_blank\" rel=\"noreferrer noopener\">Des femmes qui comptent<\/a><\/strong><\/p>\n<p>Ce qui explique, de mani\u00e8re tr\u00e8s perceptible, la grande confiance que le Royaume accorde aux ressortissants marocains de confession juive, non pas certes dans une p\u00e9riode de r\u00e8gne bien d\u00e9termin\u00e9e, mais depuis tr\u00e8s longue date.\u00a0Que ce soit Andr\u00e9 Azoulay, conseiller de S.M le Roi Mohammed VI, Serge Berdugo, nomm\u00e9 par Feu S.M. le Roi Hassan II ministre du Tourisme ou encore L\u00e9on Benzaquen, nomm\u00e9 par Feu S.M. le Roi Mohammed VI ministre des PTT, les augustes sultans marocains se sont toujours entour\u00e9s de hautes personnalit\u00e9s nationales de confession juive.\u00a0 Ainsi et en nombre, la pr\u00e9sence de juifs marocains dans le pays ou \u00e0 travers le monde est fortement significative.\u00a0\u00c0 noter, qu\u2019en 1948, 268.000 juifs vivaient au Royaume, contre \u00e0 peine 140.000 en Alg\u00e9rie et 110.000 en Tunisie.\u00a0 Aujourd\u2019hui, les juifs marocains constituent la plus grande communaut\u00e9 juive du monde arabe, sans omettre de souligner la forte implication de juifs marocains, dans les cinq continents, dans la cr\u00e9ation d\u2019associations et de lieux de rencontre, visant \u00e0 promouvoir une r\u00e9elle culture jud\u00e9o-marocaine.\u00a0<\/p>\n<p>Il n\u2019en demeure pas moins non plus les nombreuses chaires qui s\u2019int\u00e9ressent \u00e0 \u00e9tudier en profondeur toute cette richesse existante dans ce mariage r\u00e9ussi de cultures et de confessions.\u00a0<\/p>\n<p><strong>S.M. le Roi : pr\u00e9curseur du dialogue interreligieux<\/strong><\/p>\n<p>Dans son discours prononc\u00e9 le 30 mars 2019, \u00e0 l\u2019occasion de la visite du pape Fran\u00e7ois, S.M. le Roi Mohammed VI, Amir Al Mouminine, a bel et bien soulign\u00e9 que la r\u00e9ponse face au radicalisme n\u2019est ni militaire ni \u00e9ducationnelle, mais plut\u00f4t bas\u00e9e sur la paix entre les trois religions abrahamiques.\u00a0<\/p>\n<p>Ci-apr\u00e8s, un Extrait de ladite Allocution :\u00a0\u00ab Dans ce monde en qu\u00eate de rep\u00e8res, le Royaume du Maroc n\u2019a jamais cess\u00e9 de clamer, d\u2019enseigner et de vivre au quotidien la Fraternit\u00e9 des fils d\u2019Abraham \u2013 pilier fondateur de la tr\u00e8s riche diversit\u00e9 de la civilisation marocaine \u2026.. En tant que Commandeur des Croyants, Je ne peux parler de Terre d\u2019Islam, comme si n\u2019y vivaient que des musulmans. Je veille, effectivement, au libre exercice des religions du Livre et Je le garantis. Je prot\u00e8ge les juifs marocains et les chr\u00e9tiens d\u2019autres pays qui vivent au Maroc \u00bb.\u00a0 Un message tr\u00e8s fort et largement significatif prononc\u00e9 par la tr\u00e8s Haute Autorit\u00e9 du pays, qui d\u00e9montre \u00e0 la communaut\u00e9 internationale, avec un langage simple, direct et transparent, que le Royaume du Maroc, avec son grand c\u0153ur, est constamment engag\u00e9 dans la sensibilisation de tous les pays \u00e0 poursuivre le dialogue entre les civilisations, \u00e0 s\u2019ouvrir aux communications culturelles et \u00e0 promouvoir une paix interreligieuse.\u00a0 L\u2019union de tous les Marocains, par-del\u00e0 les confessions, en est un exemple \u00e9loquent, dont devraient s\u2019en impr\u00e9gner tous les pays.\u00a0<\/p>\n<p><strong>Lire aussi | <a href=\"https:\/\/www.challenge.ma\/coronavirus-le-maroc-suspend-ses-liaisons-aeriennes-avec-lalgerie-et-legypte-177120\/\" target=\"_blank\" rel=\"noreferrer noopener\">Coronavirus : le Maroc suspend ses liaisons a\u00e9riennes avec l\u2019Alg\u00e9rie et l\u2019\u00c9gypte<\/a><\/strong><\/p>\n<p>Pourtant, combien d\u2019\u00c9tats, compl\u00e8tement d\u00e9sint\u00e9ress\u00e9s par le sort de leurs populations, ne cherchent nullement \u00e0 accepter une telle r\u00e9alit\u00e9.\u00a0 Au lieu de se pencher sur les r\u00e9formes \u00e9conomiques prioritaires pour lib\u00e9rer son pays de sa d\u00e9pendance aux hydrocarbures \u2013 industrie qui se retrouve elle-m\u00eame en pleine crise, avec un cours du p\u00e9trole subissant une forte chute \u2013 ou encore de lancer des chantiers visant \u00e0 am\u00e9liorer les perspectives de la jeunesse alg\u00e9rienne, Tebboune vient encourager la promulgation d\u2019une loi incriminant la normalisation entre l\u2019Alg\u00e9rie et Isra\u00ebl !\u00a0 Et ce septuag\u00e9naire ne s\u2019arr\u00eate pas l\u00e0 pour critiquer, \u00e0 haute voix, la reprise des relations maroco-isra\u00e9liennes.\u00a0 Ce qui d\u00e9montre, une fois de plus, toute cette jalousie et toute cette peur qui le hantent, de se retrouver devant un Royaume du Maroc fort \u00e9conomiquement, militairement et strat\u00e9giquement.\u00a0<\/p>\n<p>Pourtant son pr\u00e9d\u00e9cesseur ou identique (aussi vieillard, avec une sant\u00e9 fragile : principaux crit\u00e8res dans le choix des pr\u00e9sidents alg\u00e9riens) comme diraient certains, aurait, au moins eu le courage de reconna\u00eetre le r\u00f4le important jou\u00e9 par les juifs, en pronon\u00e7ant, quelques mois apr\u00e8s son accession au pouvoir en juillet 1999, dans l\u2019un de ses discours \u00e0 Constantine, que \u00ab Les habitants juifs de la ville ont, pour leur part, jou\u00e9 un r\u00f4le positif dans la pr\u00e9servation de patrimoine commun : coutumes, v\u00eatements, art culinaire et vie artistique, dit-il. C\u2019est ainsi que Constantine donna naissance \u00e0 de grands musiciens et chanteurs juifs dans le domaine de la musique classique alg\u00e9rienne \u00bb.\u00a0<\/p>\n<p>Tout \u00e7a n\u2019est que de la pure hypocrisie ! D\u2019ailleurs, l\u2019Alg\u00e9rie se retrouve aux c\u00f4t\u00e9s de l\u2019Etat h\u00e9bra\u00efque dans plusieurs enceintes internationales, pour ne citer que la Banque des R\u00e8glements Internationaux o\u00f9 la pr\u00e9sence n\u2019est que facultative et non pas n\u00e9cessaire.<\/p>\n<p><strong>La nomination du Dr David Guvrin n\u2019est pas un hasard<\/strong><\/p>\n<figure class=\"wp-block-gallery columns-1 is-cropped\">\n<ul class=\"blocks-gallery-grid\">\n<li class=\"blocks-gallery-item\">\n<figure><img decoding=\"async\" loading=\"lazy\" width=\"704\" height=\"440\" src=\"https:\/\/www.challenge.ma\/wp-content\/uploads\/2021\/03\/MH-01-mars-2021-14H21-3-4.jpg\" alt=\"\" data-id=\"177163\" data-full-url=\"https:\/\/www.challenge.ma\/wp-content\/uploads\/2021\/03\/MH-01-mars-2021-14H21-3-4.jpg\" data-link=\"https:\/\/www.challenge.ma\/?attachment_id=177163\" class=\"wp-image-177163\" srcset=\"https:\/\/www.challenge.ma\/wp-content\/uploads\/2021\/03\/MH-01-mars-2021-14H21-3-4.jpg 704w, https:\/\/www.challenge.ma\/wp-content\/uploads\/2021\/03\/MH-01-mars-2021-14H21-3-4-300x188.jpg 300w, https:\/\/www.challenge.ma\/wp-content\/uploads\/2021\/03\/MH-01-mars-2021-14H21-3-4-360x225.jpg 360w\" sizes=\"auto, (max-width: 704px) 100vw, 704px\"\/><figcaption class=\"blocks-gallery-item__caption\">Dr David Guvrin en compagnie de David Toledano, chef de la communaut\u00e9 juive \u00e0 Rabat<\/figcaption><\/figure>\n<\/li>\n<\/ul>\n<\/figure>\n<p>L\u2019Etat h\u00e9breux n\u2019a pas h\u00e9sit\u00e9 \u00e0 d\u00e9p\u00eacher au Royaume du Maroc un Ambassadeur, digne de ce nom, qui propulserait les relations maroco-isra\u00e9liennes.\u00a0 Fils de diplomate et ayant fait ses preuves au Caire, en qualit\u00e9 d\u2019Ambassadeur, ses sorties m\u00e9diatiques en disent tout. Il est l\u00e0 pour dynamiser ce partenariat et faire non pas r\u00e9ussir ce mariage, mais lui permettre \u00abd\u2019enfanter\u00bb des projets strat\u00e9giques.\u00a0Certes, la volont\u00e9 commune du Royaume du Maroc et d\u2019Isra\u00ebl, visant \u00e0 d\u00e9velopper leur coop\u00e9ration sur tous les plans, est indiscutable mais l\u2019int\u00e9r\u00eat d\u2019avoir un Ambassadeur, digne de ce nom, qui jouerait un r\u00f4le propulseur, est aussi important.\u00a0<\/p>\n<p><strong>Lire aussi | <a href=\"https:\/\/www.challenge.ma\/kamal-lahlou-reelu-a-lunanimite-a-la-tete-de-la-fmm-177109\/\" target=\"_blank\" rel=\"noreferrer noopener\">Kamal Lahlou r\u00e9\u00e9lu \u00e0 l\u2019unanimit\u00e9 \u00e0 la t\u00eate de la FMM<\/a><\/strong><\/p>\n<p>Aujourd\u2019hui, il serait fort opportun de bien ficeler, juridiquement, toutes les conventions et accords de partenariat qui seraient conclus \u00e0 l\u2019avenir, pour \u00e9viter toute rupture et\/ou toute s\u00e9paration, \u00e0 l\u2019exemple de ce qui s\u2019\u00e9tait produit il y a, de cela, plus de vingt ans.\u00a0Dans une autre perspective, conna\u00eetre l\u2019histoire et la culture juives est important pour les jeunes marocains. Ce qui permettrait de renforcer les liens d\u00e9j\u00e0 existants entre les deux pays amis et fr\u00e8res.\u00a0A ce titre, le minist\u00e8re de l\u2019\u00c9ducation nationale n\u2019a pas manqu\u00e9 d\u2019inscrire dans le programme p\u00e9dagogique primaire, un cours qui puisse int\u00e9grer cette th\u00e9matique.\u00a0<\/p>\n<p>Des initiatives, bien que paraissant peu significatives, en disent beaucoup ! Et c\u2019est ainsi, que pourraient perdurer des liens bas\u00e9s sur le long terme et permettre d\u2019appr\u00e9cier toutes les richesses jud\u00e9o-musulmane et maroco-isra\u00e9lienne.\u00a0 Serait-il aussi, fort opportun, d\u2019envisager l\u2019ouverture d\u2019un Mus\u00e9e africain, \u00e0 installer \u00e0 Rabat et qui serait d\u00e9di\u00e9 \u00e0 l\u2019histoire des juifs de l\u2019Afrique, \u00e0 l\u2019exemple du Mus\u00e9e d\u2019art et d\u2019histoire du Juda\u00efsme qui est install\u00e9 dans le prestigieux cadre de l\u2019h\u00f4tel de Saint-Aignan, au c\u0153ur du Marais \u00e0 Paris.\u00a0<\/p>\n<p><strong>Par Mehdi Hijaoui, expert en s\u00e9curit\u00e9, d\u00e9fense et strat\u00e9gie<\/strong><\/p>\n<div class=\"vw-sticky-sidebar-wrapper vw-sticky-sidebar widget_text awac-wrapper widget_text awac widget custom_html-4 textwidget custom-html-widget\">\n<p class=\"has-background c12\"><span class=\"widget-title c11\">Tribune et D\u00e9bats<\/span><\/p>\n<p>La tribune qui vous parle d\u2019une actu, d\u2019un sujet qui fait d\u00e9bat, les traite et les analyse. \u00c9conomistes et autres experts, patrons d\u2019entreprises, d\u00e9cideurs, acteurs de la soci\u00e9t\u00e9 civile, s\u2019y prononcent et contribuent \u00e0 sa grande richesse. Vous avez votre opinion, convergente ou diff\u00e9rente. Exprimez-la et mesurez-vous ainsi \u00e0 nos tribuns et d\u00e9batteurs.<\/p>\n<p>Envoyez vos analyses \u00e0 : <a href=\"\/cdn-cgi\/l\/email-protection#096a66677d686a7d496a616865656c676e6c276468\"><span class=\"__cf_email__\" data-cfemail=\"680b07061c090b1c280b000904040d060f0d460509\">[email\u00a0protected]<\/span><\/a>, en pr\u00e9cisant votre nom, votre pr\u00e9nom et votre m\u00e9tier.<\/p>\n<\/div>\n<p>Auteur: challenge<br \/>\n<a href=\"https:\/\/www.challenge.ma\/partenariat-maroco-israelien-un-mariage-strategique-177155\/\">Cliquez ici pour lire l&rsquo;article depuis sa source.<\/a><\/p>\n","protected":false},"excerpt":{"rendered":"<p>La reprise des relations entre le Royaume du Maroc et l\u2019Etat h\u00e9breux commence d\u00e9j\u00e0 \u00e0 apporter ses premiers fruits. Ce partenariat ne profiterait pas seulement \u00e0 ces deux parties, mais \u00e9galement -et c\u2019est tr\u00e8s important de le proph\u00e9tiser- aux r\u00e9gions avoisinantes : M\u00e9diterran\u00e9e, Afrique ou encore Moyen-Orient.\u00a0 H\u00e9ritage de liens s\u00e9culaires ancr\u00e9s entre le Maroc [&hellip;]<\/p>\n","protected":false},"author":1787,"featured_media":0,"comment_status":"closed","ping_status":"closed","sticky":false,"template":"","format":"standard","meta":{"fifu_image_url":"https:\/\/www.challenge.ma\/wp-content\/uploads\/2021\/03\/MH-01-mars-2021-14H21-3-4.jpg","fifu_image_alt":"Partenariat maroco-isra\u00e9lien : un mariage strat\u00e9gique","footnotes":""},"categories":[78,54],"tags":[],"class_list":["post-112560","post","type-post","status-publish","format-standard","hentry","category-economie","category-maroc"],"_links":{"self":[{"href":"https:\/\/linitiative.ca\/International\/wp-json\/wp\/v2\/posts\/112560","targetHints":{"allow":["GET"]}}],"collection":[{"href":"https:\/\/linitiative.ca\/International\/wp-json\/wp\/v2\/posts"}],"about":[{"href":"https:\/\/linitiative.ca\/International\/wp-json\/wp\/v2\/types\/post"}],"author":[{"embeddable":true,"href":"https:\/\/linitiative.ca\/International\/wp-json\/wp\/v2\/users\/1787"}],"replies":[{"embeddable":true,"href":"https:\/\/linitiative.ca\/International\/wp-json\/wp\/v2\/comments?post=112560"}],"version-history":[{"count":0,"href":"https:\/\/linitiative.ca\/International\/wp-json\/wp\/v2\/posts\/112560\/revisions"}],"wp:attachment":[{"href":"https:\/\/linitiative.ca\/International\/wp-json\/wp\/v2\/media?parent=112560"}],"wp:term":[{"taxonomy":"category","embeddable":true,"href":"https:\/\/linitiative.ca\/International\/wp-json\/wp\/v2\/categories?post=112560"},{"taxonomy":"post_tag","embeddable":true,"href":"https:\/\/linitiative.ca\/International\/wp-json\/wp\/v2\/tags?post=112560"}],"curies":[{"name":"wp","href":"https:\/\/api.w.org\/{rel}","templated":true}]}}