{"id":112561,"date":"2021-03-05T12:14:34","date_gmt":"2021-03-05T17:14:34","guid":{"rendered":"https:\/\/linitiative.ca\/International\/evolution-du-coronavirus-au-maroc-420-nouveaux-cas-485-567%e2%80%8b-au-total-vendredi-5-mars-2021-a-18-heures\/"},"modified":"2021-03-05T12:14:34","modified_gmt":"2021-03-05T17:14:34","slug":"evolution-du-coronavirus-au-maroc-420-nouveaux-cas-485-567%e2%80%8b-au-total-vendredi-5-mars-2021-a-18-heures","status":"publish","type":"post","link":"https:\/\/linitiative.ca\/International\/evolution-du-coronavirus-au-maroc-420-nouveaux-cas-485-567%e2%80%8b-au-total-vendredi-5-mars-2021-a-18-heures\/","title":{"rendered":"\u00c9volution du coronavirus au Maroc : 420 nouveaux cas, 485.567\u200b au total, vendredi 5 mars 2021 \u00e0 18 heures"},"content":{"rendered":"<p><strong>420 <strong>nouveaux cas d\u2019infection au coronavirus ont \u00e9t\u00e9 confirm\u00e9s au Maroc durant les derni\u00e8res 24h, portant le nombre total de cas de contamination \u00e0 485.567, a annonc\u00e9 le minist\u00e8re de la Sant\u00e9.<\/strong>\u00a0<strong>Le nombre de personnes d\u00e9clar\u00e9es gu\u00e9ries<\/strong>\u00a0<strong>s\u2019est \u00e9lev\u00e9 \u00e0<\/strong> 471.410\u00a0<strong>avec<\/strong> 477\u00a0<strong>r\u00e9missions suppl\u00e9mentaires, alors que le nombre de d\u00e9c\u00e8s a \u00e9t\u00e9 port\u00e9 \u00e0<\/strong>\u00a08673<\/strong> <strong><strong>avec 4 nouveaux morts.<\/strong><\/strong><\/p>\n<div class=\"c10\">\n<\/div>\n<p><strong>Lire aussi |<\/strong> <a rel=\"noreferrer noopener\" aria-label=\"Ce que vous devez savoir sur le coronavirus (opens in a new tab)\" href=\"https:\/\/www.challenge.ma\/ce-que-vous-devez-savoir-sur-le-coronavirus-134568\/\" target=\"_blank\"><strong>Ce que vous devez savoir sur le coronavirus<\/strong><\/a><\/p>\n<p>Auteur: Karim Handaoui<br \/>\n<a href=\"https:\/\/www.challenge.ma\/evolution-du-coronavirus-au-maroc-420-nouveaux-cas-485-567%E2%80%8B-au-total-vendredi-5-mars-2021-a-18-heures-177170\/\">Cliquez ici pour lire l&rsquo;article depuis sa source.<\/a><\/p>\n","protected":false},"excerpt":{"rendered":"<p>420 nouveaux cas d\u2019infection au coronavirus ont \u00e9t\u00e9 confirm\u00e9s au Maroc durant les derni\u00e8res 24h, portant le nombre total de cas de contamination \u00e0 485.567, a annonc\u00e9 le minist\u00e8re de la Sant\u00e9.\u00a0Le nombre de personnes d\u00e9clar\u00e9es gu\u00e9ries\u00a0s\u2019est \u00e9lev\u00e9 \u00e0 471.410\u00a0avec 477\u00a0r\u00e9missions suppl\u00e9mentaires, alors que le nombre de d\u00e9c\u00e8s a \u00e9t\u00e9 port\u00e9 \u00e0\u00a08673 avec 4 nouveaux [&hellip;]<\/p>\n","protected":false},"author":1787,"featured_media":0,"comment_status":"closed","ping_status":"closed","sticky":false,"template":"","format":"standard","meta":{"fifu_image_url":"","fifu_image_alt":"","footnotes":""},"categories":[78,54],"tags":[],"class_list":["post-112561","post","type-post","status-publish","format-standard","hentry","category-economie","category-maroc"],"_links":{"self":[{"href":"https:\/\/linitiative.ca\/International\/wp-json\/wp\/v2\/posts\/112561","targetHints":{"allow":["GET"]}}],"collection":[{"href":"https:\/\/linitiative.ca\/International\/wp-json\/wp\/v2\/posts"}],"about":[{"href":"https:\/\/linitiative.ca\/International\/wp-json\/wp\/v2\/types\/post"}],"author":[{"embeddable":true,"href":"https:\/\/linitiative.ca\/International\/wp-json\/wp\/v2\/users\/1787"}],"replies":[{"embeddable":true,"href":"https:\/\/linitiative.ca\/International\/wp-json\/wp\/v2\/comments?post=112561"}],"version-history":[{"count":0,"href":"https:\/\/linitiative.ca\/International\/wp-json\/wp\/v2\/posts\/112561\/revisions"}],"wp:attachment":[{"href":"https:\/\/linitiative.ca\/International\/wp-json\/wp\/v2\/media?parent=112561"}],"wp:term":[{"taxonomy":"category","embeddable":true,"href":"https:\/\/linitiative.ca\/International\/wp-json\/wp\/v2\/categories?post=112561"},{"taxonomy":"post_tag","embeddable":true,"href":"https:\/\/linitiative.ca\/International\/wp-json\/wp\/v2\/tags?post=112561"}],"curies":[{"name":"wp","href":"https:\/\/api.w.org\/{rel}","templated":true}]}}