{"id":112563,"date":"2021-03-05T16:05:08","date_gmt":"2021-03-05T21:05:08","guid":{"rendered":"https:\/\/linitiative.ca\/International\/tunisie-yassine-ayari-menace-de-depasser-linlucc-et-de-transmettre-un-grave-dossier-de-malversation-au-ministere-de-linterieur-a-la-justice\/"},"modified":"2021-03-05T16:05:08","modified_gmt":"2021-03-05T21:05:08","slug":"tunisie-yassine-ayari-menace-de-depasser-linlucc-et-de-transmettre-un-grave-dossier-de-malversation-au-ministere-de-linterieur-a-la-justice","status":"publish","type":"post","link":"https:\/\/linitiative.ca\/International\/tunisie-yassine-ayari-menace-de-depasser-linlucc-et-de-transmettre-un-grave-dossier-de-malversation-au-ministere-de-linterieur-a-la-justice\/","title":{"rendered":"Tunisie \u2013 Yassine Ayari menace de d\u00e9passer l\u2019INLUCC et de transmettre un grave dossier de malversation au minist\u00e8re de l\u2019int\u00e9rieur \u00e0 la justice"},"content":{"rendered":"<div class=\"post-cont-in left relative\">\n<div id=\"post-info-wrap\" class=\"left relative post-info-out\">\n<div class=\"post-info-img left relative\"><img loading=\"lazy\" decoding=\"async\" alt=\"\" src=\"https:\/\/secure.gravatar.com\/avatar\/047123be9d5e8513774383916ee72db2?s=50&amp;d=mm&amp;r=g\" srcset=\"https:\/\/secure.gravatar.com\/avatar\/047123be9d5e8513774383916ee72db2?s=100&amp;d=mm&amp;r=g 2x\" class=\"avatar avatar-50 photo\" height=\"50\" width=\"50\"\/><\/div>\n<div class=\"post-info-in\">\n<div class=\"post-info-right left relative post-info-name left relative\"><span><span class=\"post-info-text\">Par<\/span> <span class=\"author-name vcard fn author\"><a href=\"https:\/\/www.tunisienumerique.com\/author\/lm\/\" title=\"Articles par LM\" rel=\"author\">LM<\/a><\/span><\/span> <span class=\"post-date updated\"><time class=\"post-date updated\" datetime=\"2021-03-05\">\u00a0| Il y a 1 heure<\/time><\/span><br \/>\n<meta itemprop=\"dateModified\" content=\"2021-03-05\"\/><\/div>\n<div class=\"left relative\"><button id=\"listenButton1\" class=\"responsivevoice-button\" type=\"button\" value=\"Play\" title=\"\u00c9coutez l'article\"><span>\ud83d\udd0a \u00c9coutez l&rsquo;article<\/span><\/button>\n<\/div>\n<\/div>\n<\/div>\n<p>Le d\u00e9put\u00e9 Yassine Ayari a averti, \u00e0 travers sa page facebook, l\u2019INLUC qu\u2019il lui accorde 10 jours, avant de la d\u00e9passer et de transmettre le dossier qu\u2019il a entre les mains, \u00e0 la justice.<\/p>\n<div class=\"code-block code-block-1 c4\">\n <ins class=\"adsbygoogle c3\" data-ad-layout=\"in-article\" data-ad-format=\"fluid\" data-ad-client=\"ca-pub-2102118777505746\" data-ad-slot=\"7301775417\"\/>\n<\/div>\n<p>Il a assur\u00e9 qu\u2019il avait pr\u00e9sent\u00e9 \u00e0 l\u2019INLUCC, un dossier contenant de graves d\u00e9passements et des malversations au niveau du minist\u00e8re de l\u2019int\u00e9rieur, en rapport avec des versements de primes ill\u00e9gales et autres.<\/p>\n<p>Ayari a assur\u00e9 qu\u2019il a trop attendu pour que l\u2019INLUCC donne suite \u00e0 son dossier, et qu\u2019il lui accorde dix jours de plus, avant de transmettre le dossier en question \u00e0 la justice.<\/p>\n<div class=\"swp_social_panel swp_horizontal_panel swp_flat_fresh swp_default_full_color swp_individual_full_color swp_other_full_color scale-100 scale-\" data-min-width=\"1100\" data-float-color=\"#ffffff\" data-float=\"bottom\" data-float-mobile=\"bottom\" data-transition=\"slide\">\n<div class=\"nc_tweetContainer swp_share_button total_shares total_sharesalt\"><span class=\"swp_count\">6 <span class=\"swp_label\">Partages<\/span><\/span><\/div>\n<\/div>\n<p><strong>Que se passe-t-il en Tunisie?<\/strong><br \/>Nous expliquons sur notre <a href=\"https:\/\/www.youtube.com\/channel\/UCRzypVq0B_yBad5eGrwBx0Q?sub_confirmation=1\" target=\"_blank\" rel=\"noopener\">cha\u00eene YouTube<\/a> . <a href=\"https:\/\/www.youtube.com\/channel\/UCRzypVq0B_yBad5eGrwBx0Q?sub_confirmation=1\" target=\"_blank\" rel=\"noopener\">Abonnez-vous!<\/a><\/p>\n<div class=\"mvp-org-wrap\" itemprop=\"publisher\">\n<div class=\"mvp-org-logo\" itemprop=\"logo\"><img decoding=\"async\" src=\"https:\/\/www.tunisienumerique.com\/wp-content\/uploads\/2017\/02\/logo_tunisie_numerique.png\"\/><br \/>\n<meta itemprop=\"url\" content=\"https:\/\/www.tunisienumerique.com\/wp-content\/uploads\/2017\/02\/logo_tunisie_numerique.png\"\/><\/div>\n<p><meta content=\"Tunisie Num\u00e9rique\"\/><\/div>\n<div class=\"mvp-related-posts left relative\">\n<h4 class=\"post-header\"><span class=\"post-header\">Lire aussi<\/span><\/h4>\n<\/div>\n<div id=\"article-ad\">\n <ins class=\"adsbygoogle c5\" data-ad-client=\"ca-pub-2102118777505746\" data-ad-slot=\"6513972734\" data-ad-format=\"auto\" data-full-width-responsive=\"true\"\/>\n<\/div>\n<\/div>\n<div id=\"post-sidebar-wrap\">\n <ins class=\"adsbygoogle c5\" data-ad-client=\"ca-pub-2102118777505746\" data-ad-slot=\"6168283410\" data-ad-format=\"auto\" data-full-width-responsive=\"true\"\/>\n<\/div>\n<p>Auteur: LM<br \/>\n<a href=\"https:\/\/www.tunisienumerique.com\/tunisie-yassine-ayari-menace-de-depasser-linlucc-et-de-transmettre-un-grave-dossier-de-malversation-au-ministere-de-linterieur-a-la-justice\/\">Cliquez ici pour lire l&rsquo;article depuis sa source.<\/a><\/p>\n","protected":false},"excerpt":{"rendered":"<p>Par LM \u00a0| Il y a 1 heure \ud83d\udd0a \u00c9coutez l&rsquo;article Le d\u00e9put\u00e9 Yassine Ayari a averti, \u00e0 travers sa page facebook, l\u2019INLUC qu\u2019il lui accorde 10 jours, avant de la d\u00e9passer et de transmettre le dossier qu\u2019il a entre les mains, \u00e0 la justice. Il a assur\u00e9 qu\u2019il avait pr\u00e9sent\u00e9 \u00e0 l\u2019INLUCC, un dossier [&hellip;]<\/p>\n","protected":false},"author":1789,"featured_media":0,"comment_status":"closed","ping_status":"closed","sticky":false,"template":"","format":"standard","meta":{"fifu_image_url":"https:\/\/secure.gravatar.com\/avatar\/047123be9d5e8513774383916ee72db2?s=50&d=mm&r=g","fifu_image_alt":"Tunisie \u2013 Yassine Ayari menace de d\u00e9passer l\u2019INLUCC et de transmettre un grave dossier de malversation au minist\u00e8re de l\u2019int\u00e9rieur \u00e0 la justice","footnotes":""},"categories":[73,55],"tags":[],"class_list":["post-112563","post","type-post","status-publish","format-standard","hentry","category-actualite","category-tunisie"],"_links":{"self":[{"href":"https:\/\/linitiative.ca\/International\/wp-json\/wp\/v2\/posts\/112563","targetHints":{"allow":["GET"]}}],"collection":[{"href":"https:\/\/linitiative.ca\/International\/wp-json\/wp\/v2\/posts"}],"about":[{"href":"https:\/\/linitiative.ca\/International\/wp-json\/wp\/v2\/types\/post"}],"author":[{"embeddable":true,"href":"https:\/\/linitiative.ca\/International\/wp-json\/wp\/v2\/users\/1789"}],"replies":[{"embeddable":true,"href":"https:\/\/linitiative.ca\/International\/wp-json\/wp\/v2\/comments?post=112563"}],"version-history":[{"count":0,"href":"https:\/\/linitiative.ca\/International\/wp-json\/wp\/v2\/posts\/112563\/revisions"}],"wp:attachment":[{"href":"https:\/\/linitiative.ca\/International\/wp-json\/wp\/v2\/media?parent=112563"}],"wp:term":[{"taxonomy":"category","embeddable":true,"href":"https:\/\/linitiative.ca\/International\/wp-json\/wp\/v2\/categories?post=112563"},{"taxonomy":"post_tag","embeddable":true,"href":"https:\/\/linitiative.ca\/International\/wp-json\/wp\/v2\/tags?post=112563"}],"curies":[{"name":"wp","href":"https:\/\/api.w.org\/{rel}","templated":true}]}}