{"id":112567,"date":"2021-03-04T19:45:24","date_gmt":"2021-03-05T00:45:24","guid":{"rendered":"https:\/\/linitiative.ca\/International\/aide-alimentaire-japonaise-au-burkina-une-alternative-pour-combler-le-deficit-cerealier\/"},"modified":"2021-03-04T19:45:24","modified_gmt":"2021-03-05T00:45:24","slug":"aide-alimentaire-japonaise-au-burkina-une-alternative-pour-combler-le-deficit-cerealier","status":"publish","type":"post","link":"https:\/\/linitiative.ca\/International\/aide-alimentaire-japonaise-au-burkina-une-alternative-pour-combler-le-deficit-cerealier\/","title":{"rendered":"Aide alimentaire japonaise au Burkina: une alternative pour combler le d\u00e9ficit c\u00e9r\u00e9alier"},"content":{"rendered":"<div class=\"td-post-featured-image\"><a href=\"https:\/\/www.sidwaya.info\/wp-content\/uploads\/2021\/03\/japonsid05.jpg\" data-caption=\"\"><img loading=\"lazy\" decoding=\"async\" width=\"696\" height=\"464\" class=\"entry-thumb td-modal-image\" src=\"https:\/\/www.sidwaya.info\/wp-content\/uploads\/2021\/03\/japonsid05-696x464.jpg\" srcset=\"https:\/\/www.sidwaya.info\/wp-content\/uploads\/2021\/03\/japonsid05-696x464.jpg 696w, https:\/\/www.sidwaya.info\/wp-content\/uploads\/2021\/03\/japonsid05-300x200.jpg 300w, https:\/\/www.sidwaya.info\/wp-content\/uploads\/2021\/03\/japonsid05-768x512.jpg 768w, https:\/\/www.sidwaya.info\/wp-content\/uploads\/2021\/03\/japonsid05-150x100.jpg 150w, https:\/\/www.sidwaya.info\/wp-content\/uploads\/2021\/03\/japonsid05-630x420.jpg 630w, https:\/\/www.sidwaya.info\/wp-content\/uploads\/2021\/03\/japonsid05.jpg 787w\" sizes=\"auto, (max-width: 696px) 100vw, 696px\" alt=\"\" title=\"japonsid05\"\/><\/a><\/div>\n<p><strong>Le jeudi 4 mars 2021 \u00e0 Ouagadougou Le comit\u00e9 consultatif de l\u2019aide japonaise au Burkina Faso a fait le point des activit\u00e9s r\u00e9alis\u00e9es au titre des ann\u00e9es 2018 et 2019.<\/strong><\/p>\n<p>Dans le cadre de la lutte contre la famine dans les r\u00e9gions \u00e0 production agricole d\u00e9ficitaire au Burkina Faso, l\u2019aide japonaise est d\u2019un apport primordial reconnu par le gouvernement. A la r\u00e9union du comit\u00e9 consultatif de ladite aide, tenue le jeudi 4 mars 2021 \u00e0 Ouagadougou, le bilan fait \u00e9tat de 7149 tonnes de riz nippon offert au gouvernement en 2018 et de 4166 tonnes en 2019. Pour le secr\u00e9taire g\u00e9n\u00e9ral du minist\u00e8re en charge de l\u2019agriculture, Lamoudia Thiombiano, cette aide a une contribution significative dans l\u2019assistance alimentaire de l\u2019Etat aux populations vuln\u00e9rables. Selon le SG, les r\u00e9sultats d\u00e9finitifs de la production nationale de riz comptant pour la campagne agricole 2020-2021 fait \u00e9tat d\u2019un rendement de 451 421 tonnes. De l\u2019explication de M. Thiombiano, cette production nationale va juste couvrir 46% des besoins en riz. \u00ab C\u2019est dire que l\u2019aide alimentaire en riz du Japon va permettre de compenser partiellement le d\u00e9ficit en riz et de r\u00e9soudre la question des m\u00e9nages qui demeurent en situation de pr\u00e9carit\u00e9 c\u00e9r\u00e9ali\u00e8re \u00bb, a-t-il pr\u00e9cis\u00e9. En terme de bilan, le SG a fait savoir que plus de sept mille tonnes de riz ont \u00e9t\u00e9 r\u00e9ceptionn\u00e9es dans le cadre du KR 2018, 5 600 tonnes ont \u00e9t\u00e9 c\u00e9d\u00e9es aux op\u00e9rateurs \u00e9conomiques tandis que 1 459 tonnes ont \u00e9t\u00e9 distribu\u00e9es gracieusement \u00e0 100 associations caritatives. Pour l\u2019ann\u00e9e 2019, c\u2019est une aide alimentaire en riz de pr\u00e8s de 4 166 mille tonnes, d\u2019une valeur, tous services compris, de 1,5 milliard de francs CFA, qui sera bient\u00f4t r\u00e9ceptionn\u00e9e. Au nom du gouvernement, M. Thiombiano a salu\u00e9 et reconnu \u00ab l\u2019\u00e9norme contribution \u00bb de l\u2019aide alimentaire du Japon dans la r\u00e9silience des populations burkinab\u00e8. La rencontre du comit\u00e9 consultatif va, selon lui, permettre de poser de nouveaux jalons pour une gestion transparente de l\u2019offre japonaise. Pour la premi\u00e8re secr\u00e9taire de l\u2019ambassade du Japon au Burkina Faso, Kato Satoko, repr\u00e9sentant le charg\u00e9 d\u2019affaires, le principe de l\u2019aide est de combler le d\u00e9ficit c\u00e9r\u00e9alier au pays. \u00ab Le KR (entendez par l\u00e0 l\u2019aide alimentaire japonaise) a un double objectif. Le premier consiste \u00e0 stabiliser l\u2019offre en riz au Burkina Faso tout en portant secours aux personnes vuln\u00e9rables par une distribution gratuite de riz. Le second est la participation \u00e0 la mise en \u0153uvre de projets de d\u00e9veloppement avec le concours du minist\u00e8re en charge de l\u2019\u00e9conomie \u00bb, a fait savoir Mme Kato. Dans le contexte actuel marqu\u00e9 par des crises s\u00e9curitaires et sanitaires ayant entra\u00een\u00e9 le d\u00e9placement de nombre de populations, la partie japonaise souhaite une meilleure orientation de l\u2019aide en fonction des besoins r\u00e9elles afin de permettre au KR de toucher le maximum de personnes. Mieux, Satoko Kato a rassur\u00e9 de la disponibilit\u00e9 de son pays \u00e0 poursuivre son accompagnement au Burkina Faso au nom de la bonne coop\u00e9ration bilat\u00e9rale dont les deux Etats font montre. Pour le directeur g\u00e9n\u00e9ral de la Soci\u00e9t\u00e9 nationale de gestion des stocks de s\u00e9curit\u00e9 alimentaire du Burkina (SONAGESS), Aim\u00e9 Roger D\u00e9nis Kaboret, l\u2019aide japonaise soulage beaucoup de m\u00e9nages en situation difficile. Selon lui, sa structure op\u00e8re des ventes \u00e0 prix social et effectue p\u00e9riodiquement des dons gratuits \u00e0 des couches vuln\u00e9rables dans le but de combattre la famine sur tous les plans. \u00ab Le KR est tr\u00e8s b\u00e9n\u00e9fique pour le pays \u00bb, a-t-il conclu.<\/p>\n<p>Wanl\u00e9 G\u00e9rard COULIBALY<\/p>\n<div class=\"td-a-rec td-a-rec-id-content_bottom tdi_33_6f2 td_block_template_1\">\n<p><img loading=\"lazy\" decoding=\"async\" class=\"aligncenter size-full wp-image-27454\" src=\"https:\/\/www.sidwaya.info\/wp-content\/uploads\/2020\/10\/PUB-Bandeau-paiement-mobile-siteweb.jpg\" alt=\"\" width=\"728\" height=\"90\"\/><\/div>\n<p>Auteur: BM. Sidwaya<br \/>\n<a href=\"https:\/\/www.sidwaya.info\/blog\/2021\/03\/05\/aide-alimentaire-japonaise-au-burkina-une-alternative-pour-combler-le-deficit-cerealier\/\">Cliquez ici pour lire l&rsquo;article depuis sa source.<\/a><\/p>\n","protected":false},"excerpt":{"rendered":"<p>Le jeudi 4 mars 2021 \u00e0 Ouagadougou Le comit\u00e9 consultatif de l\u2019aide japonaise au Burkina Faso a fait le point des activit\u00e9s r\u00e9alis\u00e9es au titre des ann\u00e9es 2018 et 2019. Dans le cadre de la lutte contre la famine dans les r\u00e9gions \u00e0 production agricole d\u00e9ficitaire au Burkina Faso, l\u2019aide japonaise est d\u2019un apport primordial [&hellip;]<\/p>\n","protected":false},"author":1816,"featured_media":0,"comment_status":"closed","ping_status":"closed","sticky":false,"template":"","format":"standard","meta":{"fifu_image_url":"https:\/\/www.sidwaya.info\/wp-content\/uploads\/2021\/03\/japonsid05-696x464.jpg","fifu_image_alt":"Aide alimentaire japonaise au Burkina: une alternative pour combler le d\u00e9ficit c\u00e9r\u00e9alier","footnotes":""},"categories":[73,81],"tags":[],"class_list":["post-112567","post","type-post","status-publish","format-standard","hentry","category-actualite","category-burkina-faso"],"_links":{"self":[{"href":"https:\/\/linitiative.ca\/International\/wp-json\/wp\/v2\/posts\/112567","targetHints":{"allow":["GET"]}}],"collection":[{"href":"https:\/\/linitiative.ca\/International\/wp-json\/wp\/v2\/posts"}],"about":[{"href":"https:\/\/linitiative.ca\/International\/wp-json\/wp\/v2\/types\/post"}],"author":[{"embeddable":true,"href":"https:\/\/linitiative.ca\/International\/wp-json\/wp\/v2\/users\/1816"}],"replies":[{"embeddable":true,"href":"https:\/\/linitiative.ca\/International\/wp-json\/wp\/v2\/comments?post=112567"}],"version-history":[{"count":0,"href":"https:\/\/linitiative.ca\/International\/wp-json\/wp\/v2\/posts\/112567\/revisions"}],"wp:attachment":[{"href":"https:\/\/linitiative.ca\/International\/wp-json\/wp\/v2\/media?parent=112567"}],"wp:term":[{"taxonomy":"category","embeddable":true,"href":"https:\/\/linitiative.ca\/International\/wp-json\/wp\/v2\/categories?post=112567"},{"taxonomy":"post_tag","embeddable":true,"href":"https:\/\/linitiative.ca\/International\/wp-json\/wp\/v2\/tags?post=112567"}],"curies":[{"name":"wp","href":"https:\/\/api.w.org\/{rel}","templated":true}]}}