{"id":112569,"date":"2021-03-04T19:54:26","date_gmt":"2021-03-05T00:54:26","guid":{"rendered":"https:\/\/linitiative.ca\/International\/reconciliation-nationale-rien-ne-sera-fait-comme-une-prime-a-limpunite-zephirin-diabre\/"},"modified":"2021-03-04T19:54:26","modified_gmt":"2021-03-05T00:54:26","slug":"reconciliation-nationale-rien-ne-sera-fait-comme-une-prime-a-limpunite-zephirin-diabre","status":"publish","type":"post","link":"https:\/\/linitiative.ca\/International\/reconciliation-nationale-rien-ne-sera-fait-comme-une-prime-a-limpunite-zephirin-diabre\/","title":{"rendered":"R\u00e9conciliation nationale: \u00ab Rien ne sera fait comme une prime \u00e0 l\u2019impunit\u00e9 \u00bb, Z\u00e9phirin Diabr\u00e9"},"content":{"rendered":"<div class=\"td-post-featured-image\"><a href=\"https:\/\/www.sidwaya.info\/wp-content\/uploads\/2021\/03\/biabzeph05.jpg\" data-caption=\"\"><img loading=\"lazy\" decoding=\"async\" width=\"578\" height=\"386\" class=\"entry-thumb td-modal-image\" src=\"https:\/\/www.sidwaya.info\/wp-content\/uploads\/2021\/03\/biabzeph05.jpg\" srcset=\"https:\/\/www.sidwaya.info\/wp-content\/uploads\/2021\/03\/biabzeph05.jpg 578w, https:\/\/www.sidwaya.info\/wp-content\/uploads\/2021\/03\/biabzeph05-300x200.jpg 300w, https:\/\/www.sidwaya.info\/wp-content\/uploads\/2021\/03\/biabzeph05-150x100.jpg 150w\" sizes=\"auto, (max-width: 578px) 100vw, 578px\" alt=\"\" title=\"biabzeph05\"\/><\/a><\/div>\n<p><strong>Le ministre d\u2019Etat, ministre aupr\u00e8s du pr\u00e9sident du Faso, charg\u00e9 de la R\u00e9conciliation nationale et de la Coh\u00e9sion sociale, Z\u00e9phirin Diabr\u00e9, a anim\u00e9 une conf\u00e9rence de presse, le jeudi 4 mars 2021 \u00e0 Ouagadougou, sur les grandes lignes de sa mission.<\/strong><\/p>\n<p>Le processus de r\u00e9conciliation nationale et de coh\u00e9sion sociale est \u00ab un grand pari \u00bb dont la r\u00e9ussite requiert l\u2019implication de tous. C\u2019est l\u2019avis du ministre d\u2019Etat, ministre aupr\u00e8s du pr\u00e9sident du Faso, charg\u00e9 de la R\u00e9conciliation nationale, Z\u00e9phirin Diabr\u00e9. Il l\u2019a fait savoir au cours d\u2019un point de presse qu\u2019il a anim\u00e9, dans la matin\u00e9e du jeudi 4 mars 2021, \u00e0 Ouagadougou, devant un parterre de journalistes. Bien avant les \u00e9changes, Z\u00e9phirin Diabr\u00e9 est revenu sur les missions de son d\u00e9partement telles que d\u00e9clin\u00e9es par le chef de l\u2019Etat, Roch Marc Christian Kabor\u00e9. A ce propos, il a fait savoir que son minist\u00e8re a la charge d\u2019assurer la mise en \u0153uvre et le suivi de la politique du gouvernement en mati\u00e8re de r\u00e9conciliation nationale et de coh\u00e9sion sociale. Ainsi, pour ce qui est du premier volet, a-t-il signifi\u00e9, il devrait \u00e9laborer et mettre en \u0153uvre une strat\u00e9gie de r\u00e9conciliation nationale en concertation avec l\u2019ensemble des acteurs et de contribuer \u00e0 la prise en compte des expressions plurielles dans la formulation des politiques publiques. En mati\u00e8re de coh\u00e9sion sociale, le d\u00e9partement s\u2019attellera \u00e0 la conception d\u2019une Politique nationale sur la question, \u00e0 la formulation et \u00e0 la mise \u0153uvre d\u2019une strat\u00e9gie nationale de pr\u00e9vention de l\u2019extr\u00e9misme violent ainsi que l\u2019identification des valeurs communes et de vivre-ensemble au Burkina Faso. \u00ab La r\u00e9conciliation nationale est une priorit\u00e9 du pr\u00e9sident Kabor\u00e9. Il tire sa justification dans un pass\u00e9 lointain, mais aussi dans une actualit\u00e9 r\u00e9cente marqu\u00e9e par des crimes, des violations des droits, des conflits divers, des ressentiments d\u2019injustice et des frustrations qui ont oppos\u00e9 des Burkinab\u00e8 \u00e0 d\u2019autres \u00bb, a-t-il expliqu\u00e9.<\/p>\n<p>Des situations diverses relev\u00e9es<\/p>\n<p>Pour Z\u00e9phirin Diabr\u00e9, au-del\u00e0 des opinions qui fusent sur la question, la r\u00e9conciliation, dans le contexte burkinab\u00e8 doit se comprendre en ayant \u00e0 l\u2019esprit la diversit\u00e9 des probl\u00e8mes qui en cr\u00e9e le besoin. \u00ab C\u2019est la singularit\u00e9 de notre situation \u00bb, a-t-il l\u00e2ch\u00e9. Caract\u00e9risant ces probl\u00e8mes qui commandent cette r\u00e9conciliation, M. Diabr\u00e9 a \u00e9num\u00e9r\u00e9, entre autres, les questions d\u2019ordre politique qui sont, selon lui, li\u00e9es \u00e0 la conqu\u00eate du pouvoir ou de sa gestion et qui ont engendr\u00e9 des crimes de sang, les conflits communautaires, les conflits li\u00e9s au terrorisme, ceux qui sont n\u00e9s entre l\u2019Etat et ses administr\u00e9s. Et la typologie de chaque situation, \u00e0 entendre Z\u00e9phirin Diabr\u00e9, implique une forme de r\u00e9conciliation qui lui est propre. C\u2019est donc en consid\u00e9rant la cat\u00e9gorie de chaque probl\u00e8me relev\u00e9 qu\u2019il a parl\u00e9 de r\u00e9conciliation socio-politique, communautaire, s\u00e9curitaire et administrative. \u00ab C\u2019est une question transversale et la r\u00e9solution de tous ces probl\u00e8mes qui contribuera \u00e0 raffermir notre coh\u00e9sion sociale \u00bb, a-t-il insist\u00e9.<\/p>\n<p>Une vision holistique du processus<\/p>\n<p>En cons\u00e9quence, de l\u2019avis de Z\u00e9phirin Diabr\u00e9, c\u2019est \u00e0 travers une vision holistique que le processus de r\u00e9conciliation peut conna\u00eetre une r\u00e9ussite mais ne doit surtout pas se limiter dans ses aspects politiques. Et d\u2019ajouter qu\u2019il doit \u00eatre participatif. C\u2019est pourquoi, a-t-il soutenu, des concertations \u00ab cibl\u00e9es \u00bb ont \u00e9t\u00e9 entreprises et se poursuivent avec certains acteurs afin de leur pr\u00e9senter le contenu de sa mission, de r\u00e9affirmer la d\u00e9termination du gouvernement sur la question et de demander leur implication pour l\u2019atteinte des objectifs.<br \/>A la question de savoir comment va s\u2019op\u00e9rer la r\u00e9conciliation, M. Diabr\u00e9 a rappel\u00e9 que la probl\u00e9matique est un processus qui ne se limite pas \u00e0 un simple forum. Le triptyque v\u00e9rit\u00e9-justice-r\u00e9conciliation sera aussi le socle de cette r\u00e9conciliation mais, selon les situations, a-t-il pr\u00e9cis\u00e9. \u00ab Rien ne sera fait comme une prime \u00e0 l\u2019impunit\u00e9. Cependant ce que nous souhaitons est de parvenir \u00e0 une r\u00e9conciliation accept\u00e9e de tous \u00bb, a laiss\u00e9 entendre le ministre d\u2019Etat. D\u2019importantes actions sont en vue dans ce sens, a-t-il confi\u00e9, aux fins de r\u00e9concilier \u00ab d\u00e9finitivement \u00bb les fils et filles du pays des Hommes int\u00e8gres.<\/p>\n<p>Souma\u00efla BONKOUNGOU<\/p>\n<div class=\"td-a-rec td-a-rec-id-content_bottom tdi_33_446 td_block_template_1\">\n<p><img loading=\"lazy\" decoding=\"async\" class=\"aligncenter size-full wp-image-27454\" src=\"https:\/\/www.sidwaya.info\/wp-content\/uploads\/2020\/10\/PUB-Bandeau-paiement-mobile-siteweb.jpg\" alt=\"\" width=\"728\" height=\"90\"\/><\/div>\n<p>Auteur: BM. Sidwaya<br \/>\n<a href=\"https:\/\/www.sidwaya.info\/blog\/2021\/03\/05\/reconciliation-nationale-rien-ne-sera-fait-comme-une-prime-a-limpunite-zephirin-diabre\/\">Cliquez ici pour lire l&rsquo;article depuis sa source.<\/a><\/p>\n","protected":false},"excerpt":{"rendered":"<p>Le ministre d\u2019Etat, ministre aupr\u00e8s du pr\u00e9sident du Faso, charg\u00e9 de la R\u00e9conciliation nationale et de la Coh\u00e9sion sociale, Z\u00e9phirin Diabr\u00e9, a anim\u00e9 une conf\u00e9rence de presse, le jeudi 4 mars 2021 \u00e0 Ouagadougou, sur les grandes lignes de sa mission. Le processus de r\u00e9conciliation nationale et de coh\u00e9sion sociale est \u00ab un grand pari [&hellip;]<\/p>\n","protected":false},"author":1816,"featured_media":0,"comment_status":"closed","ping_status":"closed","sticky":false,"template":"","format":"standard","meta":{"fifu_image_url":"https:\/\/www.sidwaya.info\/wp-content\/uploads\/2021\/03\/biabzeph05.jpg","fifu_image_alt":"R\u00e9conciliation nationale: \u00ab Rien ne sera fait comme une prime \u00e0 l\u2019impunit\u00e9 \u00bb, Z\u00e9phirin Diabr\u00e9","footnotes":""},"categories":[73,81],"tags":[],"class_list":["post-112569","post","type-post","status-publish","format-standard","hentry","category-actualite","category-burkina-faso"],"_links":{"self":[{"href":"https:\/\/linitiative.ca\/International\/wp-json\/wp\/v2\/posts\/112569","targetHints":{"allow":["GET"]}}],"collection":[{"href":"https:\/\/linitiative.ca\/International\/wp-json\/wp\/v2\/posts"}],"about":[{"href":"https:\/\/linitiative.ca\/International\/wp-json\/wp\/v2\/types\/post"}],"author":[{"embeddable":true,"href":"https:\/\/linitiative.ca\/International\/wp-json\/wp\/v2\/users\/1816"}],"replies":[{"embeddable":true,"href":"https:\/\/linitiative.ca\/International\/wp-json\/wp\/v2\/comments?post=112569"}],"version-history":[{"count":0,"href":"https:\/\/linitiative.ca\/International\/wp-json\/wp\/v2\/posts\/112569\/revisions"}],"wp:attachment":[{"href":"https:\/\/linitiative.ca\/International\/wp-json\/wp\/v2\/media?parent=112569"}],"wp:term":[{"taxonomy":"category","embeddable":true,"href":"https:\/\/linitiative.ca\/International\/wp-json\/wp\/v2\/categories?post=112569"},{"taxonomy":"post_tag","embeddable":true,"href":"https:\/\/linitiative.ca\/International\/wp-json\/wp\/v2\/tags?post=112569"}],"curies":[{"name":"wp","href":"https:\/\/api.w.org\/{rel}","templated":true}]}}