{"id":112570,"date":"2021-03-04T19:58:16","date_gmt":"2021-03-05T00:58:16","guid":{"rendered":"https:\/\/linitiative.ca\/International\/reconciliation-nationale-la-part-de-conseils-de-jean-baptiste-ouedraogo\/"},"modified":"2021-03-04T19:58:16","modified_gmt":"2021-03-05T00:58:16","slug":"reconciliation-nationale-la-part-de-conseils-de-jean-baptiste-ouedraogo","status":"publish","type":"post","link":"https:\/\/linitiative.ca\/International\/reconciliation-nationale-la-part-de-conseils-de-jean-baptiste-ouedraogo\/","title":{"rendered":"R\u00e9conciliation nationale: la \u00ab part \u00bb de conseils de Jean Baptiste Ou\u00e9draogo"},"content":{"rendered":"<div class=\"td-post-featured-image\"><a href=\"https:\/\/www.sidwaya.info\/wp-content\/uploads\/2021\/03\/zepjbosid05.jpg\" data-caption=\"\"><img loading=\"lazy\" decoding=\"async\" width=\"578\" height=\"386\" class=\"entry-thumb td-modal-image\" src=\"https:\/\/www.sidwaya.info\/wp-content\/uploads\/2021\/03\/zepjbosid05.jpg\" srcset=\"https:\/\/www.sidwaya.info\/wp-content\/uploads\/2021\/03\/zepjbosid05.jpg 578w, https:\/\/www.sidwaya.info\/wp-content\/uploads\/2021\/03\/zepjbosid05-300x200.jpg 300w, https:\/\/www.sidwaya.info\/wp-content\/uploads\/2021\/03\/zepjbosid05-150x100.jpg 150w\" sizes=\"auto, (max-width: 578px) 100vw, 578px\" alt=\"\" title=\"zepjbosid05\"\/><\/a><\/div>\n<p><strong>Le ministre d\u2019Etat, ministre aupr\u00e8s du pr\u00e9sident du Faso, charg\u00e9 de la R\u00e9conciliation nationale et de la Coh\u00e9sion sociale, Z\u00e9phirin Diabr\u00e9, s\u2019est rendu chez l\u2019ancien chef d\u2019Etat, Jean Baptiste Ou\u00e9draogo, le jeudi 4 mars 2021, \u00e0 Ouagadougou.<\/strong><\/p>\n<p>Apr\u00e8s avoir anim\u00e9 une conf\u00e9rence de presse dans la matin\u00e9e du jeudi 4 mars 2021, \u00e0 Ouagadougou sur sa mission, le ministre d\u2019Etat, ministre aupr\u00e8s du pr\u00e9sident du Faso charg\u00e9 de la R\u00e9conciliation nationale et de la Coh\u00e9sion sociale, Z\u00e9phirin Diabr\u00e9, est all\u00e9 se ressourcer chez le pr\u00e9sident de la Transition, Michel Kafando (sans la presse) et l\u2019ancien chef d\u2019Etat, Jean Baptiste Ou\u00e9draogo. Apr\u00e8s deux heures d\u2019entretien, M. Diabr\u00e9 est ressorti de chez son h\u00f4te avec assurance.<br \/>\u00ab C\u2019est une d\u00e9marche qui s\u2019inscrit dans le souci qui consiste d\u2019aller \u00e0 des sources int\u00e9ressantes et utiles. Je voudrais remercier les pr\u00e9sidents Jean Baptiste Ou\u00e9draogo et Michel Kafando pour les \u00e9changes que nous avons eus sur les contours de la mission qui m\u2019a \u00e9t\u00e9 confi\u00e9e. Ils ont exerc\u00e9 les plus hautes responsabilit\u00e9s \u00e0 la t\u00eate du pays et sont p\u00e9tris d\u2019exp\u00e9riences et de savoirs \u00bb, a d\u00e9clar\u00e9 le ministre charg\u00e9 de la r\u00e9conciliation nationale et de la coh\u00e9sion sociale. Il a dit retenir de ces \u00e9changes \u00ab une volont\u00e9 tr\u00e8s forte de la part de Jean Baptiste Ou\u00e9draogo \u00bb d\u2019aider le pr\u00e9sident du Faso \u00e0 r\u00e9ussir le pari de rassembler tous les Burkinab\u00e8.<br \/>Sur la m\u00eame lanc\u00e9e, l\u2019ancien chef d\u2019Etat (1982-1983) a indiqu\u00e9 avoir donn\u00e9 au ministre d\u2019Etat des conseils (ndlr, sa part de conseils en r\u00e9f\u00e9rence \u00e0 son livre intitul\u00e9 \u00ab Ma part de v\u00e9rit\u00e9 \u00bb), estimant que la r\u00e9conciliation est \u00ab un mal n\u00e9cessaire \u00bb pour le pays. \u00ab Il y a beaucoup de probl\u00e8mes qui incitent \u00e0 la r\u00e9conciliation. Nous avons vu tous les aspects qui entrent en jeu et qui peuvent aider \u00e0 comprendre la mission et mobiliser tous les diff\u00e9rents acteurs afin de parvenir \u00e0 un r\u00e9sultat. Nous avons beaucoup insist\u00e9 sur les causes qui incitent \u00e0 la r\u00e9conciliation. Les crimes de sang qui ont secou\u00e9 notre pays ont \u00e9t\u00e9 d\u00e9j\u00e0 l\u2019objet de certaines initiatives ant\u00e9rieures comme la conf\u00e9rence nationale et le coll\u00e8ge des sages \u00bb, a d\u00e9taill\u00e9 Jean Baptiste Ou\u00e9draogo. En plus des crimes de sang, a-t-il dit, il y a les crimes \u00e9conomiques et ceux li\u00e9s \u00e0 l\u2019ins\u00e9curit\u00e9. \u00ab A travers nos \u00e9changes, j\u2019ai compris qu\u2019il y a \u00e9norm\u00e9ment de travail \u00e0 faire. La mission n\u2019est pas impossible, elle demande beaucoup de travail, d\u2019application. Avec un accompagnement qui sied, nous arriverons \u00e0 un r\u00e9sultat \u00bb, a soulign\u00e9 M. Ou\u00e9draogo.<\/p>\n<p>Karim BADOLO<\/p>\n<div class=\"td-a-rec td-a-rec-id-content_bottom tdi_33_698 td_block_template_1\">\n<p><img loading=\"lazy\" decoding=\"async\" class=\"aligncenter size-full wp-image-27454\" src=\"https:\/\/www.sidwaya.info\/wp-content\/uploads\/2020\/10\/PUB-Bandeau-paiement-mobile-siteweb.jpg\" alt=\"\" width=\"728\" height=\"90\"\/><\/div>\n<p>Auteur: BM. Sidwaya<br \/>\n<a href=\"https:\/\/www.sidwaya.info\/blog\/2021\/03\/05\/reconciliation-nationale-la-part-de-conseils-de-jean-baptiste-ouedraogo\/\">Cliquez ici pour lire l&rsquo;article depuis sa source.<\/a><\/p>\n","protected":false},"excerpt":{"rendered":"<p>Le ministre d\u2019Etat, ministre aupr\u00e8s du pr\u00e9sident du Faso, charg\u00e9 de la R\u00e9conciliation nationale et de la Coh\u00e9sion sociale, Z\u00e9phirin Diabr\u00e9, s\u2019est rendu chez l\u2019ancien chef d\u2019Etat, Jean Baptiste Ou\u00e9draogo, le jeudi 4 mars 2021, \u00e0 Ouagadougou. Apr\u00e8s avoir anim\u00e9 une conf\u00e9rence de presse dans la matin\u00e9e du jeudi 4 mars 2021, \u00e0 Ouagadougou sur [&hellip;]<\/p>\n","protected":false},"author":1816,"featured_media":0,"comment_status":"closed","ping_status":"closed","sticky":false,"template":"","format":"standard","meta":{"fifu_image_url":"https:\/\/www.sidwaya.info\/wp-content\/uploads\/2021\/03\/zepjbosid05.jpg","fifu_image_alt":"R\u00e9conciliation nationale: la \u00ab part \u00bb de conseils de Jean Baptiste Ou\u00e9draogo","footnotes":""},"categories":[73,81],"tags":[],"class_list":["post-112570","post","type-post","status-publish","format-standard","hentry","category-actualite","category-burkina-faso"],"_links":{"self":[{"href":"https:\/\/linitiative.ca\/International\/wp-json\/wp\/v2\/posts\/112570","targetHints":{"allow":["GET"]}}],"collection":[{"href":"https:\/\/linitiative.ca\/International\/wp-json\/wp\/v2\/posts"}],"about":[{"href":"https:\/\/linitiative.ca\/International\/wp-json\/wp\/v2\/types\/post"}],"author":[{"embeddable":true,"href":"https:\/\/linitiative.ca\/International\/wp-json\/wp\/v2\/users\/1816"}],"replies":[{"embeddable":true,"href":"https:\/\/linitiative.ca\/International\/wp-json\/wp\/v2\/comments?post=112570"}],"version-history":[{"count":0,"href":"https:\/\/linitiative.ca\/International\/wp-json\/wp\/v2\/posts\/112570\/revisions"}],"wp:attachment":[{"href":"https:\/\/linitiative.ca\/International\/wp-json\/wp\/v2\/media?parent=112570"}],"wp:term":[{"taxonomy":"category","embeddable":true,"href":"https:\/\/linitiative.ca\/International\/wp-json\/wp\/v2\/categories?post=112570"},{"taxonomy":"post_tag","embeddable":true,"href":"https:\/\/linitiative.ca\/International\/wp-json\/wp\/v2\/tags?post=112570"}],"curies":[{"name":"wp","href":"https:\/\/api.w.org\/{rel}","templated":true}]}}