{"id":112578,"date":"2021-03-05T13:18:03","date_gmt":"2021-03-05T18:18:03","guid":{"rendered":"https:\/\/linitiative.ca\/International\/legislatives-ivoiriennes-le-climat-socio-politique-reste-tendu-dans-des-localites-observateur\/"},"modified":"2021-03-05T13:18:03","modified_gmt":"2021-03-05T18:18:03","slug":"legislatives-ivoiriennes-le-climat-socio-politique-reste-tendu-dans-des-localites-observateur","status":"publish","type":"post","link":"https:\/\/linitiative.ca\/International\/legislatives-ivoiriennes-le-climat-socio-politique-reste-tendu-dans-des-localites-observateur\/","title":{"rendered":"L\u00e9gislatives ivoiriennes: le climat socio-politique \u00ab\u00a0reste tendu\u00a0\u00bb dans des localit\u00e9s (observateur)"},"content":{"rendered":"<div readability=\"32\">\n<p>Publi\u00e9 le 05.03.2021 \u00e0 19h18 par APA News<\/p>\n<\/div>\n<div readability=\"159\">\n<p>Indigo, une mission d\u2019observation, note un climat pr\u00e9-\u00e9lectoral apais\u00e9 en C\u00f4te d\u2019Ivoire, mais rel\u00e8ve cependant un contexte socio-politique qui \u00ab\u00a0reste tendu\u00a0\u00bb dans des localit\u00e9s \u00e0 quelques heures des \u00e9lections l\u00e9gislatives du 6 mars 2021.<\/p>\n<p>\u00ab\u00a0A l\u2019approche du scrutin l\u00e9gislatif pr\u00e9vu le 6 mars 2021, Indigo C\u00f4te d\u2019Ivoire note avec regret que le contexte socio-politique reste tendu dans 30% des localit\u00e9s d\u2019observations\u00a0\u00bb, indique l\u2019organisation dans une note transmise \u00e0 APA. \u00a0<\/p>\n<p>Selon l\u2019Organisation non gouvernementale \u00ab\u00a0ces tensions restent particuli\u00e8rement palpables dans les r\u00e9gions de l\u2019Iffou, du Gbeke, du N\u2019zi et de la Marahou\u00e9\u00a0\u00bb, dans l\u2019Est et le Centre de la C\u00f4te d\u2019Ivoire, des localit\u00e9s o\u00f9 il avait \u00e9t\u00e9 relev\u00e9 un fort boycott \u00e9lectoral lors de la pr\u00e9sidentielle du 31 octobre 2020. \u00a0<\/p>\n<p>Dans son observation, Indigo mentionne \u00ab\u00a0des incidents s\u00e9curitaires, mais aussi en lien avec le choix des candidats\u00a0\u00bb et \u00ab\u00a0des incidents en lien avec le choix des candidats au sein des partis politiques pour les \u00e9lections l\u00e9gislatives observ\u00e9s dans 15 % des localit\u00e9s d\u2019observation, notamment dans la r\u00e9gion du Worodougou, de la Bagou\u00e9, du Folon pour la zone Nord, et les r\u00e9gions du B\u00e9lier, de l\u2019Iffou pour la zone centre\u00a0\u00bb.\u00a0<\/p>\n<p>Les observateurs d\u2019Indigo C\u00f4te d\u2019Ivoire ont aussi relev\u00e9 \u00ab\u00a0des incidents s\u00e9curitaires, notamment des actes d\u2019agressions par des individus utilisant des armes l\u00e9g\u00e8res, dans 18% des localit\u00e9s, principalement \u00e0 Abidjan\u00a0\u00bb, poursuit le texte. \u00a0<\/p>\n<p>Toutefois, l\u2019organisation fait remarquer que les \u00e9changes entre Alassane Ouattara et Henri Konan B\u00e9di\u00e9, et le dialogue entre le gouvernement et l\u2019opposition, ont favoris\u00e9 un environnement apais\u00e9 du climat socio-politique dans le pays. \u00a0<\/p>\n<p>Indigo C\u00f4te d\u2019Ivoire note \u00ab\u00a0dans l\u2019ensemble que l\u2019accalmie de l\u2019atmosph\u00e8re sociopolitique cons\u00e9cutive \u00e0 la rencontre entre les pr\u00e9sidents Ouattara et B\u00e9di\u00e9, puis au dialogue politique pouvoir\/opposition qui perdurent dans le temps. Ce qui a contribu\u00e9 \u00e0 un environnement pr\u00e9-\u00e9lectoral relativement apais\u00e9, contrairement au dernier scrutin pr\u00e9sidentiel\u00a0\u00bb tenu le 31 octobre 2020. \u00a0<\/p>\n<p>L\u2019Organisation non gouvernementale qui enregistre une \u00ab\u00a0baisse relative des tensions socio-politiques\u00a0\u00bb apr\u00e8s la reprise du dialogue politique, indexe la responsabilit\u00e9 des acteurs politiques dans l\u2019apaisement du climat social.\u00a0<\/p>\n<p>Elle rel\u00e8ve \u00e0 la suite des discours et actes des leaders \u00ab\u00a0une d\u00e9sescalade de la violence, avec baisse de tensions communautaires en toile de fond dans la plupart des localit\u00e9s observ\u00e9es\u00a0\u00bb. \u00a0<\/p>\n<p>\u00ab\u00a0Actuellement, on observe un environnement sociopolitique relativement calme dans 64% des localit\u00e9s observ\u00e9es, impliquant des initiatives de dialogue dans 29% des localit\u00e9s observ\u00e9es, malgr\u00e9 une tr\u00e8s faible persistance d\u2019appel \u00e0 la violence de certains acteurs politiques contre leurs adversaires\u00a0\u00bb, mentionne le communiqu\u00e9.\u00a0<\/p>\n<p>La mission d\u2019observation se f\u00e9licite par ailleurs du d\u00e9roulement de la campagne l\u00e9gislative dans un \u00ab\u00a0climat apais\u00e9\u00a0\u00bb. Et dans 92% des localit\u00e9s observ\u00e9es, des actions ont \u00e9t\u00e9 men\u00e9es par les acteurs politiques du RHDP (pouvoir) en vue de mobiliser leurs \u00e9lecteurs pour les prochaines \u00e9ch\u00e9ances \u00e9lectorales l\u00e9gislatives.\u00a0<\/p>\n<p>\u00ab\u00a0Il en est de m\u00eame pour les acteurs politiques de l\u2019opposition dont on a observ\u00e9 une mobilisation non n\u00e9gligeable dans 16% des localit\u00e9s observ\u00e9es\u00a0\u00bb, ainsi que les acteurs politiques ind\u00e9pendants qui ont men\u00e9 \u00e9galement \u00ab\u00a0des actions de mobilisation de leurs sympathisants dans 81 % des localit\u00e9s observ\u00e9es\u00a0\u00bb, renseigne l\u2019ONG.\u00a0<\/p>\n<p>La phase de pr\u00e9 campagne et campagne \u00e9lectorale a \u00e9t\u00e9 marqu\u00e9e, selon les observateurs d\u2019Indigo, par \u00ab\u00a0des cas d\u2019utilisation de moyens de l\u2019Etat, principalement des v\u00e9hicules, dans 18% des 120 d\u00e9partements observ\u00e9s, en violation de la loi \u00e9lectorale et du code de bonne conduite des partis et groupements politiques\u00a0\u00bb, fait observer l\u2019organisation. \u00a0<\/p>\n<p>Par ailleurs, elle s\u2019inqui\u00e8te du fait que \u00ab\u00a0des acteurs politiques ont privil\u00e9gi\u00e9 les r\u00e9f\u00e9rences ethniques ou religieuses dans leurs discours et leurs relations aux populations dans 20% des d\u00e9partements\u00a0\u00bb. \u00a0<\/p>\n<p>Depuis mars 2020, Indigo, dans le cadre de sa mission d\u2019Observation Long Terme (OLT), observe l\u2019environnement sociopolitique avant, pendant et apr\u00e8s le scrutin pr\u00e9sidentiel de 2020 qui s\u2019est d\u00e9roul\u00e9 dans un contexte de violences.<\/p>\n<p>En vue de contribuer \u00e0 cr\u00e9er les conditions d\u2019un processus \u00e9lectoral inclusif, apais\u00e9, transparent et sans violence pour les \u00e9ch\u00e9ances \u00e9lectorales \u00e0 venir, Indigo C\u00f4te d\u2019Ivoire appelle \u00e0 un dialogue entre toutes les franges de la soci\u00e9t\u00e9 politique ivoirienne afin d\u2019apaiser le climat et trouver des solutions pacifiques \u00e0 leurs diff\u00e9rends.<\/p>\n<p>La mission d\u2019Observation Long Terme (OLT) s\u2019est appuy\u00e9e sur une cohorte de 120 observateurs OLT r\u00e9partis dans les 107 d\u00e9partements de l\u2019int\u00e9rieur du pays et dans les 13 communes du District d\u2019Abidjan.\u00a0<\/p>\n<p>Elle s\u2019inscrit dans le cadre du Programme Transition et Inclusion Politique (PTI) mis en \u0153uvre par le National Democratic Institute (NDI), avec l\u2019appui financier de l\u2019Agence des Etats Unis pour le D\u00e9veloppement International (USAID).\u00a0<\/p>\n<\/div>\n<p>Auteur: APA News<br \/>\n<a href=\"https:\/\/www.journalducameroun.com\/legislatives-ivoiriennes-le-climat-socio-politique-reste-tendu-dans-des-localites-observateur\/\">Cliquez ici pour lire l&rsquo;article depuis sa source.<\/a><\/p>\n","protected":false},"excerpt":{"rendered":"<p>Publi\u00e9 le 05.03.2021 \u00e0 19h18 par APA News Indigo, une mission d\u2019observation, note un climat pr\u00e9-\u00e9lectoral apais\u00e9 en C\u00f4te d\u2019Ivoire, mais rel\u00e8ve cependant un contexte socio-politique qui \u00ab\u00a0reste tendu\u00a0\u00bb dans des localit\u00e9s \u00e0 quelques heures des \u00e9lections l\u00e9gislatives du 6 mars 2021. \u00ab\u00a0A l\u2019approche du scrutin l\u00e9gislatif pr\u00e9vu le 6 mars 2021, Indigo C\u00f4te d\u2019Ivoire [&hellip;]<\/p>\n","protected":false},"author":1965,"featured_media":0,"comment_status":"closed","ping_status":"closed","sticky":false,"template":"","format":"standard","meta":{"fifu_image_url":"","fifu_image_alt":"","footnotes":""},"categories":[73,82],"tags":[],"class_list":["post-112578","post","type-post","status-publish","format-standard","hentry","category-actualite","category-cameroun"],"_links":{"self":[{"href":"https:\/\/linitiative.ca\/International\/wp-json\/wp\/v2\/posts\/112578","targetHints":{"allow":["GET"]}}],"collection":[{"href":"https:\/\/linitiative.ca\/International\/wp-json\/wp\/v2\/posts"}],"about":[{"href":"https:\/\/linitiative.ca\/International\/wp-json\/wp\/v2\/types\/post"}],"author":[{"embeddable":true,"href":"https:\/\/linitiative.ca\/International\/wp-json\/wp\/v2\/users\/1965"}],"replies":[{"embeddable":true,"href":"https:\/\/linitiative.ca\/International\/wp-json\/wp\/v2\/comments?post=112578"}],"version-history":[{"count":0,"href":"https:\/\/linitiative.ca\/International\/wp-json\/wp\/v2\/posts\/112578\/revisions"}],"wp:attachment":[{"href":"https:\/\/linitiative.ca\/International\/wp-json\/wp\/v2\/media?parent=112578"}],"wp:term":[{"taxonomy":"category","embeddable":true,"href":"https:\/\/linitiative.ca\/International\/wp-json\/wp\/v2\/categories?post=112578"},{"taxonomy":"post_tag","embeddable":true,"href":"https:\/\/linitiative.ca\/International\/wp-json\/wp\/v2\/tags?post=112578"}],"curies":[{"name":"wp","href":"https:\/\/api.w.org\/{rel}","templated":true}]}}