{"id":112579,"date":"2021-03-05T15:18:02","date_gmt":"2021-03-05T20:18:02","guid":{"rendered":"https:\/\/linitiative.ca\/International\/linauguration-dune-ambassade-a-rabat-et-dun-consulat-a-laayoune-temoigne-du-grand-interet-de-la-zambie-pour-la-cooperation-avec-le-maroc\/"},"modified":"2021-03-05T15:18:02","modified_gmt":"2021-03-05T20:18:02","slug":"linauguration-dune-ambassade-a-rabat-et-dun-consulat-a-laayoune-temoigne-du-grand-interet-de-la-zambie-pour-la-cooperation-avec-le-maroc","status":"publish","type":"post","link":"https:\/\/linitiative.ca\/International\/linauguration-dune-ambassade-a-rabat-et-dun-consulat-a-laayoune-temoigne-du-grand-interet-de-la-zambie-pour-la-cooperation-avec-le-maroc\/","title":{"rendered":"L\u2019inauguration d\u2019une ambassade \u00e0 Rabat et d\u2019un consulat \u00e0 La\u00e2youne t\u00e9moigne du \u00ab grand int\u00e9r\u00eat \u00bb de la Zambie pour la coop\u00e9ration avec le Maroc"},"content":{"rendered":"<div readability=\"32\">\n<p>Publi\u00e9 le 05.03.2021 \u00e0 21h18 par APA News<\/p>\n<\/div>\n<div readability=\"81\">\n<p>L\u2019inauguration d\u2019une ambassade \u00e0 Rabat et d\u2019un consulat \u00e0 La\u00e2youne t\u00e9moigne du \u00ab grand int\u00e9r\u00eat \u00bb de la R\u00e9publique de Zambie pour la coop\u00e9ration avec le Maroc, a affirm\u00e9, vendredi \u00e0 Rabat, le ministre zambien des Affaires \u00e9trang\u00e8res, M. Joseph Malanji, se f\u00e9licitant de la \u00ab solidit\u00e9 \u00bb des relations bilat\u00e9rales qui ne cessent de se raffermir.La Zambie a d\u00e9sign\u00e9 ses \u00ab meilleurs diplomates \u00bb pour travailler dans ces deux repr\u00e9sentations diplomatiques, a tenu \u00e0 pr\u00e9ciser le chef de la diplomatie zambienne lors d\u2019un point de presse tenu \u00e0 l\u2019issue de ses entretiens avec le ministre marocain des Affaires \u00e9trang\u00e8res, Nasser Bourita.<\/p>\n<p>Le chef de la diplomatie zambienne a rejet\u00e9 les all\u00e9gations relay\u00e9es par des m\u00e9dias alg\u00e9riens faisant \u00e9tat d\u2019un retrait du consulat zambien de La\u00e2youne, soulignant que la Zambie est un \u00ab Etat souverain \u00bb qui communique \u00e0 travers les canaux officiels et gouvernementaux et ne r\u00e9agit pas \u00e0 des all\u00e9gations relay\u00e9es via les r\u00e9seaux sociaux.<\/p>\n<p>\u00ab L\u2019inauguration de l\u2019ambassade de Zambie, le 24 octobre 2020, jour de notre ind\u00e9pendance, est une indication claire sur la trajectoire de nos relations \u00bb, a relev\u00e9 le diplomate zambien, qui effectue une visite de travail au Maroc, ajoutant que cette repr\u00e9sentation se penchera notamment sur le d\u00e9veloppement de la coop\u00e9ration \u00e9conomique entre les deux pays.<\/p>\n<p>M. Malanji a, par la m\u00eame, fait savoir que cette coop\u00e9ration gagne en intensit\u00e9 aussi bien sur le plan bilat\u00e9ral qu\u2019au niveau des fora multilat\u00e9raux \u00ab o\u00f9 nous avons coop\u00e9r\u00e9 mutuellement, sur les principes qui sont chers \u00e0 nos deux pays et aussi en ce qui concerne le d\u00e9p\u00f4t des candidatures dans des organisations internationales \u00bb.<\/p>\n<p>Par ailleurs, le ministre a tenu \u00e0 saluer l\u2019initiative du Maroc, qui a accueilli \u00ab gracieusement \u00bb plus de 300 \u00e9tudiants zambiens, b\u00e9n\u00e9ficiaires de bourses d\u2019\u00e9tudes dans divers \u00e9tablissements d\u2019enseignement sup\u00e9rieur.<\/p>\n<p>Il a \u00e9galement remerci\u00e9 le gouvernement du Maroc pour son r\u00f4le dans le soutien \u00e0 \u00ab notre ambition \u00bb de disposer d\u2019une repr\u00e9sentation au Royaume, se disant convaincu qu\u2019avec l\u2019ambassade du Maroc \u00e0 Lusaka, \u00ab nous disposons d\u00e9sormais d\u2019un m\u00e9canisme solide pour faire avancer notre coop\u00e9ration bilat\u00e9rale \u00bb.<\/p>\n<\/div>\n<p>Auteur: APA News<br \/>\n<a href=\"https:\/\/www.journalducameroun.com\/linauguration-dune-ambassade-a-rabat-et-dun-consulat-a-laayoune-temoigne-du-grand-interet-de-la-zambie-pour-la-cooperation-avec-le-maroc\/\">Cliquez ici pour lire l&rsquo;article depuis sa source.<\/a><\/p>\n","protected":false},"excerpt":{"rendered":"<p>Publi\u00e9 le 05.03.2021 \u00e0 21h18 par APA News L\u2019inauguration d\u2019une ambassade \u00e0 Rabat et d\u2019un consulat \u00e0 La\u00e2youne t\u00e9moigne du \u00ab grand int\u00e9r\u00eat \u00bb de la R\u00e9publique de Zambie pour la coop\u00e9ration avec le Maroc, a affirm\u00e9, vendredi \u00e0 Rabat, le ministre zambien des Affaires \u00e9trang\u00e8res, M. Joseph Malanji, se f\u00e9licitant de la \u00ab solidit\u00e9 [&hellip;]<\/p>\n","protected":false},"author":1965,"featured_media":0,"comment_status":"closed","ping_status":"closed","sticky":false,"template":"","format":"standard","meta":{"fifu_image_url":"","fifu_image_alt":"","footnotes":""},"categories":[73,82],"tags":[],"class_list":["post-112579","post","type-post","status-publish","format-standard","hentry","category-actualite","category-cameroun"],"_links":{"self":[{"href":"https:\/\/linitiative.ca\/International\/wp-json\/wp\/v2\/posts\/112579","targetHints":{"allow":["GET"]}}],"collection":[{"href":"https:\/\/linitiative.ca\/International\/wp-json\/wp\/v2\/posts"}],"about":[{"href":"https:\/\/linitiative.ca\/International\/wp-json\/wp\/v2\/types\/post"}],"author":[{"embeddable":true,"href":"https:\/\/linitiative.ca\/International\/wp-json\/wp\/v2\/users\/1965"}],"replies":[{"embeddable":true,"href":"https:\/\/linitiative.ca\/International\/wp-json\/wp\/v2\/comments?post=112579"}],"version-history":[{"count":0,"href":"https:\/\/linitiative.ca\/International\/wp-json\/wp\/v2\/posts\/112579\/revisions"}],"wp:attachment":[{"href":"https:\/\/linitiative.ca\/International\/wp-json\/wp\/v2\/media?parent=112579"}],"wp:term":[{"taxonomy":"category","embeddable":true,"href":"https:\/\/linitiative.ca\/International\/wp-json\/wp\/v2\/categories?post=112579"},{"taxonomy":"post_tag","embeddable":true,"href":"https:\/\/linitiative.ca\/International\/wp-json\/wp\/v2\/tags?post=112579"}],"curies":[{"name":"wp","href":"https:\/\/api.w.org\/{rel}","templated":true}]}}