{"id":112580,"date":"2021-03-05T17:18:02","date_gmt":"2021-03-05T22:18:02","guid":{"rendered":"https:\/\/linitiative.ca\/International\/legislatives-ivoiriennes-la-cei-denonce-des-propos-dune-extreme-gravite-de-lida\/"},"modified":"2021-03-05T17:18:02","modified_gmt":"2021-03-05T22:18:02","slug":"legislatives-ivoiriennes-la-cei-denonce-des-propos-dune-extreme-gravite-de-lida","status":"publish","type":"post","link":"https:\/\/linitiative.ca\/International\/legislatives-ivoiriennes-la-cei-denonce-des-propos-dune-extreme-gravite-de-lida\/","title":{"rendered":"L\u00e9gislatives ivoiriennes: la CEI d\u00e9nonce des propos d\u2019une  \u00abextr\u00eame gravit\u00e9\u00bb de Lida"},"content":{"rendered":"<div readability=\"32\">\n<p>Publi\u00e9 le 05.03.2021 \u00e0 23h18 par APA News<\/p>\n<\/div>\n<div readability=\"76\">\n<p>La Commission \u00e9lectorale ind\u00e9pendante (CEI) , l\u2019organe \u00e9lectoral en C\u00f4te d\u2019Ivoire a condamn\u00e9 vendredi dans un communiqu\u00e9 des propos d\u2019une \u00abextr\u00eame gravit\u00e9\u00bb de Mo\u00efse Lida Kouassi, un candidat de l\u2019opposition ivoirienne aux prochaines \u00e9lections l\u00e9gislatives \u00e0 Lakota (Centre-ouest du pays ) \u00e0 l\u2019endroit de son adversaire du parti au pouvoir.<\/p>\n<p>Selon \u00a0la CEI, \u00a0M. Lida a tenu des propos d\u2019une \u00a0\u00ab extr\u00eame gravit\u00e9\u00bb dans une vid\u00e9o abondamment diffus\u00e9e sur les r\u00e9seaux sociaux o\u00f9 l\u2019on entend s\u2019en prendre \u00e0 un autre candidat de ladite circonscription. \u00a0<\/p>\n<p>\u00ab Il d\u00e9nonce notamment le parachutage de ce dernier dans une circonscription dont il ne serait pas sociologiquement originaire et lui recommande d\u2019aller se pr\u00e9senter chez lui et de laisser le poste aux autochtones \u00bb, a fait savoir la Commission \u00e9lectorale. \u00a0<\/p>\n<p>\u00ab La CEI condamne ces propos qui portent atteinte \u00e0 la Constitution et violent le Code p\u00e9nal, ainsi que le Code de bonne conduite des partis et groupements politiques, des candidates et candidats aux \u00e9lections en C\u00f4te d\u2019Ivoire\u00bb, a d\u00e9nonc\u00e9 l\u2019institution \u00e9lectorale ivoirienne.\u00a0<\/p>\n<p>Ainsi l\u2019organe \u00e9lectoral estime que les propos tenus par le candidat Lida Kouassi \u00a0 \u00ab sont de nature \u00e0 troubler le climat de paix sociale et affecter l\u2019unit\u00e9 nationale. Ils sont surtout indignes d\u2019un candidat aux \u00e9lections l\u00e9gislatives \u00bb, a ajout\u00e9 le communiqu\u00e9.<\/p>\n<p>\u00a0La CEI, a poursuivi le texte, interpelle par cons\u00e9quent, l\u2019observatoire du Code de bonne conduite sur de tels discours qui tombent, de son avis, sous le coup d\u2019une qualification p\u00e9nale. M. Lida Kouassi Mo\u00efse, rappelle-t-on, est le candidat titulaire investi par le Groupement politique Ensemble pour la d\u00e9mocratie et la Souverainet\u00e9 ( Eds), une plateforme de l\u2019opposition ivoirienne proche de l\u2019ex-pr\u00e9sident ivoirien Laurent Gbagbo.\u00a0<\/p>\n<p>Le scrutin l\u00e9gislatif ivoirien est pr\u00e9vu samedi dans 22 135 bureaux de vote sur l\u2019ensemble du territoire ivoirien pour \u00e9lire 255 d\u00e9put\u00e9s. Quelque 1511 candidats titulaires (1305 hommes et 206 femmes) s\u2019affronteront au cours de ce scrutin.<\/p>\n<\/div>\n<p>Auteur: APA News<br \/>\n<a href=\"https:\/\/www.journalducameroun.com\/legislatives-ivoiriennes-la-cei-denonce-des-propos-dune-extreme-gravite-de-lida\/\">Cliquez ici pour lire l&rsquo;article depuis sa source.<\/a><\/p>\n","protected":false},"excerpt":{"rendered":"<p>Publi\u00e9 le 05.03.2021 \u00e0 23h18 par APA News La Commission \u00e9lectorale ind\u00e9pendante (CEI) , l\u2019organe \u00e9lectoral en C\u00f4te d\u2019Ivoire a condamn\u00e9 vendredi dans un communiqu\u00e9 des propos d\u2019une \u00abextr\u00eame gravit\u00e9\u00bb de Mo\u00efse Lida Kouassi, un candidat de l\u2019opposition ivoirienne aux prochaines \u00e9lections l\u00e9gislatives \u00e0 Lakota (Centre-ouest du pays ) \u00e0 l\u2019endroit de son adversaire du [&hellip;]<\/p>\n","protected":false},"author":1965,"featured_media":0,"comment_status":"closed","ping_status":"closed","sticky":false,"template":"","format":"standard","meta":{"fifu_image_url":"","fifu_image_alt":"","footnotes":""},"categories":[73,82],"tags":[],"class_list":["post-112580","post","type-post","status-publish","format-standard","hentry","category-actualite","category-cameroun"],"_links":{"self":[{"href":"https:\/\/linitiative.ca\/International\/wp-json\/wp\/v2\/posts\/112580","targetHints":{"allow":["GET"]}}],"collection":[{"href":"https:\/\/linitiative.ca\/International\/wp-json\/wp\/v2\/posts"}],"about":[{"href":"https:\/\/linitiative.ca\/International\/wp-json\/wp\/v2\/types\/post"}],"author":[{"embeddable":true,"href":"https:\/\/linitiative.ca\/International\/wp-json\/wp\/v2\/users\/1965"}],"replies":[{"embeddable":true,"href":"https:\/\/linitiative.ca\/International\/wp-json\/wp\/v2\/comments?post=112580"}],"version-history":[{"count":0,"href":"https:\/\/linitiative.ca\/International\/wp-json\/wp\/v2\/posts\/112580\/revisions"}],"wp:attachment":[{"href":"https:\/\/linitiative.ca\/International\/wp-json\/wp\/v2\/media?parent=112580"}],"wp:term":[{"taxonomy":"category","embeddable":true,"href":"https:\/\/linitiative.ca\/International\/wp-json\/wp\/v2\/categories?post=112580"},{"taxonomy":"post_tag","embeddable":true,"href":"https:\/\/linitiative.ca\/International\/wp-json\/wp\/v2\/tags?post=112580"}],"curies":[{"name":"wp","href":"https:\/\/api.w.org\/{rel}","templated":true}]}}