{"id":112581,"date":"2021-03-05T17:18:04","date_gmt":"2021-03-05T22:18:04","guid":{"rendered":"https:\/\/linitiative.ca\/International\/cote-divoire-prolongation-de-lhospitalisation-dhamed-bakayoko-en-france\/"},"modified":"2021-03-05T17:18:04","modified_gmt":"2021-03-05T22:18:04","slug":"cote-divoire-prolongation-de-lhospitalisation-dhamed-bakayoko-en-france","status":"publish","type":"post","link":"https:\/\/linitiative.ca\/International\/cote-divoire-prolongation-de-lhospitalisation-dhamed-bakayoko-en-france\/","title":{"rendered":"C\u00f4te d\u2019Ivoire: prolongation de l\u2019hospitalisation d\u2019Hamed Bakayoko en France"},"content":{"rendered":"<div readability=\"32\">\n<p>Publi\u00e9 le 05.03.2021 \u00e0 23h18 par APA News<\/p>\n<\/div>\n<div readability=\"62\">\n<p>La pr\u00e9sidence ivoirienne a annonc\u00e9 vendredi dans un communiqu\u00e9 transmis \u00e0 APA, la prolongation de l\u2019hospitalisation du Premier ministre ivoirien Hamed Bakayoko en France o\u00f9 il s\u00e9journe depuis mi-f\u00e9vrier pour des raisons de sant\u00e9.<\/p>\n<p>\u00ab Au cours de son s\u00e9jour ( En France), le Pr\u00e9sident Alassane Ouattara a rendu visite au Premier ministre, Hamed Bakayoko, actuellement hospitalis\u00e9 \u00e0 Paris. Compte tenu de l\u2019\u00e9tat de sant\u00e9 du Premier ministre, il a \u00e9t\u00e9 recommand\u00e9 une prolongation de son hospitalisation \u00bb, a indiqu\u00e9 l\u2019ex\u00e9cutif ivoirien.<\/p>\n<p>Le pr\u00e9sident ivoirien Alassane Ouattara, a effectu\u00e9 un s\u00e9jour en France du 26 f\u00e9vrier au 4 mars dernier \u00a0au cours duquel il a eu un entretien suivi d\u2019un d\u00eener avec le pr\u00e9sident \u00a0fran\u00e7ais Emmanuel Macron.<\/p>\n<p>Depuis le 18 f\u00e9vrier dernier, Hamed Bakayoko, le chef du gouvernement ivoirien, par ailleurs ministre de la d\u00e9fense, s\u00e9journe \u00e0 Paris en France pour des raisons de sant\u00e9.<\/p>\n<p>\u00a0Selon la primature ivoirienne, M. Bakayoko devrait y effectuer une s\u00e9rie d\u2019analyses m\u00e9dicales et observer par la suite, un repos m\u00e9dical avant de rejoindre Abidjan.<\/p>\n<\/div>\n<p>Auteur: APA News<br \/>\n<a href=\"https:\/\/www.journalducameroun.com\/cote-divoire-prolongation-de-lhospitalisation-dhamed-bakayoko-en-france\/\">Cliquez ici pour lire l&rsquo;article depuis sa source.<\/a><\/p>\n","protected":false},"excerpt":{"rendered":"<p>Publi\u00e9 le 05.03.2021 \u00e0 23h18 par APA News La pr\u00e9sidence ivoirienne a annonc\u00e9 vendredi dans un communiqu\u00e9 transmis \u00e0 APA, la prolongation de l\u2019hospitalisation du Premier ministre ivoirien Hamed Bakayoko en France o\u00f9 il s\u00e9journe depuis mi-f\u00e9vrier pour des raisons de sant\u00e9. \u00ab Au cours de son s\u00e9jour ( En France), le Pr\u00e9sident Alassane Ouattara [&hellip;]<\/p>\n","protected":false},"author":1965,"featured_media":0,"comment_status":"closed","ping_status":"closed","sticky":false,"template":"","format":"standard","meta":{"fifu_image_url":"","fifu_image_alt":"","footnotes":""},"categories":[73,82],"tags":[],"class_list":["post-112581","post","type-post","status-publish","format-standard","hentry","category-actualite","category-cameroun"],"_links":{"self":[{"href":"https:\/\/linitiative.ca\/International\/wp-json\/wp\/v2\/posts\/112581","targetHints":{"allow":["GET"]}}],"collection":[{"href":"https:\/\/linitiative.ca\/International\/wp-json\/wp\/v2\/posts"}],"about":[{"href":"https:\/\/linitiative.ca\/International\/wp-json\/wp\/v2\/types\/post"}],"author":[{"embeddable":true,"href":"https:\/\/linitiative.ca\/International\/wp-json\/wp\/v2\/users\/1965"}],"replies":[{"embeddable":true,"href":"https:\/\/linitiative.ca\/International\/wp-json\/wp\/v2\/comments?post=112581"}],"version-history":[{"count":0,"href":"https:\/\/linitiative.ca\/International\/wp-json\/wp\/v2\/posts\/112581\/revisions"}],"wp:attachment":[{"href":"https:\/\/linitiative.ca\/International\/wp-json\/wp\/v2\/media?parent=112581"}],"wp:term":[{"taxonomy":"category","embeddable":true,"href":"https:\/\/linitiative.ca\/International\/wp-json\/wp\/v2\/categories?post=112581"},{"taxonomy":"post_tag","embeddable":true,"href":"https:\/\/linitiative.ca\/International\/wp-json\/wp\/v2\/tags?post=112581"}],"curies":[{"name":"wp","href":"https:\/\/api.w.org\/{rel}","templated":true}]}}