{"id":112582,"date":"2021-03-05T02:11:07","date_gmt":"2021-03-05T07:11:07","guid":{"rendered":"https:\/\/linitiative.ca\/International\/exploitation-et-conditionnement-deau-lentreprise-sano-suspendue-pour-6-mois\/"},"modified":"2021-03-05T02:11:07","modified_gmt":"2021-03-05T07:11:07","slug":"exploitation-et-conditionnement-deau-lentreprise-sano-suspendue-pour-6-mois","status":"publish","type":"post","link":"https:\/\/linitiative.ca\/International\/exploitation-et-conditionnement-deau-lentreprise-sano-suspendue-pour-6-mois\/","title":{"rendered":"Exploitation et conditionnement d\u2019eau : l\u2019entreprise SANO suspendue pour 6 mois"},"content":{"rendered":"<div class=\"featured-area featured-area-inner\">\n<figure class=\"single-featured-image\">\n<p><img loading=\"lazy\" decoding=\"async\" width=\"512\" height=\"256\" src=\"https:\/\/ecomatin.net\/wp-content\/uploads\/2021\/03\/unnamed-3.png\" class=\"attachment-jannah-image-post size-jannah-image-post wp-post-image\" alt=\"\" is_main_img=\"1\" srcset=\"https:\/\/ecomatin.net\/wp-content\/uploads\/2021\/03\/unnamed-3.png 512w, https:\/\/ecomatin.net\/wp-content\/uploads\/2021\/03\/unnamed-3-300x150.png 300w\" sizes=\"auto, (max-width: 512px) 100vw, 512px\"\/><\/p>\n<\/figure>\n<\/div>\n<div class=\"entry-content entry clearfix\" readability=\"56.38445807771\">\n<p>C\u2019est par un arr\u00eat\u00e9 sign\u00e9 ce jeudi 04 mars 2021 que le ministre des Mines, de l\u2019Industrie et du D\u00e9veloppement technologique(Minmidt), Gabriel Dodo Ndok\u00e9 a d\u00e9cid\u00e9 de mettre temporairement un terme aux activit\u00e9s de la soci\u00e9t\u00e9 SANO S.A sp\u00e9cialis\u00e9e dans la production et la commercialisation de l\u2019eau min\u00e9rale portant le m\u00eame nom. La raison de cette suspension est le \u00ab\u00a0non-respect des normes d\u2019exploitation et de conditionnement des bouteilles et des bonbonnes d\u2019eau destin\u00e9es \u00e0 la consommation du public, en application des dispositions des articles 95, 213 et suivants de la loi no 2016\/017 du 14 d\u00e9cembre 2016 portant code minier\u00a0\u00bb peut-on lire sur l\u2019arr\u00eat\u00e9.<\/p>\n<p><strong>Lire aussi<\/strong> : <a href=\"https:\/\/ecomatin.net\/eaux-minerales-source-du-pays-reste-le-leader-du-marche\/\">Eaux min\u00e9rales : Source du Pays reste le leader du march\u00e9<\/a><\/p>\n<p>Le membre du gouvernement pr\u00e9cise par ailleurs que la reprise d\u2019activit\u00e9 de cette entreprise est conditionn\u00e9e par plusieurs param\u00e8tres. Il s\u2019agit notamment de la r\u00e9alisation d\u2019un plan du site faisant ressortir clairement le p\u00e9rim\u00e8tre de s\u00e9curit\u00e9 des points de captage, la pr\u00e9sentation d\u2019un rapport de d\u00e9contamination totale du site, r\u00e9alis\u00e9e par une structure agr\u00e9e par le Minist\u00e8re en charge de la Sant\u00e9 Publique et la mise en ligne des conditionnements automatis\u00e9s pour toutes les gammes. A cela s\u2019ajoute la modification sur l\u2019\u00e9tiquette de la d\u00e9nomination \u00ab\u00a0eau min\u00e9rale naturelle\u00a0\u00bb en \u00ab\u00a0Eau SANO\u00a0\u00bb.<\/p>\n<p><strong>Lire aussi<\/strong> : <a href=\"https:\/\/ecomatin.net\/eau-naturelle-confusion-entre-la-sabc-et-la-socapalm\/\">Eau naturelle : confusion entre la Sabc et la Socapalm<\/a><\/p>\n<p>Une d\u00e9cision diversement appr\u00e9ci\u00e9e au sein de l\u2019opinion. Si d\u2019aucun louent l\u2019acte minist\u00e9riel, d\u2019autres par contre restent sceptiques. C\u2019est le cas Alphonse AYISSI ABENA, le pr\u00e9sident de la Fondation camerounaise des consommateurs(Focaco). Pour ce syndicaliste,\u00a0la d\u00e9cision du Minmitd ne prot\u00e8ge pas forc\u00e9ment les consommateurs. \u00ab\u00a0La fermeture prononc\u00e9e par le Ministre de l\u2019industrie\u00a0 n\u2019interdit pas la commercialisation des produits\u00a0 (pr\u00e9rogative du Minist\u00e8re du\u00a0 commerce) et ne signifie pas que les produits Sano sont impropres \u00e0 la consommation\u00a0 (pr\u00e9rogative Minist\u00e8re de la sant\u00e9). C\u2019est pour cette raison qu\u2019il est imp\u00e9ratif que les membres du Gouvernement travaillent\u00a0 en synergie.\u00a0 Par cons\u00e9quent,\u00a0 les boissons Sano peuvent toujours \u00eatre vendues pendant les 6 prochains mois m\u00eame si l\u2019usine reste ferm\u00e9e\u00a0\u00bb commente-t-il.<\/p>\n<p><strong>Lire aussi<\/strong> : <a href=\"https:\/\/ecomatin.net\/la-semc-enregistre-une-perte-de-65-millions-de-fcfa-sur-ses-benefices-au-1er-semestre-2020\/\">La Semc enregistre une perte de 65 millions de FCFA au 1er semestre 2020<\/a><\/p>\n<\/div>\n<p>Auteur: Cedrick JIONGO<br \/>\n<a href=\"https:\/\/ecomatin.net\/exploitation-et-de-conditionnement-deau-lentreprise-sano-suspendue-pour-6-mois\/\">Cliquez ici pour lire l&rsquo;article depuis sa source.<\/a><\/p>\n","protected":false},"excerpt":{"rendered":"<p>C\u2019est par un arr\u00eat\u00e9 sign\u00e9 ce jeudi 04 mars 2021 que le ministre des Mines, de l\u2019Industrie et du D\u00e9veloppement technologique(Minmidt), Gabriel Dodo Ndok\u00e9 a d\u00e9cid\u00e9 de mettre temporairement un terme aux activit\u00e9s de la soci\u00e9t\u00e9 SANO S.A sp\u00e9cialis\u00e9e dans la production et la commercialisation de l\u2019eau min\u00e9rale portant le m\u00eame nom. La raison de [&hellip;]<\/p>\n","protected":false},"author":1969,"featured_media":0,"comment_status":"closed","ping_status":"closed","sticky":false,"template":"","format":"standard","meta":{"fifu_image_url":"https:\/\/ecomatin.net\/wp-content\/uploads\/2021\/03\/unnamed-3.png","fifu_image_alt":"Exploitation et conditionnement d\u2019eau : l\u2019entreprise SANO suspendue pour 6 mois","footnotes":""},"categories":[82,78],"tags":[],"class_list":["post-112582","post","type-post","status-publish","format-standard","hentry","category-cameroun","category-economie"],"_links":{"self":[{"href":"https:\/\/linitiative.ca\/International\/wp-json\/wp\/v2\/posts\/112582","targetHints":{"allow":["GET"]}}],"collection":[{"href":"https:\/\/linitiative.ca\/International\/wp-json\/wp\/v2\/posts"}],"about":[{"href":"https:\/\/linitiative.ca\/International\/wp-json\/wp\/v2\/types\/post"}],"author":[{"embeddable":true,"href":"https:\/\/linitiative.ca\/International\/wp-json\/wp\/v2\/users\/1969"}],"replies":[{"embeddable":true,"href":"https:\/\/linitiative.ca\/International\/wp-json\/wp\/v2\/comments?post=112582"}],"version-history":[{"count":0,"href":"https:\/\/linitiative.ca\/International\/wp-json\/wp\/v2\/posts\/112582\/revisions"}],"wp:attachment":[{"href":"https:\/\/linitiative.ca\/International\/wp-json\/wp\/v2\/media?parent=112582"}],"wp:term":[{"taxonomy":"category","embeddable":true,"href":"https:\/\/linitiative.ca\/International\/wp-json\/wp\/v2\/categories?post=112582"},{"taxonomy":"post_tag","embeddable":true,"href":"https:\/\/linitiative.ca\/International\/wp-json\/wp\/v2\/tags?post=112582"}],"curies":[{"name":"wp","href":"https:\/\/api.w.org\/{rel}","templated":true}]}}