{"id":112584,"date":"2021-03-05T11:49:12","date_gmt":"2021-03-05T16:49:12","guid":{"rendered":"https:\/\/linitiative.ca\/International\/lutte-contre-le-covid-19-le-chef-de-letat-annule-le-defile-du-8-mars\/"},"modified":"2021-03-05T11:49:12","modified_gmt":"2021-03-05T16:49:12","slug":"lutte-contre-le-covid-19-le-chef-de-letat-annule-le-defile-du-8-mars","status":"publish","type":"post","link":"https:\/\/linitiative.ca\/International\/lutte-contre-le-covid-19-le-chef-de-letat-annule-le-defile-du-8-mars\/","title":{"rendered":"Lutte contre le Covid-19 : le chef de l\u2019Etat annule le d\u00e9fil\u00e9 du 8 mars"},"content":{"rendered":"<div class=\"featured-area featured-area-inner\">\n<figure class=\"single-featured-image\">\n<p><img loading=\"lazy\" decoding=\"async\" width=\"678\" height=\"381\" src=\"https:\/\/ecomatin.net\/wp-content\/uploads\/2021\/03\/ecomatin.net-journee-internationale-de-la-femme-ce-que-coute-le-08-mars-a-letat-8-mars-2011-1.jpg\" class=\"attachment-jannah-image-post size-jannah-image-post wp-post-image\" alt=\"\" is_main_img=\"1\" srcset=\"https:\/\/ecomatin.net\/wp-content\/uploads\/2021\/03\/ecomatin.net-journee-internationale-de-la-femme-ce-que-coute-le-08-mars-a-letat-8-mars-2011-1.jpg 678w, https:\/\/ecomatin.net\/wp-content\/uploads\/2021\/03\/ecomatin.net-journee-internationale-de-la-femme-ce-que-coute-le-08-mars-a-letat-8-mars-2011-1-300x169.jpg 300w, https:\/\/ecomatin.net\/wp-content\/uploads\/2021\/03\/ecomatin.net-journee-internationale-de-la-femme-ce-que-coute-le-08-mars-a-letat-8-mars-2011-1-390x220.jpg 390w\" sizes=\"auto, (max-width: 678px) 100vw, 678px\"\/><\/p>\n<\/figure>\n<\/div>\n<div class=\"entry-content entry clearfix\" readability=\"54.123966942149\">\n<p>Apres l\u2019annulation du d\u00e9fil\u00e9 du 11 f\u00e9vrier\u00a0 2021, l\u2019opinion publique pr\u00e9voyait d\u00e9j\u00e0 un\u00a0\u00a0sc\u00e9nario semblable pour les festivit\u00e9s li\u00e9es \u00e0 la c\u00e9l\u00e9bration de la journ\u00e9e internationale des droits de la femme. Journ\u00e9e qui se c\u00e9l\u00e8bre le 8 mars de chaque ann\u00e9e. Sc\u00e9nario qui vient d\u2019\u00eatre confirm\u00e9 par une d\u00e9cision du pr\u00e9sident de la R\u00e9publique ce 04 mars 2021.<\/p>\n<p><strong>Lire aussi<\/strong> : <a href=\"https:\/\/ecomatin.net\/journee-internationale-de-la-femme-ce-que-coute-le-08-mars-a-letat\/\">Journ\u00e9e internationale de la femme: ce que co\u00fbte le 08 mars \u00e0 l\u2019Etat<\/a><\/p>\n<p>En effet, la 36\u00e8me \u00e9dition de la c\u00e9l\u00e9bration de la journ\u00e9e internationale des droits de la femme, ne verra pas son habituelle parade qui se d\u00e9roule sur toute l\u2019\u00e9tendue du triangle national. \u00ab\u00a0A l\u2019occasion de la c\u00e9l\u00e9bration de la Journ\u00e9e internationale de la femme, le 8 mars 2021 et en raison de la recrudescence de la propagation du virus Covid-19, le Chef de l\u2019Etat a instruit que la grande parade habituelle soit annul\u00e9e sur toute l\u2019\u00e9tendue du territoire national\u00a0\u00bb, peut-on lire dans le communiqu\u00e9 sign\u00e9 de Samuel Mvondo Ayolo Directeur du Cabinet Civil de la Pr\u00e9sidence de la R\u00e9publique. D\u00e9cision qui \u00e9tait plus que pr\u00e9visible car selon le dernier pointage effectu\u00e9 par le ministre de la Sant\u00e9 publique sur l\u2019\u00e9volution de la pand\u00e9mie fait \u00e9tat de 3 524 cas actifs.<\/p>\n<p><strong>Lire aussi<\/strong> : <a href=\"https:\/\/ecomatin.net\/journee-internationale-de-la-femme-5-000-000-de-metres-de-tissus-sortis-de-la-cicam\/\">Journ\u00e9e internationale de la femme : 5.000.000 de m\u00e8tres de tissus sortis de la Cicam<\/a><\/p>\n<p>Outre la traditionnelle parade organis\u00e9e ce jour, les activit\u00e9s de la 36<sup>\u00e8me<\/sup>\u00a0\u00e9dition plac\u00e9e sous le th\u00e8me\u00a0\u00ab\u00a0leadership f\u00e9minin\u00a0:\u00a0pour un futur \u00e9galitaire dans le monde de la Covid-19\u00a0\u00bb, ont d\u00e9j\u00e0 d\u00e9but\u00e9 sur l\u2019ensemble du pays. On a observ\u00e9 \u00e7a et l\u00e0 des activit\u00e9s men\u00e9es par les dames qui se cl\u00f4tureront le lundi 8 mars.\u00a0\u00a0Pour l\u2019ONU-femme, la Journ\u00e9e internationale des femmes sert de cri de ralliement \u00e0 la G\u00e9n\u00e9ration \u00c9galit\u00e9 qui r\u00e9clame des actions favorisant l\u2019av\u00e8nement d\u2019un avenir \u00e0 chances \u00e9gales pour tous.<\/p>\n<\/div>\n<p>Auteur: Amina MALLOUM<br \/>\n<a href=\"https:\/\/ecomatin.net\/lutte-contre-le-covid-19-le-chef-de-letat-annule-le-defile-du-8-mars\/\">Cliquez ici pour lire l&rsquo;article depuis sa source.<\/a><\/p>\n","protected":false},"excerpt":{"rendered":"<p>Apres l\u2019annulation du d\u00e9fil\u00e9 du 11 f\u00e9vrier\u00a0 2021, l\u2019opinion publique pr\u00e9voyait d\u00e9j\u00e0 un\u00a0\u00a0sc\u00e9nario semblable pour les festivit\u00e9s li\u00e9es \u00e0 la c\u00e9l\u00e9bration de la journ\u00e9e internationale des droits de la femme. Journ\u00e9e qui se c\u00e9l\u00e8bre le 8 mars de chaque ann\u00e9e. Sc\u00e9nario qui vient d\u2019\u00eatre confirm\u00e9 par une d\u00e9cision du pr\u00e9sident de la R\u00e9publique ce 04 [&hellip;]<\/p>\n","protected":false},"author":1969,"featured_media":0,"comment_status":"closed","ping_status":"closed","sticky":false,"template":"","format":"standard","meta":{"fifu_image_url":"https:\/\/ecomatin.net\/wp-content\/uploads\/2021\/03\/ecomatin.net-journee-internationale-de-la-femme-ce-que-coute-le-08-mars-a-letat-8-mars-2011-1.jpg","fifu_image_alt":"Lutte contre le Covid-19 : le chef de l\u2019Etat annule le d\u00e9fil\u00e9 du 8 mars","footnotes":""},"categories":[82,78],"tags":[],"class_list":["post-112584","post","type-post","status-publish","format-standard","hentry","category-cameroun","category-economie"],"_links":{"self":[{"href":"https:\/\/linitiative.ca\/International\/wp-json\/wp\/v2\/posts\/112584","targetHints":{"allow":["GET"]}}],"collection":[{"href":"https:\/\/linitiative.ca\/International\/wp-json\/wp\/v2\/posts"}],"about":[{"href":"https:\/\/linitiative.ca\/International\/wp-json\/wp\/v2\/types\/post"}],"author":[{"embeddable":true,"href":"https:\/\/linitiative.ca\/International\/wp-json\/wp\/v2\/users\/1969"}],"replies":[{"embeddable":true,"href":"https:\/\/linitiative.ca\/International\/wp-json\/wp\/v2\/comments?post=112584"}],"version-history":[{"count":0,"href":"https:\/\/linitiative.ca\/International\/wp-json\/wp\/v2\/posts\/112584\/revisions"}],"wp:attachment":[{"href":"https:\/\/linitiative.ca\/International\/wp-json\/wp\/v2\/media?parent=112584"}],"wp:term":[{"taxonomy":"category","embeddable":true,"href":"https:\/\/linitiative.ca\/International\/wp-json\/wp\/v2\/categories?post=112584"},{"taxonomy":"post_tag","embeddable":true,"href":"https:\/\/linitiative.ca\/International\/wp-json\/wp\/v2\/tags?post=112584"}],"curies":[{"name":"wp","href":"https:\/\/api.w.org\/{rel}","templated":true}]}}