{"id":112586,"date":"2021-03-05T13:51:28","date_gmt":"2021-03-05T18:51:28","guid":{"rendered":"https:\/\/linitiative.ca\/International\/affaire-sano-lentreprise-defend-la-mineralite-de-son-eau\/"},"modified":"2021-03-05T13:51:28","modified_gmt":"2021-03-05T18:51:28","slug":"affaire-sano-lentreprise-defend-la-mineralite-de-son-eau","status":"publish","type":"post","link":"https:\/\/linitiative.ca\/International\/affaire-sano-lentreprise-defend-la-mineralite-de-son-eau\/","title":{"rendered":"Affaire Sano : l\u2019entreprise d\u00e9fend la min\u00e9ralit\u00e9 de son eau"},"content":{"rendered":"<p>Le ministre des Mines, de l\u2019Industrie et du D\u00e9veloppement technologique(Minmidt), Gabriel Dodo Ndok\u00e9, a sign\u00e9 le jeudi 4 mars 2021, un arr\u00eat\u00e9 relatif \u00e0 la suspension temporaire des activit\u00e9s de l\u2019entreprise \u00ab\u00a0<em>Sano Sarl<\/em>\u00a0\u00bb, pour une dur\u00e9e de 6 mois, pour \u00a0\u00ab\u00a0non-respect des normes d\u2019exploitation et de conditionnement des bouteilles et des bonbonnes d\u2019eau destin\u00e9es \u00e0 la consommation du public, en application des dispositions des articles 95, 213 et suivants de la loi no 2016\/017 du 14 d\u00e9cembre 2016 portant code minier\u00a0\u00bb, renseigne ledit arr\u00eat\u00e9. Parmi le chapelet de griefs reproch\u00e9s \u00e0 l\u2019entreprise, l\u2019autorit\u00e9 administrative exige \u00ab\u00a0la pr\u00e9sentation des r\u00e9sultats satisfaisants des analyses physico-chimiques et microbiologiques compl\u00e8tes r\u00e9alis\u00e9es par un laboratoire agr\u00e9\u00e9 par le minist\u00e8re des mines ou de la sant\u00e9 publique\u00a0\u00bb.<\/p>\n<p><strong>Lire aussi<\/strong> : <a href=\"https:\/\/ecomatin.net\/exploitation-et-de-conditionnement-deau-lentreprise-sano-suspendue-pour-6-mois\/\">Exploitation et conditionnement d\u2019eau : l\u2019entreprise SANO suspendue pour 6 mois<\/a><\/p>\n<p>Une injonction que contestent les responsables de l\u2019entreprise, qui brandissent les rapports d\u2019analyses bact\u00e9riologique des eaux, et physico-chimique des eaux, respectivement effectu\u00e9es les 7 et 13 janvier 2021, par\u00a0\u00a0le laboratoire des analyses hydrochimiques du centre des analyses des eaux et de la m\u00e9trologie industrielle, une structure agr\u00e9\u00e9e par le minist\u00e8re des Mines, de l\u2019Industrie et du D\u00e9veloppement Technologique, pour attester de la min\u00e9ralit\u00e9 de leur eau. Les premiers r\u00e9sultats ne d\u00e9c\u00e8lent\u00a0<em>\u00ab\u00a0<\/em>aucun argument bact\u00e9riologique en faveur d\u2019une eau infect\u00e9e\u00a0\u00bb, tandis que les analyses physico-chimiques indiquent que l\u2019\u00a0\u00ab\u00a0eau Sano\u00a0\u00bb est\u00a0\u00ab\u00a0une eau de min\u00e9ralisation faible, douce et claire, caract\u00e8res organoleptiques normaux. Aucun param\u00e8tre physico chimique susceptible de nuire \u00e0 la sant\u00e9\u00bb.<\/p>\n<p><strong>Demande de certification rejet\u00e9e<\/strong><\/p>\n<p>Aussi, le ministre conteste \u00e0 l\u2019entreprise l\u2019usage de l\u2019\u00e9tiquette \u00ab\u00a0<em>eau min\u00e9rale naturelle\u00a0<\/em>\u00bb sur ses produits. \u00ab\u00a0<em>Pourtant, c\u2019est depuis 2012 que nous l\u2019inscrivons sur nos produits\u00a0<\/em>\u00bb, r\u00e9plique une source administrative de l\u2019entreprise sous couvert d\u2019anonymat. Au demeurant, l\u2019entreprise Sano a adress\u00e9 le 21 janvier 2020 une demande de certification \u00e0 l\u2019Agence des Normes et de la Qualit\u00e9 du Cameroun (Anor), laquelle a \u00e9t\u00e9 rejet\u00e9e un an apr\u00e8s. \u00ab\u00a0J\u2019ai l\u2019honneur de porter \u00e0 votre connaissance qu\u2019apr\u00e8s \u00e9valuation de vos produits de marque Sano, il a \u00e9t\u00e9 constat\u00e9 que les \u00e9tiquettes des eaux bouteille (1,5l et 500ml) et des boissons gazeuses sont non-conformes aux exigences normatives\u00a0\u00bb, a r\u00e9pliqu\u00e9 le directeur g\u00e9n\u00e9ral de l\u2019Anor, Charles Boto A Ngon, dans une lettre adress\u00e9e le 26 f\u00e9vrier 2021 au directeur g\u00e9n\u00e9ral de Sano, en donnant un d\u00e9lai maximum de trois mois \u00e0 l\u2019entreprise pour corriger les non-conformit\u00e9s r\u00e9v\u00e9l\u00e9es \u00e0 l\u2019\u00e9valuation.<\/p>\n<p><strong>Lire aussi<\/strong> : <a href=\"https:\/\/ecomatin.net\/eaux-minerales-une-consommation-de-220-millions-de-litres-en-augmentation-de-6\/\">Eaux min\u00e9rales\u00a0: Une consommation de 220 millions de litres, en augmentation de 6%<\/a><\/p>\n<p>Tout laisse donc croire que cette lettre du directeur g\u00e9n\u00e9ral de l\u2019Anor fait partie des \u00e9l\u00e9ments ayant sous-tendu la d\u00e9cision du ministre des Mines, Gabriel Dodo Ndok\u00e9. L\u2019entreprise envisage de saisir le ministre pour d\u00e9noncer des irr\u00e9gularit\u00e9s relev\u00e9es dans son arr\u00eat\u00e9, et surtout exiger\u00a0<em>\u00ab\u00a0<\/em>une demande de rectification\u00a0\u00bb, car elle estime que certains griefs qui lui sont reproch\u00e9s n\u2019ont pas lieu d\u2019\u00eatre.<\/p>\n<p>Auteur: Yannick KENNE<br \/>\n<a href=\"https:\/\/ecomatin.net\/affaire-sano-lentreprise-defend-la-mineralite-de-son-eau\/\">Cliquez ici pour lire l&rsquo;article depuis sa source.<\/a><\/p>\n","protected":false},"excerpt":{"rendered":"<p>Le ministre des Mines, de l\u2019Industrie et du D\u00e9veloppement technologique(Minmidt), Gabriel Dodo Ndok\u00e9, a sign\u00e9 le jeudi 4 mars 2021, un arr\u00eat\u00e9 relatif \u00e0 la suspension temporaire des activit\u00e9s de l\u2019entreprise \u00ab\u00a0Sano Sarl\u00a0\u00bb, pour une dur\u00e9e de 6 mois, pour \u00a0\u00ab\u00a0non-respect des normes d\u2019exploitation et de conditionnement des bouteilles et des bonbonnes d\u2019eau destin\u00e9es \u00e0 [&hellip;]<\/p>\n","protected":false},"author":1969,"featured_media":0,"comment_status":"closed","ping_status":"closed","sticky":false,"template":"","format":"standard","meta":{"fifu_image_url":"","fifu_image_alt":"","footnotes":""},"categories":[82,78],"tags":[],"class_list":["post-112586","post","type-post","status-publish","format-standard","hentry","category-cameroun","category-economie"],"_links":{"self":[{"href":"https:\/\/linitiative.ca\/International\/wp-json\/wp\/v2\/posts\/112586","targetHints":{"allow":["GET"]}}],"collection":[{"href":"https:\/\/linitiative.ca\/International\/wp-json\/wp\/v2\/posts"}],"about":[{"href":"https:\/\/linitiative.ca\/International\/wp-json\/wp\/v2\/types\/post"}],"author":[{"embeddable":true,"href":"https:\/\/linitiative.ca\/International\/wp-json\/wp\/v2\/users\/1969"}],"replies":[{"embeddable":true,"href":"https:\/\/linitiative.ca\/International\/wp-json\/wp\/v2\/comments?post=112586"}],"version-history":[{"count":0,"href":"https:\/\/linitiative.ca\/International\/wp-json\/wp\/v2\/posts\/112586\/revisions"}],"wp:attachment":[{"href":"https:\/\/linitiative.ca\/International\/wp-json\/wp\/v2\/media?parent=112586"}],"wp:term":[{"taxonomy":"category","embeddable":true,"href":"https:\/\/linitiative.ca\/International\/wp-json\/wp\/v2\/categories?post=112586"},{"taxonomy":"post_tag","embeddable":true,"href":"https:\/\/linitiative.ca\/International\/wp-json\/wp\/v2\/tags?post=112586"}],"curies":[{"name":"wp","href":"https:\/\/api.w.org\/{rel}","templated":true}]}}