{"id":112587,"date":"2021-03-06T04:43:41","date_gmt":"2021-03-06T09:43:41","guid":{"rendered":"https:\/\/linitiative.ca\/International\/safi-pour-avoir-tue-son-ami-un-sdf-condamne-a-30-ans-de-reclusion-criminelle\/"},"modified":"2021-03-06T04:43:41","modified_gmt":"2021-03-06T09:43:41","slug":"safi-pour-avoir-tue-son-ami-un-sdf-condamne-a-30-ans-de-reclusion-criminelle","status":"publish","type":"post","link":"https:\/\/linitiative.ca\/International\/safi-pour-avoir-tue-son-ami-un-sdf-condamne-a-30-ans-de-reclusion-criminelle\/","title":{"rendered":"Safi : Pour avoir tu\u00e9 son ami, un SDF condamn\u00e9 \u00e0 30 ans de r\u00e9clusion criminelle"},"content":{"rendered":"<header>\n<\/header>\n<div class=\"entry-content clearfix\" readability=\"61\">\n<figure class=\"post-thumbnail\" itemprop=\"associatedMedia\" itemscope=\"itemscope\" itemtype=\"http:\/\/schema.org\/ImageObject\"><img decoding=\"async\" class=\"post_layout_5_img\" src=\"http:\/\/aujourdhui.ma\/wp-content\/uploads\/2021\/03\/SDF-Maroc.jpg\" alt=\"Safi : Pour avoir tu\u00e9 son ami, un SDF condamn\u00e9 \u00e0 30 ans de r\u00e9clusion criminelle\"\/><\/figure>\n<p><span class=\"c5\"><strong>Trente ans de r\u00e9clusion criminelle. Tel a \u00e9t\u00e9 le verdict rendu, derni\u00e8rement, par la chambre criminelle pr\u00e8s la Cour d\u2019appel de Safi contre un SDF qui a tu\u00e9, il y a quatre ans, son compagnon \u00e0 Essaouira.<\/strong><\/span> <span id=\"more-370244\"\/><\/p>\n<p>C\u2019\u00e9tait en octobre 2016 que le cadavre de la victime, \u00e9galement un SDF de son \u00e9tat, a \u00e9t\u00e9 d\u00e9couvert, gisant dans une mare de sang et pr\u00e9sentant des traces de coups d\u2019arme tranchante. Les enqu\u00eateurs ont appris, lors des investigations, que la victime se so\u00fblait et se droguait en compagnie d\u2019autres SDF, quand un malentendu a \u00e9clat\u00e9 entre lui et l\u2019un de ses compagnons.<\/p>\n<p>Les SDF qui avaient assist\u00e9 \u00e0 la rixe, qui a fini dans le sang, ont r\u00e9v\u00e9l\u00e9 aux enqu\u00eateurs l\u2019identit\u00e9 de l\u2019auteur du crime. Ce dernier n\u2019a pas donn\u00e9, depuis, signe de vie et une note de recherche a \u00e9t\u00e9 lanc\u00e9e contre lui. Il fallait attendre trois ans plus tard, en 2019, pour qu\u2019il soit arr\u00eat\u00e9 \u00e0 Marrakech. Soumis aux interrogatoires, il a avou\u00e9 son crime.<\/p>\n<\/div>\n<p>Auteur: Abderrafii ALOUMLIKI<br \/>\n<a href=\"https:\/\/aujourdhui.ma\/faits-divers\/safi-pour-avoir-tue-son-ami-un-sdf-condamne-a-30-ans-de-reclusion-criminelle\">Cliquez ici pour lire l&rsquo;article depuis sa source.<\/a><\/p>\n","protected":false},"excerpt":{"rendered":"<p>Trente ans de r\u00e9clusion criminelle. Tel a \u00e9t\u00e9 le verdict rendu, derni\u00e8rement, par la chambre criminelle pr\u00e8s la Cour d\u2019appel de Safi contre un SDF qui a tu\u00e9, il y a quatre ans, son compagnon \u00e0 Essaouira. C\u2019\u00e9tait en octobre 2016 que le cadavre de la victime, \u00e9galement un SDF de son \u00e9tat, a \u00e9t\u00e9 [&hellip;]<\/p>\n","protected":false},"author":1759,"featured_media":0,"comment_status":"closed","ping_status":"closed","sticky":false,"template":"","format":"standard","meta":{"fifu_image_url":"http:\/\/aujourdhui.ma\/wp-content\/uploads\/2021\/03\/SDF-Maroc.jpg","fifu_image_alt":"Safi : Pour avoir tu\u00e9 son ami, un SDF condamn\u00e9 \u00e0 30 ans de r\u00e9clusion criminelle","footnotes":""},"categories":[73,54],"tags":[],"class_list":["post-112587","post","type-post","status-publish","format-standard","hentry","category-actualite","category-maroc"],"_links":{"self":[{"href":"https:\/\/linitiative.ca\/International\/wp-json\/wp\/v2\/posts\/112587","targetHints":{"allow":["GET"]}}],"collection":[{"href":"https:\/\/linitiative.ca\/International\/wp-json\/wp\/v2\/posts"}],"about":[{"href":"https:\/\/linitiative.ca\/International\/wp-json\/wp\/v2\/types\/post"}],"author":[{"embeddable":true,"href":"https:\/\/linitiative.ca\/International\/wp-json\/wp\/v2\/users\/1759"}],"replies":[{"embeddable":true,"href":"https:\/\/linitiative.ca\/International\/wp-json\/wp\/v2\/comments?post=112587"}],"version-history":[{"count":0,"href":"https:\/\/linitiative.ca\/International\/wp-json\/wp\/v2\/posts\/112587\/revisions"}],"wp:attachment":[{"href":"https:\/\/linitiative.ca\/International\/wp-json\/wp\/v2\/media?parent=112587"}],"wp:term":[{"taxonomy":"category","embeddable":true,"href":"https:\/\/linitiative.ca\/International\/wp-json\/wp\/v2\/categories?post=112587"},{"taxonomy":"post_tag","embeddable":true,"href":"https:\/\/linitiative.ca\/International\/wp-json\/wp\/v2\/tags?post=112587"}],"curies":[{"name":"wp","href":"https:\/\/api.w.org\/{rel}","templated":true}]}}