{"id":112588,"date":"2021-03-06T05:45:31","date_gmt":"2021-03-06T10:45:31","guid":{"rendered":"https:\/\/linitiative.ca\/International\/linstitut-culturel-italien-de-rabat-promeut-la-culture-de-son-pays-des-ce-mois\/"},"modified":"2021-03-06T05:45:31","modified_gmt":"2021-03-06T10:45:31","slug":"linstitut-culturel-italien-de-rabat-promeut-la-culture-de-son-pays-des-ce-mois","status":"publish","type":"post","link":"https:\/\/linitiative.ca\/International\/linstitut-culturel-italien-de-rabat-promeut-la-culture-de-son-pays-des-ce-mois\/","title":{"rendered":"L\u2019Institut culturel italien de Rabat promeut la culture de son pays d\u00e8s ce mois"},"content":{"rendered":"<figure class=\"post-thumbnail\" itemprop=\"associatedMedia\" itemscope=\"itemscope\" itemtype=\"http:\/\/schema.org\/ImageObject\"><img decoding=\"async\" class=\"post_layout_5_img\" src=\"http:\/\/aujourdhui.ma\/wp-content\/uploads\/2021\/03\/Institut-culturel-italien.jpg\" alt=\"L\u2019Institut culturel italien de Rabat promeut la culture de son pays d\u00e8s ce mois\"\/><\/figure>\n<p><span class=\"c5\"><strong>Musique de Rossini, projection de courts-m\u00e9trages italiens, chants de Dante \u2026<\/strong><\/span><span id=\"more-370233\"\/><\/p>\n<p>In\u00e9dit. Pour la premi\u00e8re fois, l\u2019Italie lance, via son Institut culturel de Rabat, un nouveau programme assez riche en activit\u00e9s d\u00e8s ce mois de mars. Intitul\u00e9e \u00abVivre \u00e0 l\u2019italienne\u00bb, cette programmation est, selon Carmela Callea, nouvelle directrice de l\u2019institut, marqu\u00e9e par des \u00e9v\u00e9nements d\u00e9di\u00e9s \u00abau design, \u00e0 l\u2019op\u00e9ra, \u00e0 la musique et au cin\u00e9ma\u00bb. Comme elle le d\u00e9taille, lors d\u2019un webinaire organis\u00e9 mercredi \u00e0 cet effet, une manifestation sera consacr\u00e9e lors du mois courant au septi\u00e8me centenaire de Dante Alighieri, c\u00e9l\u00e8bre po\u00e8te, \u00e9crivain, penseur et homme politique florentin connu pour \u00eatre le p\u00e8re de la langue italienne. \u00abOutre celui de Rabat, tous les instituts culturels italiens vont proposer des chants de Dante\u00bb, d\u00e9taille-t-elle. Et ce n\u2019est pas tout ! \u00abLa petite messe solennelle du c\u00e9l\u00e8bre compositeur italien Gioachino Rossini sera interpr\u00e9t\u00e9e le temps de concerts\u00bb, ajoute l\u2019intervenante.<\/p>\n<p>En octobre prochain, la langue italienne sera, \u00e0 son tour, c\u00e9l\u00e9br\u00e9e dans le Royaume. De m\u00eame, la gastronomie ne sera pas en reste puisqu\u2019une semaine sera d\u00e9di\u00e9e \u00e0 la cuisine italienne. Mais bien avant, le cin\u00e9ma de ce pays gagnera en promotion.<br \/>A ce propos, Carlo Gentile, consultant de l\u2019Institut culturel italien de Rabat et journaliste culture \u00e0 la cha\u00eene t\u00e9l\u00e9vis\u00e9e Rai, pr\u00e9cise qu\u2019une quarantaine de \u00abcourts-m\u00e9trages sera projet\u00e9e\u00bb. La programmation \u00e9tant pr\u00e9vue de la mi-mars \u00e0 la mi-avril. \u00abBien que ce soient des courts-m\u00e9trages, ces films sont des chefs-d\u2019\u0153uvre qu\u2019on va pr\u00e9senter et qu\u2019on a tr\u00e8s peu connu\u00bb, d\u00e9taille-t-il en rappelant que ces projections sont destin\u00e9es \u00e0 voir le monde du court-m\u00e9trage. Mieux encore, des webinaires seront, selon l\u2019intervenant, anim\u00e9s, entre avril et juin, par des r\u00e9alisateurs et professionnels du cin\u00e9ma qui s\u2019exprimeront sur l\u2019histoire de ces courts-m\u00e9trages. Et ce n\u2019est pas fini! Un voyage \u00abcolor\u00e9\u00bb sera, selon M. Gentile, offert \u00abpar le cin\u00e9ma\u00bb pour laisser voir diff\u00e9rentes r\u00e9gions italiennes, dans le cadre de cette programmation qui comm\u00e9more \u00e9galement la journ\u00e9e internationale du cin\u00e9ma italien c\u00e9l\u00e9br\u00e9e le 20 juin. \u00abNous n\u2019avons jamais fait de tels \u00e9v\u00e9nements dans les instituts culturels italiens. Pour une premi\u00e8re fois, nous le faisons \u00e0 Rabat\u00bb, exalte-t-il. Mme Callea abonde dans le m\u00eame sens.<\/p>\n<p>\u00abIl s\u2019agit d\u2019un grand effort de l\u2019Institut culturel italien de Rabat\u00bb, avance-t-elle en devant une fi\u00e8re chandelle aux partenaires de ces \u00e9v\u00e9nements initi\u00e9s avec le concours du minist\u00e8re italien des affaires \u00e9trang\u00e8res entre autres. L\u2019objectif \u00e9tant, pour elle, de faire conna\u00eetre \u00abla langue italienne et le patrimoine culturel italien qui appartient non seulement \u00e0 l\u2019Italie mais aussi \u00e0 tous\u00bb.<br \/>Quant au format de ces manifestations, il sera, au cours des premiers six mois, \u00aben ligne\u00bb sur la page officielle Facebook de l\u2019institut. Ainsi, la messe du compositeur sera interpr\u00e9t\u00e9e le 7 mars pour \u00eatre diffus\u00e9e en ligne par la suite. L\u2019activit\u00e9 d\u00e9di\u00e9e \u00e0 Dante sera aussi programm\u00e9e du 21 au 25 mars \u00e0 l\u2019occasion de la journ\u00e9e mondiale de la po\u00e9sie. \u00abNous avons essay\u00e9 de trouver un lien entre Dante et le Maroc.<\/p>\n<p>Des artistes vont nous accompagner lors de cet \u00e9v\u00e9nement \u00e0 l\u2019instar de la Marocaine Latefa Ahrrare\u00bb, d\u00e9taille, de son c\u00f4t\u00e9, M. Gentile. Le tout sans g\u00e2cher des \u00absurprises\u00bb. \u00abNous esp\u00e9rons pouvoir proposer, dans le futur, diff\u00e9rents \u00e9v\u00e9nements culturels en direct\u00bb, encha\u00eene, pour sa part, Mme Callea en allusion visiblement au pr\u00e9sentiel. La directrice, qui indique que l\u2019institut qu\u2019elle chapeaute est ouvert \u00e0 toute collaboration pour proposer des activit\u00e9s, ne manque pas de susciter la situation actuelle dont la programmation d\u00e9pendra aussi. Pour elle, l\u2019institut vise \u00e0 \u00abr\u00e9pondre \u00e0 cette p\u00e9riode qui nous aide \u00e0 r\u00e9fl\u00e9chir sur plusieurs aspects de notre existence\u00bb. Judicieux !<\/p>\n<p>Auteur: Salima Guisser<br \/>\n<a href=\"https:\/\/aujourdhui.ma\/culture\/linstitut-culturel-italien-de-rabat-promeut-la-culture-de-son-pays-des-ce-mois\">Cliquez ici pour lire l&rsquo;article depuis sa source.<\/a><\/p>\n","protected":false},"excerpt":{"rendered":"<p>Musique de Rossini, projection de courts-m\u00e9trages italiens, chants de Dante \u2026 In\u00e9dit. Pour la premi\u00e8re fois, l\u2019Italie lance, via son Institut culturel de Rabat, un nouveau programme assez riche en activit\u00e9s d\u00e8s ce mois de mars. Intitul\u00e9e \u00abVivre \u00e0 l\u2019italienne\u00bb, cette programmation est, selon Carmela Callea, nouvelle directrice de l\u2019institut, marqu\u00e9e par des \u00e9v\u00e9nements d\u00e9di\u00e9s [&hellip;]<\/p>\n","protected":false},"author":1759,"featured_media":0,"comment_status":"closed","ping_status":"closed","sticky":false,"template":"","format":"standard","meta":{"fifu_image_url":"http:\/\/aujourdhui.ma\/wp-content\/uploads\/2021\/03\/Institut-culturel-italien.jpg","fifu_image_alt":"L\u2019Institut culturel italien de Rabat promeut la culture de son pays d\u00e8s ce mois","footnotes":""},"categories":[73,54],"tags":[],"class_list":["post-112588","post","type-post","status-publish","format-standard","hentry","category-actualite","category-maroc"],"_links":{"self":[{"href":"https:\/\/linitiative.ca\/International\/wp-json\/wp\/v2\/posts\/112588","targetHints":{"allow":["GET"]}}],"collection":[{"href":"https:\/\/linitiative.ca\/International\/wp-json\/wp\/v2\/posts"}],"about":[{"href":"https:\/\/linitiative.ca\/International\/wp-json\/wp\/v2\/types\/post"}],"author":[{"embeddable":true,"href":"https:\/\/linitiative.ca\/International\/wp-json\/wp\/v2\/users\/1759"}],"replies":[{"embeddable":true,"href":"https:\/\/linitiative.ca\/International\/wp-json\/wp\/v2\/comments?post=112588"}],"version-history":[{"count":0,"href":"https:\/\/linitiative.ca\/International\/wp-json\/wp\/v2\/posts\/112588\/revisions"}],"wp:attachment":[{"href":"https:\/\/linitiative.ca\/International\/wp-json\/wp\/v2\/media?parent=112588"}],"wp:term":[{"taxonomy":"category","embeddable":true,"href":"https:\/\/linitiative.ca\/International\/wp-json\/wp\/v2\/categories?post=112588"},{"taxonomy":"post_tag","embeddable":true,"href":"https:\/\/linitiative.ca\/International\/wp-json\/wp\/v2\/tags?post=112588"}],"curies":[{"name":"wp","href":"https:\/\/api.w.org\/{rel}","templated":true}]}}