{"id":112592,"date":"2021-03-06T04:30:00","date_gmt":"2021-03-06T09:30:00","guid":{"rendered":"https:\/\/linitiative.ca\/International\/boudaoui-forfait-face-a-la-zambie-et-au-botswana\/"},"modified":"2021-03-06T04:30:00","modified_gmt":"2021-03-06T09:30:00","slug":"boudaoui-forfait-face-a-la-zambie-et-au-botswana","status":"publish","type":"post","link":"https:\/\/linitiative.ca\/International\/boudaoui-forfait-face-a-la-zambie-et-au-botswana\/","title":{"rendered":"Boudaoui forfait face \u00e0 la Zambie et au Botswana"},"content":{"rendered":"<div id=\"originalText\" readability=\"60\">\n<p>Coup dur pour l\u2019international alg\u00e9rien de l\u2019OGC Nice, Hicham Boudaoui. Ce dernier, touch\u00e9 au m\u00e9nisque de la jambe droite lors de la derni\u00e8re rencontre de son \u00e9quipe en championnat de Ligue 1 fran\u00e7aise, ne sera pas disponible pour le prochain stage de la s\u00e9lection nationale. En effet, le driver des Verts, Djamel Belmadi, devra se passer des services de son milieu de terrain lors des deux prochaines rencontres respectivement contre la Zambie et le Botswana.<\/p>\n<p>Deux rencontres pr\u00e9vues fin mars pour le compte des deux derni\u00e8res journ\u00e9es des \u00e9liminatoires de la Coupe d\u2019Afrique des nations 2021. La direction de l\u2019OGC Nice a confirm\u00e9 jeudi dernier dans un communiqu\u00e9 l\u2019indisponibilit\u00e9 de Boudaoui pour les deux prochains mois en expliquant la nature de la blessure de son joueur : \u201cMauvaise nouvelle pour Hicham Boudaoui et pour l\u2019OGC Nice. Rest\u00e9 \u00e0 terre au cours de la premi\u00e8re mi-temps de Nice-N\u00eemes (2-1), puis remplac\u00e9 \u00e0 la pause, l\u2019international alg\u00e9rien a pass\u00e9 des examens m\u00e9dicaux ce jeudi. Ils ont r\u00e9v\u00e9l\u00e9 une l\u00e9sion au m\u00e9nisque, qui le tiendra \u00e9loign\u00e9 des terrains au minimum deux mois. N\u00e9anmoins, toutes les composantes du club se mettront \u00e0 sa disposition pour l\u2019accompagner au mieux dans sa convalescence et sa r\u00e9\u00e9ducation. Avec la certitude qu\u2019il reviendra plus fort, comme il le fit apr\u00e8s sa blessure estivale, gr\u00e2ce \u00e0 son abn\u00e9gation et \u00e0 son go\u00fbt de l\u2019effort.\u201d<\/p>\n<p>Apr\u00e8s s\u2019\u00eatre illustr\u00e9 lors des derniers matchs de son \u00e9quipe qui lui valut la palme du meilleur joueur du club durant le mois de f\u00e9vrier, voil\u00e0 que le milieu de terrain Boudaoui voit son \u00e9lan frein\u00e9 \u00e0 cause de cette blessure. D\u00e9cid\u00e9ment, la guigne des blessures poursuit le joueur, puisqu\u2019il a connu un d\u00e9but de saison tr\u00e8s difficile suite \u00e0 une blessure au genou lors du stage d\u2019intersaison de l\u2019OGC Nice au mois d\u2019ao\u00fbt dernier et qui l\u2019a oblig\u00e9 \u00e0 41 jours de convalescence. Boudaoui a d\u00fb faire l\u2019impasse sur les sept premi\u00e8res journ\u00e9es du championnat fran\u00e7ais avant d\u2019effectuer un retour progressif \u00e0 la comp\u00e9tition.<\/p>\n<p class=\"c6\"><strong>A. Ifticen\u00a0<\/strong><\/p>\n<\/div>\n<div id=\"text_core\" readability=\"60\">\n<p>Coup dur pour l\u2019international alg\u00e9rien de l\u2019OGC Nice, Hicham Boudaoui. Ce dernier, touch\u00e9 au m\u00e9nisque de la jambe droite lors de la derni\u00e8re rencontre de son \u00e9quipe en championnat de Ligue 1 fran\u00e7aise, ne sera pas disponible pour le prochain stage de la s\u00e9lection nationale. En effet, le driver des Verts, Djamel Belmadi, devra se passer des services de son milieu de terrain lors des deux prochaines rencontres respectivement contre la Zambie et le Botswana.<\/p>\n<p>Deux rencontres pr\u00e9vues fin mars pour le compte des deux derni\u00e8res journ\u00e9es des \u00e9liminatoires de la Coupe d\u2019Afrique des nations 2021. La direction de l\u2019OGC Nice a confirm\u00e9 jeudi dernier dans un communiqu\u00e9 l\u2019indisponibilit\u00e9 de Boudaoui pour les deux prochains mois en expliquant la nature de la blessure de son joueur : \u201cMauvaise nouvelle pour Hicham Boudaoui et pour l\u2019OGC Nice. Rest\u00e9 \u00e0 terre au cours de la premi\u00e8re mi-temps de Nice-N\u00eemes (2-1), puis remplac\u00e9 \u00e0 la pause, l\u2019international alg\u00e9rien a pass\u00e9 des examens m\u00e9dicaux ce jeudi. Ils ont r\u00e9v\u00e9l\u00e9 une l\u00e9sion au m\u00e9nisque, qui le tiendra \u00e9loign\u00e9 des terrains au minimum deux mois. N\u00e9anmoins, toutes les composantes du club se mettront \u00e0 sa disposition pour l\u2019accompagner au mieux dans sa convalescence et sa r\u00e9\u00e9ducation. Avec la certitude qu\u2019il reviendra plus fort, comme il le fit apr\u00e8s sa blessure estivale, gr\u00e2ce \u00e0 son abn\u00e9gation et \u00e0 son go\u00fbt de l\u2019effort.\u201d<\/p>\n<p>Apr\u00e8s s\u2019\u00eatre illustr\u00e9 lors des derniers matchs de son \u00e9quipe qui lui valut la palme du meilleur joueur du club durant le mois de f\u00e9vrier, voil\u00e0 que le milieu de terrain Boudaoui voit son \u00e9lan frein\u00e9 \u00e0 cause de cette blessure. D\u00e9cid\u00e9ment, la guigne des blessures poursuit le joueur, puisqu\u2019il a connu un d\u00e9but de saison tr\u00e8s difficile suite \u00e0 une blessure au genou lors du stage d\u2019intersaison de l\u2019OGC Nice au mois d\u2019ao\u00fbt dernier et qui l\u2019a oblig\u00e9 \u00e0 41 jours de convalescence. Boudaoui a d\u00fb faire l\u2019impasse sur les sept premi\u00e8res journ\u00e9es du championnat fran\u00e7ais avant d\u2019effectuer un retour progressif \u00e0 la comp\u00e9tition.<\/p>\n<p class=\"c6\"><strong>A. Ifticen\u00a0<\/strong><\/p>\n<\/div>\n<p>Auteur:<br \/>\n<a href=\"https:\/\/www.liberte-algerie.com\/sports\/boudaoui-forfait-face-a-la-zambie-et-au-botswana-355074\">Cliquez ici pour lire l&rsquo;article depuis sa source.<\/a><\/p>\n","protected":false},"excerpt":{"rendered":"<p>Coup dur pour l\u2019international alg\u00e9rien de l\u2019OGC Nice, Hicham Boudaoui. Ce dernier, touch\u00e9 au m\u00e9nisque de la jambe droite lors de la derni\u00e8re rencontre de son \u00e9quipe en championnat de Ligue 1 fran\u00e7aise, ne sera pas disponible pour le prochain stage de la s\u00e9lection nationale. En effet, le driver des Verts, Djamel Belmadi, devra se [&hellip;]<\/p>\n","protected":false},"author":1742,"featured_media":0,"comment_status":"closed","ping_status":"closed","sticky":false,"template":"","format":"standard","meta":{"fifu_image_url":"","fifu_image_alt":"","footnotes":""},"categories":[73,53],"tags":[],"class_list":["post-112592","post","type-post","status-publish","format-standard","hentry","category-actualite","category-algerie"],"_links":{"self":[{"href":"https:\/\/linitiative.ca\/International\/wp-json\/wp\/v2\/posts\/112592","targetHints":{"allow":["GET"]}}],"collection":[{"href":"https:\/\/linitiative.ca\/International\/wp-json\/wp\/v2\/posts"}],"about":[{"href":"https:\/\/linitiative.ca\/International\/wp-json\/wp\/v2\/types\/post"}],"author":[{"embeddable":true,"href":"https:\/\/linitiative.ca\/International\/wp-json\/wp\/v2\/users\/1742"}],"replies":[{"embeddable":true,"href":"https:\/\/linitiative.ca\/International\/wp-json\/wp\/v2\/comments?post=112592"}],"version-history":[{"count":0,"href":"https:\/\/linitiative.ca\/International\/wp-json\/wp\/v2\/posts\/112592\/revisions"}],"wp:attachment":[{"href":"https:\/\/linitiative.ca\/International\/wp-json\/wp\/v2\/media?parent=112592"}],"wp:term":[{"taxonomy":"category","embeddable":true,"href":"https:\/\/linitiative.ca\/International\/wp-json\/wp\/v2\/categories?post=112592"},{"taxonomy":"post_tag","embeddable":true,"href":"https:\/\/linitiative.ca\/International\/wp-json\/wp\/v2\/tags?post=112592"}],"curies":[{"name":"wp","href":"https:\/\/api.w.org\/{rel}","templated":true}]}}