{"id":112593,"date":"2021-03-06T04:30:00","date_gmt":"2021-03-06T09:30:00","guid":{"rendered":"https:\/\/linitiative.ca\/International\/len-va-t-elle-etre-privee-de-mahrez-et-de-benrahma\/"},"modified":"2021-03-06T04:30:00","modified_gmt":"2021-03-06T09:30:00","slug":"len-va-t-elle-etre-privee-de-mahrez-et-de-benrahma","status":"publish","type":"post","link":"https:\/\/linitiative.ca\/International\/len-va-t-elle-etre-privee-de-mahrez-et-de-benrahma\/","title":{"rendered":"L\u2019EN va-t-elle \u00eatre priv\u00e9e de Mahrez et de Benrahma ?"},"content":{"rendered":"<div id=\"originalText\" readability=\"80\">\n<p>L\u2019international alg\u00e9rien Ryad Mahrez, qui traverse une p\u00e9riode faste, pourrait rater les deux prochains matchs de l&rsquo;\u00e9quipe nationale face respectivement \u00e0 la Zambie, le 25 mars \u00e0 Lusaka et le Botswana le 29 \u00e0 Blida, et ce, pour des rencontres comptant pour la 5e et 6e journ\u00e9es des \u00e9liminatoires de la CAN 2021.<\/p>\n<p>En effet, devant la propagation du variant de la Covid-19 qui a frapp\u00e9 le Royaume-Uni, les autorit\u00e9s de ce pays ont d\u00e9cid\u00e9 de proc\u00e9der au confinement obligatoire d\u2019une dur\u00e9e de 10 jours pour chaque citoyen qui p\u00e9n\u00e8tre le territoire britannique. Inutile de dire que cette d\u00e9cision fait jaser dans le milieu footballistique avec l\u2019approche des dates FIFA o\u00f9 il sera question pour les internationaux de rejoindre leur pays en vue de prendre part aux matches internationaux.<\/p>\n<p>Le capitaine des Verts risque de ne pas se d\u00e9placer en Zambie, surtout que l\u2019entra\u00eeneur des Citizen, Pep Guardiola, ne s&rsquo;est toujours pas prononc\u00e9 justement sur ce cas et pourrait vraisemblablement rejoindre l\u2019avis de l&rsquo;entra\u00eeneur de Man Utd qui a interdit \u00e0 son joueur, le Portugais Bruno Fernandes, de rejoindre sa s\u00e9lection pour jouer face \u00e0 l&rsquo;Azerba\u00efdjan, la Serbie et le Luxembourg les 24, 27 et 30 mars pour les qualifications du Mondial 2022. M\u00eame Jurgen Klupp (Liverpool) a adopt\u00e9 la m\u00eame position en interdisant \u00e0 ses Br\u00e9siliens Alisson Becker, Fabinho, et Roberto Firmino de participer, le 26 mars, au match contre la Colombie et le 31 face \u00e0 l\u2019Argentine pour le compte du Mondial 2020, c&rsquo;est dire que la situation des joueurs se complique davantage, surtout que la FIFA a autoris\u00e9 les clubs \u00e0 ne pas lib\u00e9rer leurs joueurs, comme l\u2019a fait d\u2019ailleurs remarquer l&rsquo;entra\u00eeneur de Manchester United.<\/p>\n<p>\u201cNous n&rsquo;avons pas encore pris de position sur cette question, mais cela n&rsquo;a pas de sens de perdre un joueur pendant dix jours d&rsquo;isolement. C&rsquo;est nous qui payons les joueurs&#8230; La FIFA a donn\u00e9 comme r\u00e8gle qu&rsquo;ils peuvent ne pas \u00eatre lib\u00e9r\u00e9s, donc il va \u00eatre difficile de les laisser jouer dans les pays de la liste rouge.\u201d Mahrez devra aborder cet \u00e9pineux probl\u00e8me avec son entra\u00eeneur Pep Guardiola afin de r\u00e9gler d\u00e9finitivement la question, car le stage des Verts sera entam\u00e9 au CTN de Sidi Moussa le 20 mars. M\u00eame l&rsquo;autre international Sa\u00efd Benrahma, qui \u00e9volue \u00e0 West Ham, se trouve dans la m\u00eame situation.\u00a0 Nos deux internationaux seront oblig\u00e9s, au cas o\u00f9 ils rejoindraient la s\u00e9lection nationale, de se confiner d\u00e8s leur retour en Angleterre pendant 10 jours, dans une p\u00e9riode qui co\u00efncidera avec les grands challenges, notamment la Ligue des champions d\u2019Europe pour Man City.<\/p>\n<p class=\"c6\"><strong>R. A.<\/strong><\/p>\n<\/div>\n<div id=\"text_core\" readability=\"80\">\n<p>L\u2019international alg\u00e9rien Ryad Mahrez, qui traverse une p\u00e9riode faste, pourrait rater les deux prochains matchs de l&rsquo;\u00e9quipe nationale face respectivement \u00e0 la Zambie, le 25 mars \u00e0 Lusaka et le Botswana le 29 \u00e0 Blida, et ce, pour des rencontres comptant pour la 5e et 6e journ\u00e9es des \u00e9liminatoires de la CAN 2021.<\/p>\n<p>En effet, devant la propagation du variant de la Covid-19 qui a frapp\u00e9 le Royaume-Uni, les autorit\u00e9s de ce pays ont d\u00e9cid\u00e9 de proc\u00e9der au confinement obligatoire d\u2019une dur\u00e9e de 10 jours pour chaque citoyen qui p\u00e9n\u00e8tre le territoire britannique. Inutile de dire que cette d\u00e9cision fait jaser dans le milieu footballistique avec l\u2019approche des dates FIFA o\u00f9 il sera question pour les internationaux de rejoindre leur pays en vue de prendre part aux matches internationaux.<\/p>\n<p>Le capitaine des Verts risque de ne pas se d\u00e9placer en Zambie, surtout que l\u2019entra\u00eeneur des Citizen, Pep Guardiola, ne s&rsquo;est toujours pas prononc\u00e9 justement sur ce cas et pourrait vraisemblablement rejoindre l\u2019avis de l&rsquo;entra\u00eeneur de Man Utd qui a interdit \u00e0 son joueur, le Portugais Bruno Fernandes, de rejoindre sa s\u00e9lection pour jouer face \u00e0 l&rsquo;Azerba\u00efdjan, la Serbie et le Luxembourg les 24, 27 et 30 mars pour les qualifications du Mondial 2022. M\u00eame Jurgen Klupp (Liverpool) a adopt\u00e9 la m\u00eame position en interdisant \u00e0 ses Br\u00e9siliens Alisson Becker, Fabinho, et Roberto Firmino de participer, le 26 mars, au match contre la Colombie et le 31 face \u00e0 l\u2019Argentine pour le compte du Mondial 2020, c&rsquo;est dire que la situation des joueurs se complique davantage, surtout que la FIFA a autoris\u00e9 les clubs \u00e0 ne pas lib\u00e9rer leurs joueurs, comme l\u2019a fait d\u2019ailleurs remarquer l&rsquo;entra\u00eeneur de Manchester United.<\/p>\n<p>\u201cNous n&rsquo;avons pas encore pris de position sur cette question, mais cela n&rsquo;a pas de sens de perdre un joueur pendant dix jours d&rsquo;isolement. C&rsquo;est nous qui payons les joueurs&#8230; La FIFA a donn\u00e9 comme r\u00e8gle qu&rsquo;ils peuvent ne pas \u00eatre lib\u00e9r\u00e9s, donc il va \u00eatre difficile de les laisser jouer dans les pays de la liste rouge.\u201d Mahrez devra aborder cet \u00e9pineux probl\u00e8me avec son entra\u00eeneur Pep Guardiola afin de r\u00e9gler d\u00e9finitivement la question, car le stage des Verts sera entam\u00e9 au CTN de Sidi Moussa le 20 mars. M\u00eame l&rsquo;autre international Sa\u00efd Benrahma, qui \u00e9volue \u00e0 West Ham, se trouve dans la m\u00eame situation.\u00a0 Nos deux internationaux seront oblig\u00e9s, au cas o\u00f9 ils rejoindraient la s\u00e9lection nationale, de se confiner d\u00e8s leur retour en Angleterre pendant 10 jours, dans une p\u00e9riode qui co\u00efncidera avec les grands challenges, notamment la Ligue des champions d\u2019Europe pour Man City.<\/p>\n<p class=\"c6\"><strong>R. A.<\/strong><\/p>\n<\/div>\n<p>Auteur:<br \/>\n<a href=\"https:\/\/www.liberte-algerie.com\/sports\/len-va-t-elle-etre-privee-de-mahrez-et-de-benrahma-355073\">Cliquez ici pour lire l&rsquo;article depuis sa source.<\/a><\/p>\n","protected":false},"excerpt":{"rendered":"<p>L\u2019international alg\u00e9rien Ryad Mahrez, qui traverse une p\u00e9riode faste, pourrait rater les deux prochains matchs de l&rsquo;\u00e9quipe nationale face respectivement \u00e0 la Zambie, le 25 mars \u00e0 Lusaka et le Botswana le 29 \u00e0 Blida, et ce, pour des rencontres comptant pour la 5e et 6e journ\u00e9es des \u00e9liminatoires de la CAN 2021. En effet, [&hellip;]<\/p>\n","protected":false},"author":1742,"featured_media":0,"comment_status":"closed","ping_status":"closed","sticky":false,"template":"","format":"standard","meta":{"fifu_image_url":"","fifu_image_alt":"","footnotes":""},"categories":[73,53],"tags":[],"class_list":["post-112593","post","type-post","status-publish","format-standard","hentry","category-actualite","category-algerie"],"_links":{"self":[{"href":"https:\/\/linitiative.ca\/International\/wp-json\/wp\/v2\/posts\/112593","targetHints":{"allow":["GET"]}}],"collection":[{"href":"https:\/\/linitiative.ca\/International\/wp-json\/wp\/v2\/posts"}],"about":[{"href":"https:\/\/linitiative.ca\/International\/wp-json\/wp\/v2\/types\/post"}],"author":[{"embeddable":true,"href":"https:\/\/linitiative.ca\/International\/wp-json\/wp\/v2\/users\/1742"}],"replies":[{"embeddable":true,"href":"https:\/\/linitiative.ca\/International\/wp-json\/wp\/v2\/comments?post=112593"}],"version-history":[{"count":0,"href":"https:\/\/linitiative.ca\/International\/wp-json\/wp\/v2\/posts\/112593\/revisions"}],"wp:attachment":[{"href":"https:\/\/linitiative.ca\/International\/wp-json\/wp\/v2\/media?parent=112593"}],"wp:term":[{"taxonomy":"category","embeddable":true,"href":"https:\/\/linitiative.ca\/International\/wp-json\/wp\/v2\/categories?post=112593"},{"taxonomy":"post_tag","embeddable":true,"href":"https:\/\/linitiative.ca\/International\/wp-json\/wp\/v2\/tags?post=112593"}],"curies":[{"name":"wp","href":"https:\/\/api.w.org\/{rel}","templated":true}]}}