{"id":112594,"date":"2021-03-06T04:30:00","date_gmt":"2021-03-06T09:30:00","guid":{"rendered":"https:\/\/linitiative.ca\/International\/je-serai-candidat-aux-elections-du-conseil-de-la-fifa\/"},"modified":"2021-03-06T04:30:00","modified_gmt":"2021-03-06T09:30:00","slug":"je-serai-candidat-aux-elections-du-conseil-de-la-fifa","status":"publish","type":"post","link":"https:\/\/linitiative.ca\/International\/je-serai-candidat-aux-elections-du-conseil-de-la-fifa\/","title":{"rendered":"\u201cJe serai candidat aux \u00e9lections du conseil de la FIFA\u201d"},"content":{"rendered":"<div id=\"originalText\" readability=\"89\">\n<p><strong>Le pr\u00e9sident de la FAF participera aux prochaines \u00e9lections du conseil de la F\u00e9d\u00e9ration internationale de football (FIFA), pr\u00e9vues le 12 mars \u00e0 Rabat (Maroc), en marge de l&rsquo;AGE de la CAF.<\/strong><\/p>\n<p>Le pr\u00e9sident de la FAF a confirm\u00e9 l\u2019infirmation et ce, apr\u00e8s avoir obtenu gain de cause du TAS de Lausanne suite \u00e0 un recours introduit par la FAF apr\u00e8s le rejet de son dossier de candidature par la FIFA, le 26 janvier dernier, pour avoir omis de mentionner deux anciennes suspensions. \u201cApr\u00e8s avoir d\u00e9pos\u00e9 un recours au Tribunal arbitral du sport de Lausanne, ce dernier a donn\u00e9 gain de cause au dossier de la FAF. Nous avons r\u00e9uni tous les moyens n\u00e9cessaires pour d\u00e9fendre notre dossier. Maintenant que la d\u00e9cision finale est prise, nous allons participer aux \u00e9lections du conseil de la FIFA le 12 mars prochain avec le ferme espoir de remporter un si\u00e8ge. Je souhaite vivement avoir l\u2019aide de toutes les parties concern\u00e9es par cette \u00e9lection\u201d, a-t-il indiqu\u00e9 hier sur les ondes de la cha\u00eene I. L\u2019on se rappelle que la FIFA avait reproch\u00e9 \u00e0 Zetchi d\u2019avoir oubli\u00e9 de signaler dans son dossier de candidature les suspensions prononc\u00e9es \u00e0 son encontre par la LFP en 2016 et la CAF en 2018.\u00a0<\/p>\n<p>Du coup, Zetchi pourra concourir pour l\u2019un des deux si\u00e8ges au conseil de la FIFA en compagnie de l\u2019\u00e9gyptien Hani Abou Rida, du Marocain Fawzi Lekjaa et du Guin\u00e9en Gustave Ngong. Une mission qui s\u2019annonce difficile comme l\u2019a affirm\u00e9 le patron de la FAF. \u201cNous allons reprendre le travail pour poursuivre notre campagne \u00e9lectorale durant cette semaine. Je souhaite que toutes les parties concern\u00e9es participent et pr\u00eatent main forte au dossier de l\u2019Alg\u00e9rie. Certes, il ne reste pas beaucoup de temps. La premi\u00e8re chose \u00e0 faire est de parler avec l\u2019ensemble des pr\u00e9sidents des f\u00e9d\u00e9rations africaines.<\/p>\n<p>Un travail avait \u00e9t\u00e9 d\u00e9j\u00e0 entam\u00e9 lors du Chan du Cameroun o\u00f9 nous \u00e9tions pr\u00e9sents. Nous avons perdu un mois de travail et nous allons faire de notre mieux, quitte \u00e0 bosser jour et nuit en vue d\u2019\u00eatre au rendez-vous le 12 mars prochain. Nous demeurons optimistes m\u00eame si nous savons pertinemment que la mission s\u2019annonce difficile\u201d, a-t-il estim\u00e9. A ce titre, Zetchi reconna\u00eet que ses deux concurrents Hani Abou Rida et Lekjaa ont une longueur d\u2019avance sur lui. \u201cIl y aura des \u00e9lections au niveau de la CAF, au comit\u00e9 ex\u00e9cutif de la CAF et au conseil de la FIFA. Nous savions pertinemment que les candidats marocain et \u00e9gyptien p\u00e8sent beaucoup sur la sc\u00e8ne continentale, mais l\u2019Alg\u00e9rie doit \u00eatre pr\u00e9sente sur la sc\u00e8ne internationale. Nous avons mobilis\u00e9 tous les moyens pour permettre \u00e0 l\u2019Alg\u00e9rie d\u2019\u00eatre dans un meilleur rang. Nous avons d\u00e9cid\u00e9 d\u2019emprunter ce chemin, malgr\u00e9 le retard qu\u2019a engendr\u00e9 cette histoire de rejet de dossier, nous aurions pu poursuivre la campagne dans de bonnes conditions.<\/p>\n<p>L\u2019important est de poursuivre notre travail pour \u00eatre pr\u00eat pour le 12 mars prochain\u201d, fait-il savoir. D\u2019ailleurs, le pr\u00e9sident de la FAF va se rendre d\u00e8s mercredi prochain au Maroc pour participer aux \u00e9lections du 12 mars prochain. \u201cNous allons nous d\u00e9placer le 10 mars \u00e0 Rabat en compagnie du secr\u00e9taire g\u00e9n\u00e9ral de la FAF et Amar Bahloul, membre du bureau f\u00e9d\u00e9ral. Toutefois, nous savons qu\u2019il existe un probl\u00e8me de d\u00e9placement en raison de la crise sanitaire, mais nous allons nous pr\u00e9parer en cons\u00e9quence pour nous pr\u00e9senter le jour voulu au Maroc\u201d, a-t-il ajout\u00e9.\u00a0<\/p>\n<p>En tout cas, la r\u00e9habilitation du pr\u00e9sident de la FAF pour les \u00e9lections du conseil de la FIFA est beaucoup plus une victoire morale car cette d\u00e9cision prouve la bonne foi de Zetchi qui n\u2019a pas cherch\u00e9 \u00e0 dissimuler une quelconque sanction sur les plans national et continental.<\/p>\n<p>Dans son recours, le patron de la haute instance f\u00e9d\u00e9rale avait plaid\u00e9 sa bonne foi estimant n\u2019avoir jamais re\u00e7u une quelconque suspension \u00e9manant de la CAF et qu\u2019en r\u00e9alit\u00e9 il s\u2019agissait d\u2019une proposition de sanction du jury disciplinaire au comit\u00e9 ex\u00e9cutif de la CAF qui n\u2019a pas donn\u00e9 suite \u00e0 cette dol\u00e9ance. Maintenant que Zetchi est r\u00e9habilit\u00e9 et a confirm\u00e9 sa participation aux \u00e9lections du conseil de la FIFA, l\u2019on se demande s\u2019il pourra cr\u00e9er la \u201csurprise\u201d sachant que les jeux semblent \u00eatre faits pour la course \u00e0 tous les postes au niveau de la CAF et du conseil de la FIFA. Wait and see.<\/p>\n<p class=\"c6\"><strong>Nazim T.<\/strong><\/p>\n<\/div>\n<div id=\"text_core\" readability=\"89\">\n<p><strong>Le pr\u00e9sident de la FAF participera aux prochaines \u00e9lections du conseil de la F\u00e9d\u00e9ration internationale de football (FIFA), pr\u00e9vues le 12 mars \u00e0 Rabat (Maroc), en marge de l&rsquo;AGE de la CAF.<\/strong><\/p>\n<p>Le pr\u00e9sident de la FAF a confirm\u00e9 l\u2019infirmation et ce, apr\u00e8s avoir obtenu gain de cause du TAS de Lausanne suite \u00e0 un recours introduit par la FAF apr\u00e8s le rejet de son dossier de candidature par la FIFA, le 26 janvier dernier, pour avoir omis de mentionner deux anciennes suspensions. \u201cApr\u00e8s avoir d\u00e9pos\u00e9 un recours au Tribunal arbitral du sport de Lausanne, ce dernier a donn\u00e9 gain de cause au dossier de la FAF. Nous avons r\u00e9uni tous les moyens n\u00e9cessaires pour d\u00e9fendre notre dossier. Maintenant que la d\u00e9cision finale est prise, nous allons participer aux \u00e9lections du conseil de la FIFA le 12 mars prochain avec le ferme espoir de remporter un si\u00e8ge. Je souhaite vivement avoir l\u2019aide de toutes les parties concern\u00e9es par cette \u00e9lection\u201d, a-t-il indiqu\u00e9 hier sur les ondes de la cha\u00eene I. L\u2019on se rappelle que la FIFA avait reproch\u00e9 \u00e0 Zetchi d\u2019avoir oubli\u00e9 de signaler dans son dossier de candidature les suspensions prononc\u00e9es \u00e0 son encontre par la LFP en 2016 et la CAF en 2018.\u00a0<\/p>\n<p>Du coup, Zetchi pourra concourir pour l\u2019un des deux si\u00e8ges au conseil de la FIFA en compagnie de l\u2019\u00e9gyptien Hani Abou Rida, du Marocain Fawzi Lekjaa et du Guin\u00e9en Gustave Ngong. Une mission qui s\u2019annonce difficile comme l\u2019a affirm\u00e9 le patron de la FAF. \u201cNous allons reprendre le travail pour poursuivre notre campagne \u00e9lectorale durant cette semaine. Je souhaite que toutes les parties concern\u00e9es participent et pr\u00eatent main forte au dossier de l\u2019Alg\u00e9rie. Certes, il ne reste pas beaucoup de temps. La premi\u00e8re chose \u00e0 faire est de parler avec l\u2019ensemble des pr\u00e9sidents des f\u00e9d\u00e9rations africaines.<\/p>\n<p>Un travail avait \u00e9t\u00e9 d\u00e9j\u00e0 entam\u00e9 lors du Chan du Cameroun o\u00f9 nous \u00e9tions pr\u00e9sents. Nous avons perdu un mois de travail et nous allons faire de notre mieux, quitte \u00e0 bosser jour et nuit en vue d\u2019\u00eatre au rendez-vous le 12 mars prochain. Nous demeurons optimistes m\u00eame si nous savons pertinemment que la mission s\u2019annonce difficile\u201d, a-t-il estim\u00e9. A ce titre, Zetchi reconna\u00eet que ses deux concurrents Hani Abou Rida et Lekjaa ont une longueur d\u2019avance sur lui. \u201cIl y aura des \u00e9lections au niveau de la CAF, au comit\u00e9 ex\u00e9cutif de la CAF et au conseil de la FIFA. Nous savions pertinemment que les candidats marocain et \u00e9gyptien p\u00e8sent beaucoup sur la sc\u00e8ne continentale, mais l\u2019Alg\u00e9rie doit \u00eatre pr\u00e9sente sur la sc\u00e8ne internationale. Nous avons mobilis\u00e9 tous les moyens pour permettre \u00e0 l\u2019Alg\u00e9rie d\u2019\u00eatre dans un meilleur rang. Nous avons d\u00e9cid\u00e9 d\u2019emprunter ce chemin, malgr\u00e9 le retard qu\u2019a engendr\u00e9 cette histoire de rejet de dossier, nous aurions pu poursuivre la campagne dans de bonnes conditions.<\/p>\n<p>L\u2019important est de poursuivre notre travail pour \u00eatre pr\u00eat pour le 12 mars prochain\u201d, fait-il savoir. D\u2019ailleurs, le pr\u00e9sident de la FAF va se rendre d\u00e8s mercredi prochain au Maroc pour participer aux \u00e9lections du 12 mars prochain. \u201cNous allons nous d\u00e9placer le 10 mars \u00e0 Rabat en compagnie du secr\u00e9taire g\u00e9n\u00e9ral de la FAF et Amar Bahloul, membre du bureau f\u00e9d\u00e9ral. Toutefois, nous savons qu\u2019il existe un probl\u00e8me de d\u00e9placement en raison de la crise sanitaire, mais nous allons nous pr\u00e9parer en cons\u00e9quence pour nous pr\u00e9senter le jour voulu au Maroc\u201d, a-t-il ajout\u00e9.\u00a0<\/p>\n<p>En tout cas, la r\u00e9habilitation du pr\u00e9sident de la FAF pour les \u00e9lections du conseil de la FIFA est beaucoup plus une victoire morale car cette d\u00e9cision prouve la bonne foi de Zetchi qui n\u2019a pas cherch\u00e9 \u00e0 dissimuler une quelconque sanction sur les plans national et continental.<\/p>\n<p>Dans son recours, le patron de la haute instance f\u00e9d\u00e9rale avait plaid\u00e9 sa bonne foi estimant n\u2019avoir jamais re\u00e7u une quelconque suspension \u00e9manant de la CAF et qu\u2019en r\u00e9alit\u00e9 il s\u2019agissait d\u2019une proposition de sanction du jury disciplinaire au comit\u00e9 ex\u00e9cutif de la CAF qui n\u2019a pas donn\u00e9 suite \u00e0 cette dol\u00e9ance. Maintenant que Zetchi est r\u00e9habilit\u00e9 et a confirm\u00e9 sa participation aux \u00e9lections du conseil de la FIFA, l\u2019on se demande s\u2019il pourra cr\u00e9er la \u201csurprise\u201d sachant que les jeux semblent \u00eatre faits pour la course \u00e0 tous les postes au niveau de la CAF et du conseil de la FIFA. Wait and see.<\/p>\n<p class=\"c6\"><strong>Nazim T.<\/strong><\/p>\n<\/div>\n<p>Auteur:<br \/>\n<a href=\"https:\/\/www.liberte-algerie.com\/sports\/je-serai-candidat-aux-elections-du-conseil-de-la-fifa-355072\">Cliquez ici pour lire l&rsquo;article depuis sa source.<\/a><\/p>\n","protected":false},"excerpt":{"rendered":"<p>Le pr\u00e9sident de la FAF participera aux prochaines \u00e9lections du conseil de la F\u00e9d\u00e9ration internationale de football (FIFA), pr\u00e9vues le 12 mars \u00e0 Rabat (Maroc), en marge de l&rsquo;AGE de la CAF. Le pr\u00e9sident de la FAF a confirm\u00e9 l\u2019infirmation et ce, apr\u00e8s avoir obtenu gain de cause du TAS de Lausanne suite \u00e0 un [&hellip;]<\/p>\n","protected":false},"author":1742,"featured_media":0,"comment_status":"closed","ping_status":"closed","sticky":false,"template":"","format":"standard","meta":{"fifu_image_url":"","fifu_image_alt":"","footnotes":""},"categories":[73,53],"tags":[],"class_list":["post-112594","post","type-post","status-publish","format-standard","hentry","category-actualite","category-algerie"],"_links":{"self":[{"href":"https:\/\/linitiative.ca\/International\/wp-json\/wp\/v2\/posts\/112594","targetHints":{"allow":["GET"]}}],"collection":[{"href":"https:\/\/linitiative.ca\/International\/wp-json\/wp\/v2\/posts"}],"about":[{"href":"https:\/\/linitiative.ca\/International\/wp-json\/wp\/v2\/types\/post"}],"author":[{"embeddable":true,"href":"https:\/\/linitiative.ca\/International\/wp-json\/wp\/v2\/users\/1742"}],"replies":[{"embeddable":true,"href":"https:\/\/linitiative.ca\/International\/wp-json\/wp\/v2\/comments?post=112594"}],"version-history":[{"count":0,"href":"https:\/\/linitiative.ca\/International\/wp-json\/wp\/v2\/posts\/112594\/revisions"}],"wp:attachment":[{"href":"https:\/\/linitiative.ca\/International\/wp-json\/wp\/v2\/media?parent=112594"}],"wp:term":[{"taxonomy":"category","embeddable":true,"href":"https:\/\/linitiative.ca\/International\/wp-json\/wp\/v2\/categories?post=112594"},{"taxonomy":"post_tag","embeddable":true,"href":"https:\/\/linitiative.ca\/International\/wp-json\/wp\/v2\/tags?post=112594"}],"curies":[{"name":"wp","href":"https:\/\/api.w.org\/{rel}","templated":true}]}}