{"id":112596,"date":"2021-03-06T10:00:00","date_gmt":"2021-03-06T15:00:00","guid":{"rendered":"https:\/\/linitiative.ca\/International\/le-ffs-eloigne-la-perspective-de-sa-participation-aux-prochaines-elections\/"},"modified":"2021-03-06T10:00:00","modified_gmt":"2021-03-06T15:00:00","slug":"le-ffs-eloigne-la-perspective-de-sa-participation-aux-prochaines-elections","status":"publish","type":"post","link":"https:\/\/linitiative.ca\/International\/le-ffs-eloigne-la-perspective-de-sa-participation-aux-prochaines-elections\/","title":{"rendered":"Le FFS \u00e9loigne la perspective de sa participation aux prochaines \u00e9lections"},"content":{"rendered":"<div id=\"originalText\" readability=\"64\">\n<p>Le Front des forces socialistes a \u00e9loign\u00e9, ce samedi, la perspective de sa participation aux prochaines \u00e9lections locales et l\u00e9gislatives, auxquelles a appel\u00e9 r\u00e9cemment le pr\u00e9sident Abdelmadjid Tebboune.<\/p>\n<p>\u00ab\u00a0Nous aurons prochainement aussi \u00e0 d\u00e9battre des \u00e9ch\u00e9ances \u00e9lectorales que veut nous imposer le pouvoir. Nous r\u00e9affirmons qu\u2019elle ne saurait constituer une solution \u00e0 la crise et que les conditions minimales de leur tenue ne sont pas r\u00e9unies\u00a0\u00bb, \u00a0a d\u00e9clar\u00e9 Hakim Belahcel, membre de l\u2019instance pr\u00e9sidentielle du FFS, \u00e0 l\u2019ouverture des travaux de la session extraordinaire du conseil national du parti.<\/p>\n<p>Une fois ces \u00e9ch\u00e9ances convoqu\u00e9es, pr\u00e9cise le m\u00eame responsable, le CN \u00ab\u00a0aura \u00e0 en d\u00e9battre et \u00e0 prendre position. Mais nous le ferons, comme nous l\u2019avons toujours fait, en toute ind\u00e9pendance. Personne ne pourra nous imposer ni notre calendrier ni notre d\u00e9cision\u00bb.<\/p>\n<p>Pour mieux exprimer les r\u00e9ticences du FFS \u00e0\u00a0 s\u2019inscrire dans l\u2019agenda \u00e9lectoral du chef de l\u2019Etat, Hakim Belahcel a relev\u00e9 que dans le contexte politique, \u00e9conomique et social \u00ab\u00a0alarmant\u00a0\u00bb que connait l\u2019Alg\u00e9rie, le pouvoir \u00ab\u00a0s\u2019obstine \u00e0 maintenir sa d\u00e9marche unilat\u00e9rale, et continue de refuser toute initiative politique de sortie de crise, deux ans apr\u00e8s le d\u00e9clenchement du formidable mouvement populaire qui a vu notre peuple se mobiliser pacifiquement pour rejeter le syst\u00e8me, exiger la fin du r\u00e9gime autoritaire et l\u2019av\u00e8nement d\u2019un \u00e9tat de droit d\u00e9mocratique et social\u00bb.<\/p>\n<p class=\"c6\"><strong>R\u00e9daction Web<\/strong><\/p>\n<\/div>\n<div id=\"text_core\" readability=\"64\">\n<p>Le Front des forces socialistes a \u00e9loign\u00e9, ce samedi, la perspective de sa participation aux prochaines \u00e9lections locales et l\u00e9gislatives, auxquelles a appel\u00e9 r\u00e9cemment le pr\u00e9sident Abdelmadjid Tebboune.<\/p>\n<p>\u00ab\u00a0Nous aurons prochainement aussi \u00e0 d\u00e9battre des \u00e9ch\u00e9ances \u00e9lectorales que veut nous imposer le pouvoir. Nous r\u00e9affirmons qu\u2019elle ne saurait constituer une solution \u00e0 la crise et que les conditions minimales de leur tenue ne sont pas r\u00e9unies\u00a0\u00bb, \u00a0a d\u00e9clar\u00e9 Hakim Belahcel, membre de l\u2019instance pr\u00e9sidentielle du FFS, \u00e0 l\u2019ouverture des travaux de la session extraordinaire du conseil national du parti.<\/p>\n<p>Une fois ces \u00e9ch\u00e9ances convoqu\u00e9es, pr\u00e9cise le m\u00eame responsable, le CN \u00ab\u00a0aura \u00e0 en d\u00e9battre et \u00e0 prendre position. Mais nous le ferons, comme nous l\u2019avons toujours fait, en toute ind\u00e9pendance. Personne ne pourra nous imposer ni notre calendrier ni notre d\u00e9cision\u00bb.<\/p>\n<p>Pour mieux exprimer les r\u00e9ticences du FFS \u00e0\u00a0 s\u2019inscrire dans l\u2019agenda \u00e9lectoral du chef de l\u2019Etat, Hakim Belahcel a relev\u00e9 que dans le contexte politique, \u00e9conomique et social \u00ab\u00a0alarmant\u00a0\u00bb que connait l\u2019Alg\u00e9rie, le pouvoir \u00ab\u00a0s\u2019obstine \u00e0 maintenir sa d\u00e9marche unilat\u00e9rale, et continue de refuser toute initiative politique de sortie de crise, deux ans apr\u00e8s le d\u00e9clenchement du formidable mouvement populaire qui a vu notre peuple se mobiliser pacifiquement pour rejeter le syst\u00e8me, exiger la fin du r\u00e9gime autoritaire et l\u2019av\u00e8nement d\u2019un \u00e9tat de droit d\u00e9mocratique et social\u00bb.<\/p>\n<p class=\"c6\"><strong>R\u00e9daction Web<\/strong><\/p>\n<\/div>\n<p>Auteur:<br \/>\n<a href=\"https:\/\/www.liberte-algerie.com\/actualite\/le-ffs-eloigne-la-perspective-de-sa-participation-aux-prochaines-elections-355110\">Cliquez ici pour lire l&rsquo;article depuis sa source.<\/a><\/p>\n","protected":false},"excerpt":{"rendered":"<p>Le Front des forces socialistes a \u00e9loign\u00e9, ce samedi, la perspective de sa participation aux prochaines \u00e9lections locales et l\u00e9gislatives, auxquelles a appel\u00e9 r\u00e9cemment le pr\u00e9sident Abdelmadjid Tebboune. \u00ab\u00a0Nous aurons prochainement aussi \u00e0 d\u00e9battre des \u00e9ch\u00e9ances \u00e9lectorales que veut nous imposer le pouvoir. Nous r\u00e9affirmons qu\u2019elle ne saurait constituer une solution \u00e0 la crise et [&hellip;]<\/p>\n","protected":false},"author":1742,"featured_media":0,"comment_status":"closed","ping_status":"closed","sticky":false,"template":"","format":"standard","meta":{"fifu_image_url":"","fifu_image_alt":"","footnotes":""},"categories":[73,53],"tags":[],"class_list":["post-112596","post","type-post","status-publish","format-standard","hentry","category-actualite","category-algerie"],"_links":{"self":[{"href":"https:\/\/linitiative.ca\/International\/wp-json\/wp\/v2\/posts\/112596","targetHints":{"allow":["GET"]}}],"collection":[{"href":"https:\/\/linitiative.ca\/International\/wp-json\/wp\/v2\/posts"}],"about":[{"href":"https:\/\/linitiative.ca\/International\/wp-json\/wp\/v2\/types\/post"}],"author":[{"embeddable":true,"href":"https:\/\/linitiative.ca\/International\/wp-json\/wp\/v2\/users\/1742"}],"replies":[{"embeddable":true,"href":"https:\/\/linitiative.ca\/International\/wp-json\/wp\/v2\/comments?post=112596"}],"version-history":[{"count":0,"href":"https:\/\/linitiative.ca\/International\/wp-json\/wp\/v2\/posts\/112596\/revisions"}],"wp:attachment":[{"href":"https:\/\/linitiative.ca\/International\/wp-json\/wp\/v2\/media?parent=112596"}],"wp:term":[{"taxonomy":"category","embeddable":true,"href":"https:\/\/linitiative.ca\/International\/wp-json\/wp\/v2\/categories?post=112596"},{"taxonomy":"post_tag","embeddable":true,"href":"https:\/\/linitiative.ca\/International\/wp-json\/wp\/v2\/tags?post=112596"}],"curies":[{"name":"wp","href":"https:\/\/api.w.org\/{rel}","templated":true}]}}