{"id":112598,"date":"2021-03-06T09:20:49","date_gmt":"2021-03-06T14:20:49","guid":{"rendered":"https:\/\/linitiative.ca\/International\/formation-au-profit-du-personnel-soignant-du-cnmh\/"},"modified":"2021-03-06T09:20:49","modified_gmt":"2021-03-06T14:20:49","slug":"formation-au-profit-du-personnel-soignant-du-cnmh","status":"publish","type":"post","link":"https:\/\/linitiative.ca\/International\/formation-au-profit-du-personnel-soignant-du-cnmh\/","title":{"rendered":"Formation au profit du personnel soignant du CNMH"},"content":{"rendered":"<div readability=\"37\">\n<p>Marrakech \u2013 Le personnel soignant et administratif du Centre National Mohammed VI des Handicap\u00e9s (CNMH) \u00e0 Marrakech, a b\u00e9n\u00e9fici\u00e9, trois jours durant dans la cit\u00e9 ocre, d\u2019une s\u00e9rie de sessions de formation dans le domaine de la communication et de l\u2019\u00e9coute active.<\/p>\n<\/div>\n<div readability=\"105\">\n<p>Encadr\u00e9es par Mme Samira Lakfif, enseignante de la communication \u00e0 l\u2019Universit\u00e9 Cadi Ayyad de Marrakech et Mme Hanane Oubidar, coach et militante associative, ces sessions de formation visaient \u00e0 d\u00e9velopper les techniques de communication, l\u2019\u00e9coute active, et la gestion des \u00e9motions, et \u00e0 comprendre les concepts de handicap pour de bonnes attitudes et pratiques professionnelles, ainsi que les concepts et enjeux de la relation soignant\/soign\u00e9.<\/p>\n<p>Pour le Directeur de l\u2019annexe r\u00e9gionale du Centre National Mohammed VI pour les handicap\u00e9s \u00e0 Marrakech, Dr. Driss Bouanani, cette formation, qui a pour objectif le renforcement des comp\u00e9tences du personnel soignant et administratif dudit Centre dans les domaines de la communication et de l\u2019\u00e9coute, rev\u00eat une grande importance, \u00e9tant donn\u00e9 que la mission principale d\u00e9volue au personnel consiste \u00e0 accompagner, communiquer et \u00e0 \u00e9couter les b\u00e9n\u00e9ficiaires des services du centre, mais aussi et surtout, leurs parents ainsi que les partenaires.<\/p>\n<p>Dans une d\u00e9claration \u00e0 la MAP, il a expliqu\u00e9 que l\u2019\u00e9coute active permet au personnel soignant de s\u2019inscrire dans le monde des personnes en situation de handicap et leurs parents pour les comprendre de l\u2019int\u00e9rieur et les laisser s\u2019exprimer librement.<\/p>\n<p>Pour sa part, l\u2019enseignante- formatrice en communication, Mme Samira Lakafif, a fait savoir que cette session cible les accompagnants et les parents des personnes \u00e0 besoins sp\u00e9cifiques mais surtout, les encadrants des services en charge de l\u2019\u00e9coute et de l\u2019accueil des parents, estimant que les parents \u00ab\u00a0ne se sentent pas souvent \u00e9cout\u00e9s ou tr\u00e8s mal \u00e9cout\u00e9s voire m\u00eame, mal orient\u00e9s et vivant des situations mal g\u00e9r\u00e9es en raison, d\u2019un manque de structures d\u00e9di\u00e9es \u00e0 cette cat\u00e9gorie\u00a0\u00bb.<\/p>\n<p>Dans une d\u00e9claration similaire, cette enseignante a expliqu\u00e9 que l\u2019\u00e9coute active permet d\u2019accompagner les parents dans leur peur quotidienne, leur donner la possibilit\u00e9 de s\u2019exprimer et dire ce qu\u2019ils ne parviennent pas \u00e0 dire en public, relevant que cette approche se caract\u00e9rise par la manifestation d\u2019un respect et une confiance chaleureuse envers l\u2019interlocuteur, pour qu\u2019il s\u2019exprime librement.<\/p>\n<p>Elle permet aussi d\u2019accepter l\u2019Autre comme il est, lui montrer qu\u2019on le respecte et lui donner l\u2019assurance qu\u2019on respecte sa mani\u00e8re de vivre ou de voir les choses, a-t-elle insist\u00e9.<\/p>\n<p>Cette formation a pris fin, vendredi dans la cit\u00e9 ocre, avec une c\u00e9r\u00e9monie organis\u00e9e en faveur des m\u00e8res, des femmes et des filles b\u00e9n\u00e9ficiaires du CNMH, le temps de rendre un vibrant hommage \u00e0 la gent f\u00e9minine qui c\u00e9l\u00e8bre le 8 mars de chaque ann\u00e9e sa journ\u00e9e internationale.<\/p>\n<p>Le Centre National Mohammed VI des Handicap\u00e9s constitue une structure nationale multifonctionnelle de r\u00e9f\u00e9rence en mati\u00e8re de handicap, qui offre des prestations multidisciplinaires dans les domaines social, m\u00e9dical, sportif, \u00e9ducatif et de la formation professionnelle, en vue de r\u00e9pondre \u00e0 une demande, un besoin et un droit d\u2019une population tr\u00e8s importante des personnes en situation de Handicap.<\/p>\n<\/div>\n<p>Auteur: Meriem IGASS<br \/>\n<a href=\"http:\/\/www.mapmarrakech.ma\/fr\/formation-au-profit-du-personnel-soignant-du-cnmh\/\">Cliquez ici pour lire l&rsquo;article depuis sa source.<\/a><\/p>\n","protected":false},"excerpt":{"rendered":"<p>Marrakech \u2013 Le personnel soignant et administratif du Centre National Mohammed VI des Handicap\u00e9s (CNMH) \u00e0 Marrakech, a b\u00e9n\u00e9fici\u00e9, trois jours durant dans la cit\u00e9 ocre, d\u2019une s\u00e9rie de sessions de formation dans le domaine de la communication et de l\u2019\u00e9coute active. Encadr\u00e9es par Mme Samira Lakfif, enseignante de la communication \u00e0 l\u2019Universit\u00e9 Cadi Ayyad [&hellip;]<\/p>\n","protected":false},"author":1788,"featured_media":0,"comment_status":"closed","ping_status":"closed","sticky":false,"template":"","format":"standard","meta":{"fifu_image_url":"","fifu_image_alt":"","footnotes":""},"categories":[54,76],"tags":[],"class_list":["post-112598","post","type-post","status-publish","format-standard","hentry","category-maroc","category-regions"],"_links":{"self":[{"href":"https:\/\/linitiative.ca\/International\/wp-json\/wp\/v2\/posts\/112598","targetHints":{"allow":["GET"]}}],"collection":[{"href":"https:\/\/linitiative.ca\/International\/wp-json\/wp\/v2\/posts"}],"about":[{"href":"https:\/\/linitiative.ca\/International\/wp-json\/wp\/v2\/types\/post"}],"author":[{"embeddable":true,"href":"https:\/\/linitiative.ca\/International\/wp-json\/wp\/v2\/users\/1788"}],"replies":[{"embeddable":true,"href":"https:\/\/linitiative.ca\/International\/wp-json\/wp\/v2\/comments?post=112598"}],"version-history":[{"count":0,"href":"https:\/\/linitiative.ca\/International\/wp-json\/wp\/v2\/posts\/112598\/revisions"}],"wp:attachment":[{"href":"https:\/\/linitiative.ca\/International\/wp-json\/wp\/v2\/media?parent=112598"}],"wp:term":[{"taxonomy":"category","embeddable":true,"href":"https:\/\/linitiative.ca\/International\/wp-json\/wp\/v2\/categories?post=112598"},{"taxonomy":"post_tag","embeddable":true,"href":"https:\/\/linitiative.ca\/International\/wp-json\/wp\/v2\/tags?post=112598"}],"curies":[{"name":"wp","href":"https:\/\/api.w.org\/{rel}","templated":true}]}}