{"id":112599,"date":"2021-03-06T10:39:02","date_gmt":"2021-03-06T15:39:02","guid":{"rendered":"https:\/\/linitiative.ca\/International\/safa-boumrah-une-touche-feminine-au-service-du-developpement-territorial\/"},"modified":"2021-03-06T10:39:02","modified_gmt":"2021-03-06T15:39:02","slug":"safa-boumrah-une-touche-feminine-au-service-du-developpement-territorial","status":"publish","type":"post","link":"https:\/\/linitiative.ca\/International\/safa-boumrah-une-touche-feminine-au-service-du-developpement-territorial\/","title":{"rendered":"Safa Boumrah, une touche f\u00e9minine au service du d\u00e9veloppement territorial"},"content":{"rendered":"<div readability=\"39\">\n<p>Par Omar Er-rouch<br \/>Marrakech \u2013 Depuis sa nomination \u00e0 la t\u00eate de la Direction R\u00e9gionale de l\u2019Habitat et de la Politique de la Ville de la r\u00e9gion Marrakech-Safi, Mme Safa Boumrah n\u2019a cess\u00e9 d\u2019apposer sa touche f\u00e9minine dans la gestion des dossiers li\u00e9s au d\u00e9veloppement territorial au niveau de cette partie du territoire national, \u00e9rig\u00e9e, ces derni\u00e8res ann\u00e9es, en un chantier \u00e0 ciel ouvert tourn\u00e9 vers l\u2019avenir.<\/p>\n<\/div>\n<div readability=\"132\">\n<p>Se targuant d\u2019\u00eatre un pur \u00ab\u00a0produit\u00a0\u00bb de l\u2019\u00e9cole publique marocaine, cette native d\u2019Essaouira a r\u00e9ussi \u00e0 d\u00e9crocher une Licence Appliqu\u00e9e en Management, puis un dipl\u00f4me d\u2019Etudes Sup\u00e9rieures Approfondies (DESA) en Sciences Administratives et D\u00e9veloppement institutionnel de l\u2019universit\u00e9 Mohammed V, ce qui lui a permis de d\u00e9velopper un int\u00e9r\u00eat tout particulier pour l\u2019administration publique.<\/p>\n<p>Elle a, ainsi, d\u00e9but\u00e9 son parcours professionnel en 2001 dans les services centraux du minist\u00e8re de l\u2019Am\u00e9nagement du Territoire National, de l\u2019Urbanisme, de l\u2019Habitat et de la Politique de la Ville, avant d\u2019\u00eatre affect\u00e9e \u00e0 la Direction Provinciale de Safi o\u00f9, elle a occup\u00e9 diff\u00e9rents postes de responsabilit\u00e9 et piloter plusieurs programmes d\u2019intervention pour l\u2019\u00e9radication de l\u2019habitat insalubre.<\/p>\n<p>Gr\u00e2ce \u00e0 sa pers\u00e9v\u00e9rance et son travail acharn\u00e9, couronn\u00e9 de plusieurs r\u00e9alisations \u00e0 son actif, Mme Boumrah a eu droit \u00e0 une promotion bien m\u00e9rit\u00e9e.<\/p>\n<p>\u00ab\u00a0En 2019, j\u2019ai \u00e9t\u00e9 nomm\u00e9e \u00e0 la t\u00eate de la Direction R\u00e9gionale de l\u2019Habitat et de la Politique de la Ville au niveau de Marrakech-Safi o\u00f9, de nouveaux d\u00e9fis m\u2019attendaient\u00a0\u00bb, a-t-elle d\u00e9clar\u00e9 \u00e0 la MAP sur un ton de fiert\u00e9 et d\u2019enthousiasme.<\/p>\n<p>\u00ab\u00a0En effet, la r\u00e9gion Marrakech-Safi en g\u00e9n\u00e9ral, et la ville de Marrakech en particulier, constituent un grand chantier \u00e0 ciel ouvert, accueillant un nombre consid\u00e9rable de projets et de programmes lanc\u00e9s par Sa Majest\u00e9 le Roi Mohammed VI, qui sont plac\u00e9s au c\u0153ur de nos priorit\u00e9s\u00a0\u00bb, a enchain\u00e9 Mme Boumrah.<\/p>\n<p>Dans ce sens, la responsable a mis en exergue l\u2019importance des programmes \u00ab\u00a0Villes sans Bidonvilles\u00a0\u00bb (VSB) et \u00ab\u00a0traitement des habitats mena\u00e7ant ruine\u00a0\u00bb au niveau de la r\u00e9gion. \u00ab\u00a0Mon travail dans cette R\u00e9gion r\u00e9pond continuellement \u00e0 la forte pression engendr\u00e9e par les risques de l\u2019habitat mena\u00e7ant ruine et la persistance des bidonvilles\u00a0\u00bb, a-t-elle expliqu\u00e9.<\/p>\n<p>Et de poursuivre que \u00ab\u00a0malgr\u00e9 le caract\u00e8re technique apparent dans notre intervention sur le terrain, c\u2019est essentiellement la dimension sociale et humaine qui anime notre pers\u00e9v\u00e9rance \u00e0 accomplir de la meilleure des mani\u00e8res, nos actions et nos projets\u00a0\u00bb, a insist\u00e9 Mme Boumrah.<\/p>\n<p>Ainsi, \u00ab\u00a0la sauvegarde des vies humaines, l\u2019am\u00e9lioration des conditions de vie des populations et la garantie d\u2019un logement d\u00e9cent pour les m\u00e9nages cibles restent les principaux objectifs de l\u2019action de notre Minist\u00e8re et ceci, en \u00e9troite collaboration avec tous nos partenaires aux niveaux local, r\u00e9gional et central\u00a0\u00bb, a expliqu\u00e9 la responsable r\u00e9gionale.<\/p>\n<p>Dans cette mission hautement strat\u00e9gique pour le Royaume, la femme occupe une place de choix et ne cesse de porter haut le flambeau de la r\u00e9ussite et de l\u2019excellence dans le secteur de l\u2019habitat et de l\u2019urbanisme et ce, c\u00f4te \u00e0 c\u00f4te, avec son coll\u00e8gue homme, s\u2019est-elle f\u00e9licit\u00e9e, notant que \u00ab\u00a0la femme se montre tr\u00e8s minutieuse et perfectionniste en s\u2019int\u00e9ressant, de nature, aux d\u00e9tails et \u00e0 l\u2019organisation et la globalit\u00e9 dans l\u2019intervention\u00a0\u00bb.<\/p>\n<p>Outre ses capacit\u00e9s manag\u00e9riales et organisationnelles, Mme Boumrah a toujours affich\u00e9 une fibre sociale tr\u00e8s marqu\u00e9e.<\/p>\n<p>Membre du bureau national de l\u2019Association des \u0152uvres Sociales du minist\u00e8re de l\u2019Am\u00e9nagement du Territoire National, de l\u2019Urbanisme, de l\u2019Habitat et de la Politique de la Ville, qui vise essentiellement le renforcement des liens d\u2019appartenance au sein dudit D\u00e9partement, elle est \u00e9galement membre du bureau de l\u2019Association Al-Karam pour la sauvegarde de l\u2019enfant en situation difficile, une association qu\u2019elle a rejoint tr\u00e8s jeune et dont la mission demeure d\u2019une grande importance vis \u00e0 vis d\u2019une cible vuln\u00e9rable et d\u00e9munie.<\/p>\n<p>Soit au sein du minist\u00e8re ou dans le monde associatif, Mme Boumrah est motiv\u00e9e par une seule aspiration, celle de \u00ab\u00a0donner les moyens et les outils \u00e0 toutes les personnes vivant dans la pr\u00e9carit\u00e9, et qui se trouvent aujourd\u2019hui en attente d\u2019une prise en charge externe, de s\u2019auto-aider \u00e0 travers la formation, l\u2019emploi et la sensibilisation\u00a0\u00bb.<\/p>\n<\/div>\n<p>Auteur: Meriem IGASS<br \/>\n<a href=\"http:\/\/www.mapmarrakech.ma\/fr\/safa-boumrah-une-touche-feminine-au-service-du-developpement-territorial\/\">Cliquez ici pour lire l&rsquo;article depuis sa source.<\/a><\/p>\n","protected":false},"excerpt":{"rendered":"<p>Par Omar Er-rouchMarrakech \u2013 Depuis sa nomination \u00e0 la t\u00eate de la Direction R\u00e9gionale de l\u2019Habitat et de la Politique de la Ville de la r\u00e9gion Marrakech-Safi, Mme Safa Boumrah n\u2019a cess\u00e9 d\u2019apposer sa touche f\u00e9minine dans la gestion des dossiers li\u00e9s au d\u00e9veloppement territorial au niveau de cette partie du territoire national, \u00e9rig\u00e9e, ces [&hellip;]<\/p>\n","protected":false},"author":1788,"featured_media":0,"comment_status":"closed","ping_status":"closed","sticky":false,"template":"","format":"standard","meta":{"fifu_image_url":"","fifu_image_alt":"","footnotes":""},"categories":[54,76],"tags":[],"class_list":["post-112599","post","type-post","status-publish","format-standard","hentry","category-maroc","category-regions"],"_links":{"self":[{"href":"https:\/\/linitiative.ca\/International\/wp-json\/wp\/v2\/posts\/112599","targetHints":{"allow":["GET"]}}],"collection":[{"href":"https:\/\/linitiative.ca\/International\/wp-json\/wp\/v2\/posts"}],"about":[{"href":"https:\/\/linitiative.ca\/International\/wp-json\/wp\/v2\/types\/post"}],"author":[{"embeddable":true,"href":"https:\/\/linitiative.ca\/International\/wp-json\/wp\/v2\/users\/1788"}],"replies":[{"embeddable":true,"href":"https:\/\/linitiative.ca\/International\/wp-json\/wp\/v2\/comments?post=112599"}],"version-history":[{"count":0,"href":"https:\/\/linitiative.ca\/International\/wp-json\/wp\/v2\/posts\/112599\/revisions"}],"wp:attachment":[{"href":"https:\/\/linitiative.ca\/International\/wp-json\/wp\/v2\/media?parent=112599"}],"wp:term":[{"taxonomy":"category","embeddable":true,"href":"https:\/\/linitiative.ca\/International\/wp-json\/wp\/v2\/categories?post=112599"},{"taxonomy":"post_tag","embeddable":true,"href":"https:\/\/linitiative.ca\/International\/wp-json\/wp\/v2\/tags?post=112599"}],"curies":[{"name":"wp","href":"https:\/\/api.w.org\/{rel}","templated":true}]}}