{"id":112600,"date":"2021-03-06T10:45:26","date_gmt":"2021-03-06T15:45:26","guid":{"rendered":"https:\/\/linitiative.ca\/International\/souad-baya-ou-limperatif-dune-deconstruction-des-stereotypes\/"},"modified":"2021-03-06T10:45:26","modified_gmt":"2021-03-06T15:45:26","slug":"souad-baya-ou-limperatif-dune-deconstruction-des-stereotypes","status":"publish","type":"post","link":"https:\/\/linitiative.ca\/International\/souad-baya-ou-limperatif-dune-deconstruction-des-stereotypes\/","title":{"rendered":"Souad Baya ou l\u2019imp\u00e9ratif d\u2019une d\u00e9construction des st\u00e9r\u00e9otypes"},"content":{"rendered":"<div readability=\"38\">\n<p>Par : Fouad Benjlika<br \/>Marrakech \u2013 Connue par sa rigueur, son s\u00e9rieux et sa pers\u00e9v\u00e9rance, Souad Baya est l\u2019illustration d\u2019une femme cadre au sein de l\u2019administration, convaincue que l\u2019am\u00e9lioration de la situation de la femme marocaine passe d\u2019abord par \u00ab\u00a0la d\u00e9construction des st\u00e9r\u00e9otypes et le changement des mentalit\u00e9s\u00a0\u00bb.<\/p>\n<\/div>\n<div readability=\"182\">\n<p>Grande femme de principes \u00e0 occuper, par m\u00e9rite et comp\u00e9tence, le poste de Directrice R\u00e9gionale des Imp\u00f4ts de Marrakech-Safi relevant de la Direction g\u00e9n\u00e9rale des Imp\u00f4ts (DGI), Mme Baya a estim\u00e9 indispensable de se mobiliser pour parvenir \u00e0 \u00ab\u00a0briser les st\u00e9r\u00e9otypes et \u00e0 changer les mentalit\u00e9s\u00a0\u00bb.<\/p>\n<p>A ses yeux, l\u2019am\u00e9lioration de la situation de la femme marocaine implique que toute la communaut\u00e9 se mobilise pour lutter contre la discrimination bas\u00e9e sur le genre et \u00e0 promouvoir l\u2019\u00e9galit\u00e9 Homme-Femme.<\/p>\n<p>\u00ab\u00a0Nos fa\u00e7ons de penser, de parler et d\u2019agir au quotidien doivent \u00eatre align\u00e9es avec l\u2019objectif recherch\u00e9 \u00e0 savoir la promotion de l\u2019\u00e9galit\u00e9 Homme-Femme, en commen\u00e7ant par nos comportements envers nous-m\u00eames, envers nos enfants, nos conjoints, les membres de nos familles, nos ami(es), nos voisin(es) et nos coll\u00e8gues\u00a0\u00bb, a-t-elle assur\u00e9.<\/p>\n<p>N\u00e9e au sein d\u2019une famille modeste, Mme Souad Baya, dont les parents sont issus d\u2019un milieu rural patriarcal et tr\u00e8s conservateur, o\u00f9 le r\u00f4le de la femme n\u2019est valoris\u00e9 que par celui d\u2019\u00eatre une \u00e9pouse et\/ou une m\u00e8re, a r\u00e9ussi \u00e0 poursuivre ses \u00e9tudes d\u2019ing\u00e9nieur et \u00e0 int\u00e9grer la DGI o\u00f9 elle a gravi les \u00e9chelons pour occuper un poste de responsabilit\u00e9 si important.<\/p>\n<p>\u00ab\u00a0Si je suis parvenue \u00e0 accomplir ce parcours brillant, c\u2019est gr\u00e2ce notamment \u00e0 mes parents qui ont pu faire face aux r\u00e9alit\u00e9s socioculturelles\u00a0\u00bb, se souvient-elle avec fiert\u00e9, avant de relever que ses s\u0153urs et son fr\u00e8re ont \u00e9t\u00e9 \u00e9duqu\u00e9s d\u00e8s leur jeune \u00e2ge \u00e0 l\u2019\u00e9galit\u00e9 homme-femme au sein du foyer parental.<\/p>\n<p>\u00ab\u00a0Mon p\u00e8re m\u2019a permis de voler de mes propres ailes et de faire mes \u00e9tudes sup\u00e9rieures loin du foyer familial, en d\u00e9pit des commentaires et critiques de certains membres de son village\u00a0\u00bb, a-t-elle confi\u00e9 dans une d\u00e9claration \u00e0 la MAP.<\/p>\n<p>Souad Baya se rappelle que sa m\u00e8re, quant \u00e0 elle, a combattu son analphab\u00e9tisme et a \u00e9t\u00e9 toujours d\u2019un grand soutien pour elle, en la poussant sans cesse \u00e0 se r\u00e9aliser en tant que femme libre et ind\u00e9pendante.<\/p>\n<p>\u00ab\u00a0Aujourd\u2019hui, l\u2019occasion m\u2019est offerte de leur exprimer ma gratitude pour tout ce qu\u2019ils ont fait, afin que je sois la femme que je suis. Par la m\u00eame occasion je rends un grand hommage aux femmes et hommes qui, comme eux, croient et s\u2019appliquent au quotidien pour l\u2019\u00e9galit\u00e9 Homme-Femme et qui travaillent, c\u00f4te \u00e0 c\u00f4te, pour promouvoir les droits de la femme\u00a0\u00bb, a dit Mme Baya.<\/p>\n<p>Apr\u00e8s des \u00e9tudes \u00e0 l\u2019Institut national de statistiques et de l\u2019\u00e9conomie appliqu\u00e9e (ENSEA) \u00e0 Rabat d\u2019o\u00f9 elle d\u00e9croche, haut la main, un dipl\u00f4me d\u2019ing\u00e9nieur d\u2019Etat en \u00e9conomie appliqu\u00e9e, elle a int\u00e9gr\u00e9 la DGI avant d\u2019\u00eatre affect\u00e9e \u00e0 la Direction r\u00e9gionale des Imp\u00f4ts \u00e0 Marrakech en 2003.<\/p>\n<p>Mme Souad Baya a d\u00e9but\u00e9 son parcours professionnel brillant \u00e0 Marrakech en tant que charg\u00e9e de la gestion de la fiscalit\u00e9 des personnes professionnelles, puis la gestion fiscale des personnes morales avant d\u2019\u00eatre nomm\u00e9e en 2010, v\u00e9rificateur au service r\u00e9gional de v\u00e9rification qui rel\u00e8ve de la Direction r\u00e9gionale des Imp\u00f4ts et par la suite chef de service r\u00e9gional de v\u00e9rification en 2013.<\/p>\n<p>Ce parcours professionnel riche et prolifique ne va pas tarder \u00e0 \u00eatre couronn\u00e9 par sa nomination en 2017 \u00e0 la t\u00eate de la Direction r\u00e9gionale des imp\u00f4ts \u00e0 Marrakech.<\/p>\n<p>Cette responsable a avou\u00e9 qu\u2019elle ne pouvait \u00eatre ce qu\u2019elle est devenue aujourd\u2019hui sans le soutien infaillible de ses coll\u00e8gues -hommes et femmes- mais aussi et surtout, de son mari, un homme tr\u00e8s compr\u00e9hensif qui n\u2019a cess\u00e9 de l\u2019encourager tout au long de sa carri\u00e8re professionnelle.<\/p>\n<p>Elle reconnait pourtant les difficult\u00e9s que rencontre la femme pour acc\u00e9der aux postes de responsabilit\u00e9 \u00e0 savoir : sa disponibilit\u00e9 \u00e0 travailler parfois jusqu\u2019\u00e0 une heure tardive, ou \u00e0 se d\u00e9placer loin de chez elle pour des r\u00e9unions, des s\u00e9minaires et des rencontres de travail.<\/p>\n<p>\u00ab\u00a0Cette r\u00e9alit\u00e9 difficile pousse une majorit\u00e9 de femmes \u00e0 s\u2019\u00e9clipser et revenir en arri\u00e8re, en pr\u00e9f\u00e9rant accorder davantage d\u2019importance \u00e0 la vie familiale, partant de la conviction que quand on est responsable, on a moins de temps pour la famille\u00a0\u00bb, a-t-elle expliqu\u00e9.<\/p>\n<p>\u00ab\u00a0Sans le soutien d\u2019une famille compr\u00e9hensive, il sera difficile de concilier entre vie professionnelle et vie familiale\u00a0\u00bb, a-t-elle estim\u00e9.<\/p>\n<p>Par ailleurs, Mme Souad Baya a reconnu que le Maroc a accompli des progr\u00e8s importants en mati\u00e8re d\u2019\u00e9galit\u00e9 Homme-Femme depuis l\u2019adoption de la Constitution de 2011.<\/p>\n<p>En effet, le Royaume a mis en place une panoplie de lois et textes visant \u00e0 promouvoir la situation de la femme et \u00e0 encourager la gent f\u00e9minine \u00e0 acc\u00e9der aux postes de prise de d\u00e9cisions, car la femme non seulement, repr\u00e9sente un potentiel \u00e9norme mais poss\u00e8de \u00e9galement une autre mani\u00e8re de voir les choses et de g\u00e9rer celles les plus complexes.<\/p>\n<p>\u00ab\u00a0Ces efforts institutionnels ont permis \u00e0 notre pays de progresser sur le plan quantitatif puisque, le taux d\u2019acc\u00e8s des femmes aux postes de responsabilit\u00e9 est pass\u00e9 de 10% en 2001 \u00e0 22% en 2016, soit une augmentation de 120%\u00a0\u00bb, a-t-elle relev\u00e9, faisant remarquer que ce taux est de 39% \u00e0 la DGI, soit l\u2019un des plus \u00e9lev\u00e9s au niveau de l\u2019administration marocaine.<\/p>\n<p>Elle a de m\u00eame estim\u00e9 important d\u2019\u0153uvrer afin de donner beaucoup d\u2019espoir \u00e0 cette nouvelle g\u00e9n\u00e9ration de femmes ambitieuses et comp\u00e9tentes, et \u00e0 les encourager \u00e0 d\u00e9velopper leur leadership.<\/p>\n<p>Selon Souad Baya, la Journ\u00e9e internationale de la femme offre l\u2019occasion de faire le point sur le militantisme engag\u00e9, les acquis et les r\u00e9alisations et surtout, de pr\u00e9parer l\u2019avenir et mieux s\u2019outiller pour saisir les opportunit\u00e9s qui se pr\u00e9sentent aux futures g\u00e9n\u00e9rations de femmes.<\/p>\n<p>Cette journ\u00e9e est aussi un moment pour sensibiliser et mettre en relief le r\u00f4le de la femme dans la soci\u00e9t\u00e9 et les \u00e9normes sacrifices qu\u2019elle ne cesse de consentir pour le bien-\u00eatre de tous.<\/p>\n<p>Il s\u2019agit aussi de rappeler aux hommes que l\u2019am\u00e9lioration de la situation de la femme est une cause qui concerne aussi les hommes ainsi que la soci\u00e9t\u00e9 dans son int\u00e9gralit\u00e9.<\/p>\n<\/div>\n<p>Auteur: Meriem IGASS<br \/>\n<a href=\"http:\/\/www.mapmarrakech.ma\/fr\/souad-baya-ou-limperatif-dune-deconstruction-des-stereotypes\/\">Cliquez ici pour lire l&rsquo;article depuis sa source.<\/a><\/p>\n","protected":false},"excerpt":{"rendered":"<p>Par : Fouad BenjlikaMarrakech \u2013 Connue par sa rigueur, son s\u00e9rieux et sa pers\u00e9v\u00e9rance, Souad Baya est l\u2019illustration d\u2019une femme cadre au sein de l\u2019administration, convaincue que l\u2019am\u00e9lioration de la situation de la femme marocaine passe d\u2019abord par \u00ab\u00a0la d\u00e9construction des st\u00e9r\u00e9otypes et le changement des mentalit\u00e9s\u00a0\u00bb. Grande femme de principes \u00e0 occuper, par m\u00e9rite [&hellip;]<\/p>\n","protected":false},"author":1788,"featured_media":0,"comment_status":"closed","ping_status":"closed","sticky":false,"template":"","format":"standard","meta":{"fifu_image_url":"","fifu_image_alt":"","footnotes":""},"categories":[54,76],"tags":[],"class_list":["post-112600","post","type-post","status-publish","format-standard","hentry","category-maroc","category-regions"],"_links":{"self":[{"href":"https:\/\/linitiative.ca\/International\/wp-json\/wp\/v2\/posts\/112600","targetHints":{"allow":["GET"]}}],"collection":[{"href":"https:\/\/linitiative.ca\/International\/wp-json\/wp\/v2\/posts"}],"about":[{"href":"https:\/\/linitiative.ca\/International\/wp-json\/wp\/v2\/types\/post"}],"author":[{"embeddable":true,"href":"https:\/\/linitiative.ca\/International\/wp-json\/wp\/v2\/users\/1788"}],"replies":[{"embeddable":true,"href":"https:\/\/linitiative.ca\/International\/wp-json\/wp\/v2\/comments?post=112600"}],"version-history":[{"count":0,"href":"https:\/\/linitiative.ca\/International\/wp-json\/wp\/v2\/posts\/112600\/revisions"}],"wp:attachment":[{"href":"https:\/\/linitiative.ca\/International\/wp-json\/wp\/v2\/media?parent=112600"}],"wp:term":[{"taxonomy":"category","embeddable":true,"href":"https:\/\/linitiative.ca\/International\/wp-json\/wp\/v2\/categories?post=112600"},{"taxonomy":"post_tag","embeddable":true,"href":"https:\/\/linitiative.ca\/International\/wp-json\/wp\/v2\/tags?post=112600"}],"curies":[{"name":"wp","href":"https:\/\/api.w.org\/{rel}","templated":true}]}}