{"id":112601,"date":"2021-03-06T11:09:37","date_gmt":"2021-03-06T16:09:37","guid":{"rendered":"https:\/\/linitiative.ca\/International\/moyenne-de-24-entreprises-creees-par-jour-en-2020\/"},"modified":"2021-03-06T11:09:37","modified_gmt":"2021-03-06T16:09:37","slug":"moyenne-de-24-entreprises-creees-par-jour-en-2020","status":"publish","type":"post","link":"https:\/\/linitiative.ca\/International\/moyenne-de-24-entreprises-creees-par-jour-en-2020\/","title":{"rendered":"Moyenne de 24 entreprises cr\u00e9\u00e9es par jour en 2020"},"content":{"rendered":"<div readability=\"36\">\n<p>Marrakech \u2013 Le nombre moyen de cr\u00e9ation d\u2019entreprises par jour au niveau de la r\u00e9gion Marrakech-Safi, s\u2019est \u00e9tabli \u00e0 24 entit\u00e9s en 2020, selon le rapport d\u2019activit\u00e9 2020 du Centre R\u00e9gional d\u2019Investissement de Marrakech- Safi (CRI-MS).<\/p>\n<\/div>\n<div readability=\"82\">\n<p>\u00ab\u00a0Le nombre moyen de cr\u00e9ation d\u2019entreprises par jour au niveau de la pr\u00e9fecture de Marrakech a \u00e9t\u00e9 de 18 entreprises, alors qu\u2019il s\u2019est \u00e9lev\u00e9 \u00e0 4 entreprises pour la province de Safi, et \u00e0 une entreprise par jour pour la province d\u2019Al Haouz\u00a0\u00bb, lit-on dans le rapport.<\/p>\n<p>La m\u00eame source a expliqu\u00e9 que cet indicateur a \u00e9t\u00e9 fortement impact\u00e9 par le confinement g\u00e9n\u00e9ral d\u00e9cr\u00e9t\u00e9 au milieu du premier semestre 2020, dans le cadre de l\u2019\u00e9tat d\u2019urgence sanitaire mis en oeuvre pour endiguer la propagation de la pand\u00e9mie du nouveau coronavirus (COVID-19).<\/p>\n<p>Cependant, l\u2019activit\u00e9 du guichet unique a rattrap\u00e9 ce retard pour finir l\u2019ann\u00e9e avec un nombre moyen de 24 entreprises cr\u00e9\u00e9es par jour, soit le m\u00eame ratio que l\u2019ann\u00e9e 2019, avec des pics records constat\u00e9s en novembre et d\u00e9cembre 2020, d\u00e9passant la barre des 35 cr\u00e9ations par jour, tient \u00e0 pr\u00e9ciser le CRI-MS.<\/p>\n<p>Selon la m\u00eame source, du 1er janvier au 31 d\u00e9cembre 2020, quelque 6.242 entreprises ont \u00e9t\u00e9 cr\u00e9\u00e9es, avec un traitement moyen de 4,26 jours. Un d\u00e9lai qui a \u00e9t\u00e9 fortement impact\u00e9 par l\u2019\u00e9pid\u00e9mie de la Covid-19 puisqu\u2019il a d\u00e9pass\u00e9 les 5 jours au cours des neuf premiers de l\u2019ann\u00e9e, pr\u00e9cise-t-on.<\/p>\n<p>Quelque 6.242 entreprises ont \u00e9t\u00e9 cr\u00e9\u00e9es du 1er janvier au 31 d\u00e9cembre 2020, au niveau de la r\u00e9gion Marrakech-Safi, pour un investissement global de 23,97 milliards de DH (MMDH), ce qui correspond \u00e0 une l\u00e9g\u00e8re baisse de l\u2019activit\u00e9 de cr\u00e9ation des entreprises du CRI-MS, par rapport \u00e0 2019 (-2,12%).<\/p>\n<p>Cette r\u00e9gression s\u2019explique par le recul enregistr\u00e9 en mars et avril, en raison de la crise sanitaire li\u00e9e \u00e0 la Covid-19.<\/p>\n<p>Par ailleurs, pour la p\u00e9riode allant de d\u00e9cembre 2019 \u00e0 d\u00e9cembre 2020, quelque 333 projets ont \u00e9t\u00e9 soumis par les investisseurs au niveau de la r\u00e9gion Marrakech-Safi.<\/p>\n<\/div>\n<p>Auteur: Meriem IGASS<br \/>\n<a href=\"http:\/\/www.mapmarrakech.ma\/fr\/moyenne-de-24-entreprises-creees-par-jour-en-2020\/\">Cliquez ici pour lire l&rsquo;article depuis sa source.<\/a><\/p>\n","protected":false},"excerpt":{"rendered":"<p>Marrakech \u2013 Le nombre moyen de cr\u00e9ation d\u2019entreprises par jour au niveau de la r\u00e9gion Marrakech-Safi, s\u2019est \u00e9tabli \u00e0 24 entit\u00e9s en 2020, selon le rapport d\u2019activit\u00e9 2020 du Centre R\u00e9gional d\u2019Investissement de Marrakech- Safi (CRI-MS). \u00ab\u00a0Le nombre moyen de cr\u00e9ation d\u2019entreprises par jour au niveau de la pr\u00e9fecture de Marrakech a \u00e9t\u00e9 de 18 [&hellip;]<\/p>\n","protected":false},"author":1788,"featured_media":0,"comment_status":"closed","ping_status":"closed","sticky":false,"template":"","format":"standard","meta":{"fifu_image_url":"","fifu_image_alt":"","footnotes":""},"categories":[54,76],"tags":[],"class_list":["post-112601","post","type-post","status-publish","format-standard","hentry","category-maroc","category-regions"],"_links":{"self":[{"href":"https:\/\/linitiative.ca\/International\/wp-json\/wp\/v2\/posts\/112601","targetHints":{"allow":["GET"]}}],"collection":[{"href":"https:\/\/linitiative.ca\/International\/wp-json\/wp\/v2\/posts"}],"about":[{"href":"https:\/\/linitiative.ca\/International\/wp-json\/wp\/v2\/types\/post"}],"author":[{"embeddable":true,"href":"https:\/\/linitiative.ca\/International\/wp-json\/wp\/v2\/users\/1788"}],"replies":[{"embeddable":true,"href":"https:\/\/linitiative.ca\/International\/wp-json\/wp\/v2\/comments?post=112601"}],"version-history":[{"count":0,"href":"https:\/\/linitiative.ca\/International\/wp-json\/wp\/v2\/posts\/112601\/revisions"}],"wp:attachment":[{"href":"https:\/\/linitiative.ca\/International\/wp-json\/wp\/v2\/media?parent=112601"}],"wp:term":[{"taxonomy":"category","embeddable":true,"href":"https:\/\/linitiative.ca\/International\/wp-json\/wp\/v2\/categories?post=112601"},{"taxonomy":"post_tag","embeddable":true,"href":"https:\/\/linitiative.ca\/International\/wp-json\/wp\/v2\/tags?post=112601"}],"curies":[{"name":"wp","href":"https:\/\/api.w.org\/{rel}","templated":true}]}}