{"id":112603,"date":"2021-03-06T11:56:39","date_gmt":"2021-03-06T16:56:39","guid":{"rendered":"https:\/\/linitiative.ca\/International\/nadia-atia-un-engagement-constant-au-service-des-enfants-handicapes-mentaux-a-berkane\/"},"modified":"2021-03-06T11:56:39","modified_gmt":"2021-03-06T16:56:39","slug":"nadia-atia-un-engagement-constant-au-service-des-enfants-handicapes-mentaux-a-berkane","status":"publish","type":"post","link":"https:\/\/linitiative.ca\/International\/nadia-atia-un-engagement-constant-au-service-des-enfants-handicapes-mentaux-a-berkane\/","title":{"rendered":"Nadia Atia, un engagement constant au service des enfants handicap\u00e9s mentaux \u00e0 Berkane"},"content":{"rendered":"<p class=\"c4\">Malgr\u00e9 ses pr\u00e9occupations et ses responsabilit\u00e9s de m\u00e8re et de femme entrepreneure en particulier, Nadia Atia a su garder, voire d\u00e9velopper son attachement, sa passion et son amour pour l\u2019action humanitaire et associative dans laquelle elle s\u2019est engag\u00e9e depuis son jeune \u00e2ge.<\/p>\n<p class=\"c4\">Nourrie d\u2019une forte ambition et d\u2019une volont\u00e9 de fer, Mme Atia, pr\u00e9sidente de l\u2019Association Badr pour les enfants en situation d\u2019handicap mental \u00e0 Berkane, sa ville natale, incarne l\u2019image de la femme affectueuse et compatissante.<\/p>\n<p class=\"c4\">\u00ab\u00a0C\u2019est avec mon p\u00e8re, un notable de la ville, et ses actes de g\u00e9n\u00e9rosit\u00e9 et d\u2019altruisme que j\u2019ai appris que la solidarit\u00e9 humaine est une valeur fondamentale et que la v\u00e9ritable richesse d\u2019un \u00eatre r\u00e9side dans le bien qu\u2019il fait autour de lui\u00a0\u00bb, a-t-elle confi\u00e9 \u00e0 la Map.<\/p>\n<p class=\"c4\">Pour Mme Atia qui a rejoint le milieu associatif dans les ann\u00e9es 90 via des actions d\u2019aide et de b\u00e9n\u00e9volat au sein de nombreuses associations de diverses pr\u00e9occupations, l\u2019exploration de ce domaine par une jeune femme, \u00e0 cette \u00e9poque, dans un milieu conservateur et une petite ville aux habitants tr\u00e8s attach\u00e9s aux m\u0153urs et aux traditions, n\u2019\u00e9tait pas une chose ais\u00e9e.<\/p>\n<p class=\"c4\">La patience, la conviction, la volont\u00e9, la passion le d\u00e9vouement ont fini par primer et l\u2019impossible est devenu r\u00e9alit\u00e9. Elle pr\u00e9side l\u2019association Badr qui est devenue au fil des ann\u00e9es un mod\u00e8le r\u00e9ussi dans son domaine d\u2019activit\u00e9, \u00e0 savoir le soutien et l\u2019accompagnement non seulement des handicap\u00e9s mentaux mais aussi de leurs familles.<\/p>\n<p class=\"c4\">L\u2019association a vu le jour en 1997 alors que le concept m\u00eame de handicap mental n\u2019\u00e9tait pas bien assimil\u00e9 et ma\u00eetris\u00e9, et les personnes en situation d\u2019handicap mental arrivent avec beaucoup de mal \u00e0 se trouver une place dans un environnement min\u00e9 par les clich\u00e9s et les fausses id\u00e9es sur cette pathologie.<\/p>\n<p class=\"c4\">Au d\u00e9but, se rappelle Mme Atia, ce n\u2019\u00e9tait pas facile \u00e0 Berkane d\u2019\u00e9voquer avec les membres de la famille du malade le sujet d\u2019une association qui accueille et vient en aide \u00e0 cette cat\u00e9gorie de personnes. Frapp\u00e9s de plein fouet par la souffrance, ils refusaient cat\u00e9goriquement l\u2019id\u00e9e de laisser le gar\u00e7on ou la fille quitter la maison ou aller dans les locaux d\u2019une association.<\/p>\n<p><img class=\"wp-image-26276 aligncenter\" data-src=\"http:\/\/www.mapoujda.ma\/map\/uploads\/2021\/03\/Nadia-Atia-aux-c\u00f4t\u00e9s-des-enfants-b\u00e9n\u00e9ficiaires-du-centre-Al-Moubadara-pour-la-personne-handicap\u00e9e-750\u00d7430-MAPOUJDA.jpg\" alt=\"\" width=\"576\" height=\"330\" srcset=\"http:\/\/www.mapoujda.ma\/map\/uploads\/2021\/03\/Nadia-Atia-aux-c\u00f4t\u00e9s-des-enfants-b\u00e9n\u00e9ficiaires-du-centre-Al-Moubadara-pour-la-personne-handicap\u00e9e-750\u00d7430-MAPOUJDA.jpg 750w, http:\/\/www.mapoujda.ma\/map\/uploads\/2021\/03\/Nadia-Atia-aux-c\u00f4t\u00e9s-des-enfants-b\u00e9n\u00e9ficiaires-du-centre-Al-Moubadara-pour-la-personne-handicap\u00e9e-750\u00d7430-MAPOUJDA-300x172.jpg 300w\" sizes=\"(max-width: 576px) 100vw, 576px\"\/><\/p>\n<p class=\"c4\">\u00ab\u00a0Mais ce refus et cette incompr\u00e9hension \u00e9taient pour moi une raison forte pour travailler dur, batailler et d\u00e9fendre corps et \u00e2me la cause de ces petits enfants, symbole de puret\u00e9 et d\u2019innocence. Avec eux je sens le bonheur et la joie. Ils sont une partie de ma vie\u00a0\u00bb, a dit cette m\u00e8re de trois enfants.<\/p>\n<p class=\"c4\">L\u2019association qui comptait \u00e0 ses d\u00e9buts six enfants en situation d\u2019handicap mental dans un local modeste, accueille aujourd\u2019hui 150 enfants et adolescents, dont 40 pc de filles, dans un centre spacieux et bien \u00e9quip\u00e9, sous les yeux et la responsabilit\u00e9 d\u2019un personnel \u00e9ducatif et administratif qualifi\u00e9, alors que plus de 80 autres enfants sont inscrits sur la liste d\u2019attente, a encore ajout\u00e9 Mme Atia.<\/p>\n<p class=\"c4\">Et de poursuivre que les acquis et les r\u00e9alisations de l\u2019association sont une source de fiert\u00e9, de satisfaction et de motivation pour aller encore de l\u2019avant, aid\u00e9s en cela par les Hautes orientations royales et le soutien consid\u00e9rable de l\u2019Initiative nationale pour le d\u00e9veloppement humain (INDH).<\/p>\n<p class=\"c4\">\u00ab\u00a0Mon r\u00eave est de contribuer \u00e0 l\u2019am\u00e9lioration du quotidien de ces enfants et de les voir jouir de tous leurs droits fondamentaux\u00a0\u00bb, a fait savoir Mme Atia qui a fait plusieurs formations au Maroc et \u00e0 l\u2019\u00e9tranger, et ce pour assurer un accompagnement humain, permanent et \u00e9volutif, adapt\u00e9 \u00e0 l\u2019\u00e9tat et \u00e0 la situation des b\u00e9n\u00e9ficiaires de l\u2019Association.<\/p>\n<p class=\"c4\">Le travail avec et pour cette cat\u00e9gorie qui est confront\u00e9e \u00e0 plus de difficult\u00e9s que les autres citoyens, requiert certaines comp\u00e9tences, et fait appel \u00e0 plusieurs sp\u00e9cialit\u00e9s et un bon encadrement, parce que la personne handicap\u00e9e mentale est une personne \u00e0 la fois ordinaire et singuli\u00e8re.<\/p>\n<p class=\"c4\">Pour elle, l\u2019effort collectif est indispensable pour accompagner et booster les avanc\u00e9es importantes qu\u2019enregistre le Maroc dans le sillage de l\u2019int\u00e9r\u00eat particulier accord\u00e9 aux personnes \u00e0 besoins sp\u00e9cifiques.<\/p>\n<p class=\"c4\">L\u2019Association Badr s\u2019att\u00e8le \u00e0 la faveur de l\u2019engagement, la patience et le d\u00e9vouement de ses \u00e9ducatrices sp\u00e9cialis\u00e9s et ses staffs administratif et param\u00e9dical, \u00e0 d\u00e9couvrir et \u00e0 d\u00e9velopper les capacit\u00e9s et les comp\u00e9tences des enfants afin de faciliter leur int\u00e9gration dans la soci\u00e9t\u00e9.<\/p>\n<p class=\"c4\">L\u2019objectif est aussi d\u2019all\u00e9ger les souffrances des familles sur les plans financier, social et psychique, en sus de la lutte contre les pr\u00e9jug\u00e9s et la discrimination \u00e0 l\u2019\u00e9gard des personnes \u00e0 besoins sp\u00e9cifiques \u00e0 travers l\u2019organisation par l\u2019association de journ\u00e9es portes-ouvertes, pour permettre aux habitants de la ville de rencontrer les enfants et de d\u00e9couvrir les services, les prestations et les programmes individuels \u00e9ducatifs et ludiques dont ils b\u00e9n\u00e9ficient.<\/p>\n<p><img class=\"wp-image-26277 aligncenter\" data-src=\"http:\/\/www.mapoujda.ma\/map\/uploads\/2021\/03\/Nadia-Atia-accompagn\u00e9e-dun-enfant-handicap\u00e9-750\u00d7430-MAPOUJDA.jpg\" alt=\"\" width=\"576\" height=\"330\" srcset=\"http:\/\/www.mapoujda.ma\/map\/uploads\/2021\/03\/Nadia-Atia-accompagn\u00e9e-dun-enfant-handicap\u00e9-750\u00d7430-MAPOUJDA.jpg 750w, http:\/\/www.mapoujda.ma\/map\/uploads\/2021\/03\/Nadia-Atia-accompagn\u00e9e-dun-enfant-handicap\u00e9-750\u00d7430-MAPOUJDA-300x172.jpg 300w\" sizes=\"(max-width: 576px) 100vw, 576px\"\/><\/p>\n<p class=\"c4\">\u00ab\u00a0Pour mieux faciliter la r\u00e9alisation des objectifs vis\u00e9s \u00e0 plusieurs niveaux, l\u2019association ne m\u00e9nage aucun effort pour nouer des partenariats et \u00e9tablir des accords de coop\u00e9ration et d\u2019\u00e9change d\u2019exp\u00e9riences et d\u2019expertises, notamment avec des \u00e9tablissements publics et des organes gouvernementaux, et avec des associations \u00e9trang\u00e8res\u00a0\u00bb, a-t-elle indiqu\u00e9.<\/p>\n<p class=\"c4\">L\u2019effort engag\u00e9 dans ce sens a permis notamment de cr\u00e9er une boulangerie-p\u00e2tisserie au niveau du centre, de b\u00e9n\u00e9ficier de sessions de formation et d\u2019\u00e9change d\u2019expertises, de programmer des activit\u00e9s sportives pour les enfants, de fournir aux enfants atteints de maladies chroniques et ceux du milieu p\u00e9riurbain et rural des tablettes pour poursuivre leurs apprentissage \u00e0 distance en p\u00e9riode de coronavirus, et d\u2019assurer \u00e0 l\u2019association les soins de sant\u00e9 et les m\u00e9dicaments n\u00e9cessaires.<\/p>\n<p class=\"c4\">L\u2019association, qui a men\u00e9 \u00e9galement un projet d\u2019une dur\u00e9e de deux ans avec l\u2019Union europ\u00e9enne ax\u00e9 sur la formation et l\u2019encadrement des \u00e9ducatrices, ne cesse de prendre de l\u2019ampleur en ce sens qu\u2019elle s\u2019appr\u00eate \u00e0 s\u2019engager dans un nouveau projet portant sur l\u2019introduction de la formation professionnelle et bien d\u2019autres initiatives.<\/p>\n<p class=\"c4\">La t\u00e2che devient de plus en plus difficile mais Mme Atia ne compte pas l\u00e2cher et baisser les bras parce que, pour elle, il reste encore une chose si importante : comment assurer l\u2019avenir \u00e0 ces enfants, sachant que l\u2019association a le droit d\u2019accueillir cette cat\u00e9gorie jusqu\u2019\u00e0 l\u2019\u00e2ge de 18 ans, et c\u2019est \u00e0 ce stade que se pose le v\u00e9ritable probl\u00e8me.<\/p>\n<p class=\"c4\">\u00ab\u00a0Arm\u00e9e de ma passion et de l\u2019amour que j\u2019\u00e9prouve pour ces enfants, je vais continuer rien que pour assurer aux enfants de l\u2019association, dont certains sont devenus jeunes et m\u00eame adultes, un accompagnement adapt\u00e9 et de qualit\u00e9\u00a0\u00bb, a assur\u00e9 Mme Atia qui a \u00e9t\u00e9 port\u00e9e derni\u00e8rement \u00e0 la t\u00eate de l\u2019Union nationale des associations \u0153uvrant dans le domaine du handicap mental.<\/p>\n<p class=\"c4\">Et dans l\u2019attente de concr\u00e9tiser le r\u00eave de la cr\u00e9ation d\u2019un grand centre de formation et de qualification professionnelle \u00e0 m\u00eame de les aider \u00e0 devenir autonomes, mener une vie digne et jouer un r\u00f4le actif dans la soci\u00e9t\u00e9, elle a soulign\u00e9 l\u2019imp\u00e9ratif pour nous tous d\u2019aider cette frange de la population.<\/p>\n<p class=\"c4\">Entre motivation, enthousiasme, et optimisme, la pr\u00e9sidente de l\u2019association Badr, une passionn\u00e9e de la peinture et de l\u2019\u00e9quitation, affirme que malgr\u00e9 ses multiples engagements et responsabilit\u00e9s familiaux et professionnels, elle consacre 60 pc de son temps au service de cette noble mission: l\u2019\u00e9ducation, la scolarisation et la sant\u00e9 physique et psychologique des personnes en situation de handicap mental \u00e0 Berkane.<\/p>\n<p class=\"c4\">\u00ab\u00a0Cette frange de la population a besoin de nous tous, m\u00eame avec un sourire. Mettons alors la main dans la main pour faire pr\u00e9valoir les droits de citoyennet\u00e9 des personnes en situation de handicap\u00a0\u00bb, a avanc\u00e9 Mme Atia qui a la capacit\u00e9 de communiquer son optimisme autour d\u2019elle.<\/p>\n<p>Auteur: Soufiane ELAHMAR<br \/>\n<a href=\"http:\/\/www.mapoujda.ma\/fr\/nadia-atia-un-engagement-constant-au-service-des-enfants-handicapes-mentaux-a-berkane\/\">Cliquez ici pour lire l&rsquo;article depuis sa source.<\/a><\/p>\n","protected":false},"excerpt":{"rendered":"<p>Malgr\u00e9 ses pr\u00e9occupations et ses responsabilit\u00e9s de m\u00e8re et de femme entrepreneure en particulier, Nadia Atia a su garder, voire d\u00e9velopper son attachement, sa passion et son amour pour l\u2019action humanitaire et associative dans laquelle elle s\u2019est engag\u00e9e depuis son jeune \u00e2ge. Nourrie d\u2019une forte ambition et d\u2019une volont\u00e9 de fer, Mme Atia, pr\u00e9sidente de [&hellip;]<\/p>\n","protected":false},"author":1788,"featured_media":0,"comment_status":"closed","ping_status":"closed","sticky":false,"template":"","format":"standard","meta":{"fifu_image_url":"http:\/\/www.mapoujda.ma\/map\/uploads\/2021\/03\/Nadia-Atia-aux-c\u00f4t\u00e9s-des-enfants-b\u00e9n\u00e9ficiaires-du-centre-Al-Moubadara-pour-la-personne-handicap\u00e9e-750\u00d7430-MAPOUJDA.jpg","fifu_image_alt":"Nadia Atia, un engagement constant au service des enfants handicap\u00e9s mentaux \u00e0 Berkane","footnotes":""},"categories":[54,76],"tags":[],"class_list":["post-112603","post","type-post","status-publish","format-standard","hentry","category-maroc","category-regions"],"_links":{"self":[{"href":"https:\/\/linitiative.ca\/International\/wp-json\/wp\/v2\/posts\/112603","targetHints":{"allow":["GET"]}}],"collection":[{"href":"https:\/\/linitiative.ca\/International\/wp-json\/wp\/v2\/posts"}],"about":[{"href":"https:\/\/linitiative.ca\/International\/wp-json\/wp\/v2\/types\/post"}],"author":[{"embeddable":true,"href":"https:\/\/linitiative.ca\/International\/wp-json\/wp\/v2\/users\/1788"}],"replies":[{"embeddable":true,"href":"https:\/\/linitiative.ca\/International\/wp-json\/wp\/v2\/comments?post=112603"}],"version-history":[{"count":0,"href":"https:\/\/linitiative.ca\/International\/wp-json\/wp\/v2\/posts\/112603\/revisions"}],"wp:attachment":[{"href":"https:\/\/linitiative.ca\/International\/wp-json\/wp\/v2\/media?parent=112603"}],"wp:term":[{"taxonomy":"category","embeddable":true,"href":"https:\/\/linitiative.ca\/International\/wp-json\/wp\/v2\/categories?post=112603"},{"taxonomy":"post_tag","embeddable":true,"href":"https:\/\/linitiative.ca\/International\/wp-json\/wp\/v2\/tags?post=112603"}],"curies":[{"name":"wp","href":"https:\/\/api.w.org\/{rel}","templated":true}]}}