{"id":112608,"date":"2021-03-06T07:44:46","date_gmt":"2021-03-06T12:44:46","guid":{"rendered":"https:\/\/linitiative.ca\/International\/elections-le-pl-adopte-chez-les-representants\/"},"modified":"2021-03-06T07:44:46","modified_gmt":"2021-03-06T12:44:46","slug":"elections-le-pl-adopte-chez-les-representants","status":"publish","type":"post","link":"https:\/\/linitiative.ca\/International\/elections-le-pl-adopte-chez-les-representants\/","title":{"rendered":"Elections: le PL adopt\u00e9 chez les repr\u00e9sentants"},"content":{"rendered":"<p class=\"rtejustify\">La Chambre des repr\u00e9sentants a adopt\u00e9 \u00e0 la majorit\u00e9, vendredi soir, le projet de loi organique 04-21 modifiant et compl\u00e9tant la loi organique 27-11 relative \u00e0 cette institution.<\/p>\n<p class=\"rtejustify\">Lors d&rsquo;une s\u00e9ance pl\u00e9ni\u00e8re tenue en pr\u00e9sence du ministre de l&rsquo;Int\u00e9rieur Abdelouafi Laftit, le texte a \u00e9t\u00e9 approuv\u00e9 par 162 voix pour, 104 contre et une seule abstention. Des amendements ont \u00e9t\u00e9 introduits sur le projet portant essentiellement sur l&rsquo;adoption du quotient \u00e9lectoral sur la base des inscrits et sur l&rsquo;\u00e9largissement des cas de cumul de mandats \u00e9lectifs pour concerner aussi la pr\u00e9sidence des Conseils communaux, pr\u00e9fectoraux ou provinciaux.<\/p>\n<p class=\"rtejustify\">Le projet de loi pr\u00e9sente une vision alternative pour la circonscription \u00e9lectorale nationale en la rempla\u00e7ant par des circonscriptions r\u00e9gionales vu la place constitutionnelle qu&rsquo;occupe la R\u00e9gion dans l&rsquo;organisation territoriale du Royaume. Dans ce sens, le projet pr\u00e9voit de remplacer la circonscription nationale par des circonscriptions r\u00e9gionales, tout en r\u00e9partissant les 90 si\u00e8ges r\u00e9serv\u00e9s actuellement \u00e0 la circonscription nationale sur les circonscriptions r\u00e9gionales. Et ce, en fonction de deux crit\u00e8res principaux, \u00e0 savoir le nombre des habitants et la repr\u00e9sentativit\u00e9 de la R\u00e9gion.<\/p>\n<p class=\"rtejustify\">Et dans le but de faciliter la t\u00e2che aux partis politiques en ce qui concerne la formation des listes des candidats, le projet de loi pr\u00e9voit la validation de la liste dont l&rsquo;in\u00e9ligibilit\u00e9 de l&rsquo;un des candidat s&rsquo;est av\u00e9r\u00e9e apr\u00e8s l&rsquo;expiration du d\u00e9lai fix\u00e9 pour le d\u00e9p\u00f4t des candidatures. Ainsi, en vertu de la loi, les candidats se trouvant dans les positions inf\u00e9rieures par rapport au candidat in\u00e9ligible sont replac\u00e9s dans les positions sup\u00e9rieures.<\/p>\n<p class=\"rtejustify\">Ce nouveau classement est pris en compte lors de la r\u00e9partition des si\u00e8ges. Par ailleurs, afin de renforcer les mesures de moralisation de la campagne \u00e9lectorale men\u00e9e par les candidats, et afin d&rsquo;y apporter la transparence n\u00e9cessaire et garantir une concurrence loyale et saine, le projet de loi exige de tout mandataire de liste ou candidat de cr\u00e9er un compte de campagne \u00e9lectorale suivant un exemplaire fix\u00e9 par voie r\u00e9glementaire et qui doit \u00eatre d\u00e9pos\u00e9 dans un d\u00e9lai fix\u00e9 selon les dispositions en vigueur.<\/p>\n<p class=\"rtejustify\">\u00a0<\/p>\n<p>Auteur: mbasraoui<br \/>\n<a href=\"https:\/\/www.leconomiste.com\/flash-infos\/elections-le-pl-adopte-chez-les-representants\">Cliquez ici pour lire l&rsquo;article depuis sa source.<\/a><\/p>\n","protected":false},"excerpt":{"rendered":"<p>La Chambre des repr\u00e9sentants a adopt\u00e9 \u00e0 la majorit\u00e9, vendredi soir, le projet de loi organique 04-21 modifiant et compl\u00e9tant la loi organique 27-11 relative \u00e0 cette institution. Lors d&rsquo;une s\u00e9ance pl\u00e9ni\u00e8re tenue en pr\u00e9sence du ministre de l&rsquo;Int\u00e9rieur Abdelouafi Laftit, le texte a \u00e9t\u00e9 approuv\u00e9 par 162 voix pour, 104 contre et une seule [&hellip;]<\/p>\n","protected":false},"author":1763,"featured_media":0,"comment_status":"closed","ping_status":"closed","sticky":false,"template":"","format":"standard","meta":{"fifu_image_url":"","fifu_image_alt":"","footnotes":""},"categories":[78,54],"tags":[],"class_list":["post-112608","post","type-post","status-publish","format-standard","hentry","category-economie","category-maroc"],"_links":{"self":[{"href":"https:\/\/linitiative.ca\/International\/wp-json\/wp\/v2\/posts\/112608","targetHints":{"allow":["GET"]}}],"collection":[{"href":"https:\/\/linitiative.ca\/International\/wp-json\/wp\/v2\/posts"}],"about":[{"href":"https:\/\/linitiative.ca\/International\/wp-json\/wp\/v2\/types\/post"}],"author":[{"embeddable":true,"href":"https:\/\/linitiative.ca\/International\/wp-json\/wp\/v2\/users\/1763"}],"replies":[{"embeddable":true,"href":"https:\/\/linitiative.ca\/International\/wp-json\/wp\/v2\/comments?post=112608"}],"version-history":[{"count":0,"href":"https:\/\/linitiative.ca\/International\/wp-json\/wp\/v2\/posts\/112608\/revisions"}],"wp:attachment":[{"href":"https:\/\/linitiative.ca\/International\/wp-json\/wp\/v2\/media?parent=112608"}],"wp:term":[{"taxonomy":"category","embeddable":true,"href":"https:\/\/linitiative.ca\/International\/wp-json\/wp\/v2\/categories?post=112608"},{"taxonomy":"post_tag","embeddable":true,"href":"https:\/\/linitiative.ca\/International\/wp-json\/wp\/v2\/tags?post=112608"}],"curies":[{"name":"wp","href":"https:\/\/api.w.org\/{rel}","templated":true}]}}