{"id":112610,"date":"2021-03-06T12:33:45","date_gmt":"2021-03-06T17:33:45","guid":{"rendered":"https:\/\/linitiative.ca\/International\/covid19-391-millions-de-personnes-vaccinees\/"},"modified":"2021-03-06T12:33:45","modified_gmt":"2021-03-06T17:33:45","slug":"covid19-391-millions-de-personnes-vaccinees","status":"publish","type":"post","link":"https:\/\/linitiative.ca\/International\/covid19-391-millions-de-personnes-vaccinees\/","title":{"rendered":"Covid19: 3,91 millions de personnes vaccin\u00e9es"},"content":{"rendered":"<p>Le Maroc a enregistr\u00e9 <span class=\"c4\">407\u00a0<\/span>nouveaux cas de Covid19 durant les derni\u00e8res 24 heures, ce qui porte le total \u00e0\u00a0<span class=\"c4\">485 974\u00a0<\/span>cas confirm\u00e9s, d&rsquo;apr\u00e8s le nouveau bilan du minist\u00e8re de la Sant\u00e9 de ce <strong>samedi 6\u00a0mars 2021<\/strong>.<\/p>\n<p class=\"rtejustify\">Le nombre de personnes vaccin\u00e9es se chiffre \u00e0 <span class=\"c4\">3 913 615\u00a0i<\/span>ndique \u00e9galement le minist\u00e8re.\u00a0<span class=\"c4\">578 942\u00a0<\/span>personnes ont pris leur 2e dose.<\/p>\n<p class=\"rtejustify\">Casablanca-Settat a enregistr\u00e9 <span class=\"c4\">258\u00a0<\/span>nouveaux cas, alors que la r\u00e9gion de <span class=\"c4\">Tanger -T\u00e9touan- Al Hoceima\u00a0<\/span>en compte <strong><span class=\"c4\">49<\/span><\/strong>. Au total,\u00a0<span class=\"c4\">11 672\u00a0<\/span>nouveaux tests ont \u00e9t\u00e9 r\u00e9alis\u00e9s.<\/p>\n<p class=\"rtejustify\">Quant au nombre de d\u00e9c\u00e8s, il s&rsquo;\u00e9tablit \u00e0 <span class=\"c4\">8 676<\/span>, soit 3<strong>\u00a0<\/strong>morts de plus en 24 heures (taux de l\u00e9talit\u00e9 1,8%), alors que <span class=\"c4\">509\u00a0<\/span>nouvelles gu\u00e9risons ont \u00e9t\u00e9 recens\u00e9es, soit au total <span class=\"c4\">471 919\u00a0<\/span>(taux de gu\u00e9rison 97,1%). Le nombre de cas encore actifs atteint <span class=\"c4\">5 379<\/span>, dont <span class=\"c4\">357\u00a0<\/span>s\u00e9v\u00e8res.<\/p>\n<p class=\"rtejustify\">Parmi ces derniers, <strong>19\u00a0<\/strong>sont sous intubation, alors que <strong><span class=\"c4\">216\u00a0<\/span><\/strong>sont sous ventilation non invasive.<\/p>\n<p class=\"rtejustify\">Par ailleurs, le taux d&rsquo;occupation des lits d\u00e9di\u00e9s au Covid-19 atteint <strong>11,3%<\/strong>.<\/p>\n<blockquote readability=\"4.75\">\n<p class=\"rtejustify\"><strong>Pour plus de d\u00e9tails, voir l&rsquo;\u00e9volution en temps r\u00e9el de l&rsquo;\u00e9pid\u00e9mie sur <a href=\"https:\/\/www.leconomiste.com\/covid19\/\">https:\/\/www.leconomiste.com\/covid19\/<\/a><\/strong><\/p>\n<\/blockquote>\n<p>Auteur: mbasraoui<br \/>\n<a href=\"https:\/\/www.leconomiste.com\/flash-infos\/covid19-3-91-millions-de-personnes-vaccinees\">Cliquez ici pour lire l&rsquo;article depuis sa source.<\/a><\/p>\n","protected":false},"excerpt":{"rendered":"<p>Le Maroc a enregistr\u00e9 407\u00a0nouveaux cas de Covid19 durant les derni\u00e8res 24 heures, ce qui porte le total \u00e0\u00a0485 974\u00a0cas confirm\u00e9s, d&rsquo;apr\u00e8s le nouveau bilan du minist\u00e8re de la Sant\u00e9 de ce samedi 6\u00a0mars 2021. Le nombre de personnes vaccin\u00e9es se chiffre \u00e0 3 913 615\u00a0indique \u00e9galement le minist\u00e8re.\u00a0578 942\u00a0personnes ont pris leur 2e dose. [&hellip;]<\/p>\n","protected":false},"author":1763,"featured_media":0,"comment_status":"closed","ping_status":"closed","sticky":false,"template":"","format":"standard","meta":{"fifu_image_url":"","fifu_image_alt":"","footnotes":""},"categories":[78,54],"tags":[],"class_list":["post-112610","post","type-post","status-publish","format-standard","hentry","category-economie","category-maroc"],"_links":{"self":[{"href":"https:\/\/linitiative.ca\/International\/wp-json\/wp\/v2\/posts\/112610","targetHints":{"allow":["GET"]}}],"collection":[{"href":"https:\/\/linitiative.ca\/International\/wp-json\/wp\/v2\/posts"}],"about":[{"href":"https:\/\/linitiative.ca\/International\/wp-json\/wp\/v2\/types\/post"}],"author":[{"embeddable":true,"href":"https:\/\/linitiative.ca\/International\/wp-json\/wp\/v2\/users\/1763"}],"replies":[{"embeddable":true,"href":"https:\/\/linitiative.ca\/International\/wp-json\/wp\/v2\/comments?post=112610"}],"version-history":[{"count":0,"href":"https:\/\/linitiative.ca\/International\/wp-json\/wp\/v2\/posts\/112610\/revisions"}],"wp:attachment":[{"href":"https:\/\/linitiative.ca\/International\/wp-json\/wp\/v2\/media?parent=112610"}],"wp:term":[{"taxonomy":"category","embeddable":true,"href":"https:\/\/linitiative.ca\/International\/wp-json\/wp\/v2\/categories?post=112610"},{"taxonomy":"post_tag","embeddable":true,"href":"https:\/\/linitiative.ca\/International\/wp-json\/wp\/v2\/tags?post=112610"}],"curies":[{"name":"wp","href":"https:\/\/api.w.org\/{rel}","templated":true}]}}