{"id":112612,"date":"2021-03-06T11:00:00","date_gmt":"2021-03-06T16:00:00","guid":{"rendered":"https:\/\/linitiative.ca\/International\/un-mort-dans-des-manifs-de-soutien-a-lopposant-ousmane-sonko\/"},"modified":"2021-03-06T11:00:00","modified_gmt":"2021-03-06T16:00:00","slug":"un-mort-dans-des-manifs-de-soutien-a-lopposant-ousmane-sonko","status":"publish","type":"post","link":"https:\/\/linitiative.ca\/International\/un-mort-dans-des-manifs-de-soutien-a-lopposant-ousmane-sonko\/","title":{"rendered":"Un mort dans des manifs de soutien \u00e0 l\u2019opposant Ousmane Sonko"},"content":{"rendered":"<p class=\"p1 c4\"><span class=\"c3\"><strong><span class=\"s1 c2\">Le Temps-Agences-<\/span>Les manifestations contre l\u2019arrestation de l\u2019opposant Ousmane Sonko ont fait leur premier mort au S\u00e9n\u00e9gal, o\u00f9 les autorit\u00e9s ont suspendu deux t\u00e9l\u00e9visions priv\u00e9es accus\u00e9es d\u2019attiser les violences et o\u00f9 des m\u00e9dias jug\u00e9s proches du pouvoir par l\u2019opposition ont \u00e9t\u00e9 attaqu\u00e9s dans la soir\u00e9e.<\/strong><\/span><\/p>\n<p class=\"p1 c5\"><span class=\"c3\">C\u2019est le premier d\u00e9c\u00e8s confirm\u00e9 au cours des manifestations en faveur d\u2019Ousmana Sonko qui ont suivi son placement en garde \u00e0 vue mercredi, officiellement pour les troubles \u00e0 l\u2019ordre public qu\u2019il aurait caus\u00e9s en se rendant en cort\u00e8ge au tribunal o\u00f9 il \u00e9tait convoqu\u00e9.<\/span><\/p>\n<p class=\"p1 c5\"><span class=\"c3\">Ousmana Sonko, 46 ans, devait \u00eatre entendu sur des accusations de viols et menaces de mort d\u00e9pos\u00e9e contre lui par une employ\u00e9e d\u2019un salon de beaut\u00e9 dans lequel il allait se faire masser pour, dit-il, soulager ses maux de dos. Personnalit\u00e9 au profil antisyst\u00e8me et au discours imp\u00e9tueux, le d\u00e9put\u00e9 r\u00e9fute ces accusations, d\u00e9voil\u00e9es d\u00e9but f\u00e9vrier dans la presse. Il crie au complot ourdi par le pr\u00e9sident Macky Sall pour l\u2019\u00e9carter de la prochaine pr\u00e9sidentielle. Le pr\u00e9sident a d\u00e9menti.<\/span><\/p>\n<p class=\"p1 c5\"><span class=\"c3\">\u00ab Il y a un d\u00e9c\u00e9d\u00e9 parmi les manifestants \u00e0 Bignona \u00bb, en Casamance (Sud), a indiqu\u00e9 un commandant de la gendarmerie. Les manifestations \u00ab ont donn\u00e9 lieu \u00e0 des actes regrettables de vandalisme et de violence, ayant malheureusement conduit \u00e0 une mort d\u2019homme en la personne de Cheikh Ibrahima Coly \u00bb, a confirm\u00e9 le gouvernement, en condamnant \u00ab fermement les actes de violence, les pillages et destructions \u00bb, alors que le pays ouest-africain est r\u00e9put\u00e9 pour sa stabilit\u00e9.<\/span><\/p>\n<p class=\"p1 c5\"><span class=\"c3\">\u00ab Nous exigeons une enqu\u00eate ind\u00e9pendante pour faire la lumi\u00e8re sur les circonstances du d\u00e9c\u00e8s du jeune Cheikh Coly, 20 ans \u00bb \u00e0 Bignona, avait auparavant tweet\u00e9 le directeur d\u2019Amnesty International S\u00e9n\u00e9gal, Seydi Gassama.<\/span><\/p>\n<p class=\"p2 c6\">\u00a0<\/p>\n<p class=\"p3 c7\"><span class=\"c3\">Ousmana Sonko devant le juge<span class=\"Apple-converted-space\">\u00a0<\/span><\/span><\/p>\n<p class=\"p1 c5\"><span class=\"c3\">Des heurts ont \u00e9t\u00e9 rapport\u00e9s dans d\u2019autres villes, y compris en Casamance, o\u00f9 Ousmana Sonko, troisi\u00e8me de la pr\u00e9sidentielle de 2019 et pressenti comme l\u2019un des principaux candidats \u00e0 celle de 2024, b\u00e9n\u00e9ficie d\u2019un fort soutien. \u00c0 Dakar, des groupes de jeunes et les forces de l\u2019ordre avaient \u00e9chang\u00e9 mercredi des jets de pierres et des tirs de gaz lacrymog\u00e8nes. Les m\u00e9dias et les r\u00e9seaux sociaux ont rapport\u00e9 le pillage de magasins. Les heurts se sont poursuivis jeudi, notamment sur le campus de l\u2019Universit\u00e9 Cheikh Anta Diop de Dakar, o\u00f9 des dizaines d\u2019\u00e9tudiants affrontaient en fin d\u2019apr\u00e8s-midi les policiers en leur lan\u00e7ant des morceaux de parpaings, selon des journalistes.<\/span><\/p>\n<p class=\"p1 c5\"><span class=\"c3\">Dans la soir\u00e9e, le Conseil national de r\u00e9gulation de l\u2019audiovisuel (CNRA) a annonc\u00e9 suspendre pour 72 heures le signal de deux t\u00e9l\u00e9visions priv\u00e9es, Sen TV et Walf TV, \u00e0 qui il a reproch\u00e9 la diffusion \u00ab en boucle des images de violence \u00bb. Le gouvernement \u00ab met en garde contre la couverture tendancieuse des \u00e9v\u00e9nements par certains m\u00e9dias, de nature \u00e0 attiser la haine et la violence \u00bb, a-t-il aussi dit dans son communiqu\u00e9.<\/span><\/p>\n<p class=\"p1 c5\"><span class=\"c3\">Jeudi soir, le si\u00e8ge de m\u00e9dias jug\u00e9s proches du gouvernement ont \u00e9t\u00e9 vis\u00e9s par des manifestants en col\u00e8re. \u00ab Nous avons \u00e9t\u00e9 attaqu\u00e9s \u00e0 coups de cocktail molotov et de grosses pierres. Les assaillants \u00e9taient nombreux. Ils ont cass\u00e9 des v\u00e9hicules et des vitres. Nous avons utilis\u00e9 des extincteurs. L\u2019attaque a dur\u00e9 au moins un quart d\u2019heure \u00bb, a d\u00e9clar\u00e9 Daouda Man\u00e9, directeur des r\u00e9dactions du quotidien gouvernemental Le Soleil.<\/span><\/p>\n<p class=\"p1 c5\"><span class=\"c3\">Un journaliste de la radio RFM, appartenant au groupe de presse priv\u00e9 du chanteur et ancien ministre Youssou Ndour, El Hadji Assane Gu\u00e8ye, a fait \u00e9tat de \u00ab d\u00e9g\u00e2ts importants \u00bb, dont \u00ab au moins une voiture br\u00fbl\u00e9e \u00bb, aux abords de sa r\u00e9daction.<\/span><\/p>\n<p class=\"p1 c4\">\u00a0<\/p>\n<p class=\"p1 c5\"><span class=\"c3\">Les avocats d\u2019Ousmane Sonko ont pour leur part indiqu\u00e9 que le d\u00e9put\u00e9 \u00e9tait \u00e0 nouveau attendu au tribunal hier. \u00ab Il sera conduit demain de gr\u00e9 ou de force chez le magistrat instructeur \u00bb, a d\u00e9clar\u00e9 l\u2019un d\u2019eux, Abdoulaye Tall. Lors de sa garde \u00e0 vue, le d\u00e9put\u00e9 a gard\u00e9 le silence pour \u00ab protester contre les violations \u00bb de ses droits, selon un autre de ses avocats, Cheikh Khouraissy Ba.<\/span><\/p>\n<p>Auteur: letemps1<br \/>\n<a href=\"http:\/\/www.letemps.com.tn\/article\/119609\/un-mort-dans-des-manifs-de-soutien-%C3%A0-l%E2%80%99opposant-ousmane-sonko\">Cliquez ici pour lire l&rsquo;article depuis sa source.<\/a><\/p>\n","protected":false},"excerpt":{"rendered":"<p>Le Temps-Agences-Les manifestations contre l\u2019arrestation de l\u2019opposant Ousmane Sonko ont fait leur premier mort au S\u00e9n\u00e9gal, o\u00f9 les autorit\u00e9s ont suspendu deux t\u00e9l\u00e9visions priv\u00e9es accus\u00e9es d\u2019attiser les violences et o\u00f9 des m\u00e9dias jug\u00e9s proches du pouvoir par l\u2019opposition ont \u00e9t\u00e9 attaqu\u00e9s dans la soir\u00e9e. C\u2019est le premier d\u00e9c\u00e8s confirm\u00e9 au cours des manifestations en faveur [&hellip;]<\/p>\n","protected":false},"author":1773,"featured_media":0,"comment_status":"closed","ping_status":"closed","sticky":false,"template":"","format":"standard","meta":{"fifu_image_url":"","fifu_image_alt":"","footnotes":""},"categories":[73,55],"tags":[],"class_list":["post-112612","post","type-post","status-publish","format-standard","hentry","category-actualite","category-tunisie"],"_links":{"self":[{"href":"https:\/\/linitiative.ca\/International\/wp-json\/wp\/v2\/posts\/112612","targetHints":{"allow":["GET"]}}],"collection":[{"href":"https:\/\/linitiative.ca\/International\/wp-json\/wp\/v2\/posts"}],"about":[{"href":"https:\/\/linitiative.ca\/International\/wp-json\/wp\/v2\/types\/post"}],"author":[{"embeddable":true,"href":"https:\/\/linitiative.ca\/International\/wp-json\/wp\/v2\/users\/1773"}],"replies":[{"embeddable":true,"href":"https:\/\/linitiative.ca\/International\/wp-json\/wp\/v2\/comments?post=112612"}],"version-history":[{"count":0,"href":"https:\/\/linitiative.ca\/International\/wp-json\/wp\/v2\/posts\/112612\/revisions"}],"wp:attachment":[{"href":"https:\/\/linitiative.ca\/International\/wp-json\/wp\/v2\/media?parent=112612"}],"wp:term":[{"taxonomy":"category","embeddable":true,"href":"https:\/\/linitiative.ca\/International\/wp-json\/wp\/v2\/categories?post=112612"},{"taxonomy":"post_tag","embeddable":true,"href":"https:\/\/linitiative.ca\/International\/wp-json\/wp\/v2\/tags?post=112612"}],"curies":[{"name":"wp","href":"https:\/\/api.w.org\/{rel}","templated":true}]}}