{"id":112613,"date":"2021-03-06T11:00:00","date_gmt":"2021-03-06T16:00:00","guid":{"rendered":"https:\/\/linitiative.ca\/International\/nouveau-volet-de-sanctions-americaines\/"},"modified":"2021-03-06T11:00:00","modified_gmt":"2021-03-06T16:00:00","slug":"nouveau-volet-de-sanctions-americaines","status":"publish","type":"post","link":"https:\/\/linitiative.ca\/International\/nouveau-volet-de-sanctions-americaines\/","title":{"rendered":"Nouveau volet de sanctions am\u00e9ricaines"},"content":{"rendered":"<p class=\"p1 c4\"><span class=\"c3\"><span class=\"s1 c2\"><strong>Le Temps- Agences-<\/strong><\/span> <strong>En Birmanie, tandis que les manifestations et la r\u00e9pression se poursuivent, les sanctions internationales se multiplient et les \u00c9tats-Unis annoncent un nouveau volet de sanctions pour tenter de contrecarrer les plans des militaires au pouvoir.<\/strong><\/span><\/p>\n<p class=\"p2 c5\">\u00a0<\/p>\n<p class=\"p3 c6\"><span class=\"c3\">Le Canada, l\u2019Union europ\u00e9enne et la Grande-Bretagne ont annonc\u00e9 des sanctions visant les militaires cette semaine, et, dernier geste en date, les \u00c9tats-Unis inscrivent sur leur liste noire les minist\u00e8res birmans de la D\u00e9fense et de l&rsquo;Int\u00e9rieur, jug\u00e9s \u00ab responsables du coup d&rsquo;\u00c9tat \u00bb, ainsi que deux entit\u00e9s commerciales qui d\u00e9tiennent les ficelles de l\u2019\u00e9conomie birmane. Et cela touche aussi bien leurs int\u00e9r\u00eats immobiliers que le commerce de la bi\u00e8re.<span class=\"Apple-converted-space\">\u00a0<\/span><\/span><\/p>\n<p class=\"p2 c5\">\u00a0<\/p>\n<p class=\"p4 c7\"><span class=\"c3\"><strong>Contr\u00f4le des exportations<\/strong><\/span><\/p>\n<p class=\"p3 c6\"><span class=\"c3\">Washington impose \u00e9galement un contr\u00f4le plus strict sur les exportations, obligeant les fournisseurs am\u00e9ricains \u00e0 demander des permis plus que difficiles \u00e0 obtenir pour ralentir les \u00e9changes commerciaux avec la junte. La Banque f\u00e9d\u00e9rale de New York a d\u00e9voil\u00e9, hier, jeudi 4 mars, que quelques jours \u00e0 peine apr\u00e8s le coup d\u2019\u00c9tat, les \u00c9tats-Unis avaient emp\u00each\u00e9 les militaires de vider un compte bancaire am\u00e9ricain d&rsquo;un milliard de dollars. Les chefs de la junte ont apparemment tent\u00e9 de d\u00e9placer les fonds pour limiter leur exposition aux sanctions internationales.<\/span><\/p>\n<p class=\"p5 c8\">\u00a0<\/p>\n<p class=\"p4 c7\"><span class=\"c3\"><strong>Retrait des cha\u00eenes YouTube<\/strong><\/span><\/p>\n<p class=\"p3 c6\"><span class=\"c3\">Des sanctions qui de toute fa\u00e7on ont peu de chance d\u2019avoir un r\u00e9el impact. Pour \u00ab frapper fort \u00bb il faudrait, selon les experts, s\u2019attaquer directement aux avoirs financiers des militaires. Par ailleurs, YouTube vient de retirer cinq cha\u00eenes contr\u00f4l\u00e9es par l\u2019arm\u00e9e birmane de ses plateformes, un geste similaire \u00e0 celui de Facebook en f\u00e9vrier, afin de limiter la propagande des putschistes.<span class=\"Apple-converted-space\">\u00a0<\/span><\/span><\/p>\n<p>Auteur: letemps1<br \/>\n<a href=\"http:\/\/www.letemps.com.tn\/article\/119610\/nouveau-volet-de-sanctions-am%C3%A9ricaines\">Cliquez ici pour lire l&rsquo;article depuis sa source.<\/a><\/p>\n","protected":false},"excerpt":{"rendered":"<p>Le Temps- Agences- En Birmanie, tandis que les manifestations et la r\u00e9pression se poursuivent, les sanctions internationales se multiplient et les \u00c9tats-Unis annoncent un nouveau volet de sanctions pour tenter de contrecarrer les plans des militaires au pouvoir. \u00a0 Le Canada, l\u2019Union europ\u00e9enne et la Grande-Bretagne ont annonc\u00e9 des sanctions visant les militaires cette semaine, [&hellip;]<\/p>\n","protected":false},"author":1773,"featured_media":0,"comment_status":"closed","ping_status":"closed","sticky":false,"template":"","format":"standard","meta":{"fifu_image_url":"","fifu_image_alt":"","footnotes":""},"categories":[73,55],"tags":[],"class_list":["post-112613","post","type-post","status-publish","format-standard","hentry","category-actualite","category-tunisie"],"_links":{"self":[{"href":"https:\/\/linitiative.ca\/International\/wp-json\/wp\/v2\/posts\/112613","targetHints":{"allow":["GET"]}}],"collection":[{"href":"https:\/\/linitiative.ca\/International\/wp-json\/wp\/v2\/posts"}],"about":[{"href":"https:\/\/linitiative.ca\/International\/wp-json\/wp\/v2\/types\/post"}],"author":[{"embeddable":true,"href":"https:\/\/linitiative.ca\/International\/wp-json\/wp\/v2\/users\/1773"}],"replies":[{"embeddable":true,"href":"https:\/\/linitiative.ca\/International\/wp-json\/wp\/v2\/comments?post=112613"}],"version-history":[{"count":0,"href":"https:\/\/linitiative.ca\/International\/wp-json\/wp\/v2\/posts\/112613\/revisions"}],"wp:attachment":[{"href":"https:\/\/linitiative.ca\/International\/wp-json\/wp\/v2\/media?parent=112613"}],"wp:term":[{"taxonomy":"category","embeddable":true,"href":"https:\/\/linitiative.ca\/International\/wp-json\/wp\/v2\/categories?post=112613"},{"taxonomy":"post_tag","embeddable":true,"href":"https:\/\/linitiative.ca\/International\/wp-json\/wp\/v2\/tags?post=112613"}],"curies":[{"name":"wp","href":"https:\/\/api.w.org\/{rel}","templated":true}]}}