{"id":112614,"date":"2021-03-06T11:00:00","date_gmt":"2021-03-06T16:00:00","guid":{"rendered":"https:\/\/linitiative.ca\/International\/londres-sinquiete-des-recrutements-dadolescents\/"},"modified":"2021-03-06T11:00:00","modified_gmt":"2021-03-06T16:00:00","slug":"londres-sinquiete-des-recrutements-dadolescents","status":"publish","type":"post","link":"https:\/\/linitiative.ca\/International\/londres-sinquiete-des-recrutements-dadolescents\/","title":{"rendered":"Londres s\u2019inqui\u00e8te des recrutements d\u2019adolescents"},"content":{"rendered":"<p class=\"p1 c4\"><span class=\"c3\"><strong><span class=\"s1 c2\">Le Temps-Agences-<\/span> Le Royaume-Uni a observ\u00e9 une hausse de 7% sur un an du \u00abvolume des contenus terroristes en ligne\u00bb. Selon les d\u00e9put\u00e9s, les confinements successifs n\u2019y seraient pas pour rien.<\/strong><\/span><\/p>\n<p class=\"p1 c5\"><span class=\"c3\">Le Royaume-Uni a fait \u00e9tat jeudi d\u2019une hausse \u00abinqui\u00e9tante\u00bb des arrestations d\u2019adolescents pour des d\u00e9lits de nature terroriste, \u00e9tablissant un lien entre les confinements mis en place contre le coronavirus et le recrutement des jeunes par des organisations telles que le groupe \u00c9tat islamique.<\/span><\/p>\n<p class=\"p1 c5\"><span class=\"c3\">Devant les d\u00e9put\u00e9s, le ministre des Affaires \u00e9trang\u00e8res Dominic Raab a relev\u00e9 une hausse de 7% en d\u00e9cembre sur un an du \u00abvolume des contenus terroristes en ligne\u00bb et \u00abune augmentation inqui\u00e9tante de la proportion des enfants et des adolescents qui sont maintenant arr\u00eat\u00e9s pour des d\u00e9lits terroristes\u00bb.<\/span><\/p>\n<p class=\"p1 c5\"><span class=\"c3\">Selon M. Raab, la police londonienne estime que les confinements successifs instaur\u00e9s pour lutter contre l\u2019\u00e9pid\u00e9mie due au coronavirus facilitent \u00abl\u2019acc\u00e8s num\u00e9rique\u00bb des \u00abterroristes\u00bb \u00e0 \u00abceux qui sont probablement les plus r\u00e9ceptifs aux r\u00e9cits extr\u00e9mistes\u00bb.<\/span><\/p>\n<p class=\"p1 c5\"><span class=\"c3\">Il a cit\u00e9 le groupe djihadiste \u00c9tat islamique (EI) qu\u2019il consid\u00e8re comme \u00abla plus importante menace terroriste, tant au niveau national qu\u2019\u00e0 l\u2019\u00e9tranger\u00bb.<\/span><\/p>\n<p class=\"p1 c5\"><span class=\"c3\">La d\u00e9put\u00e9e travailliste Lisa Nandy, charg\u00e9e des Affaires \u00e9trang\u00e8res pour l\u2019opposition, s\u2019est d\u00e9clar\u00e9e \u00abprofond\u00e9ment troubl\u00e9e\u00bb par la mani\u00e8re dont les jeunes \u00e9taient cibl\u00e9s par l\u2019EI pendant le confinement.<\/span><\/p>\n<p class=\"p1 c5\"><span class=\"c3\">Le Royaume-Uni subit depuis d\u00e9but janvier son troisi\u00e8me confinement, avec fermeture des \u00e9tablissements scolaires, mis en place pour lutter contre la pand\u00e9mie de Covid-19, qui y a fait plus de 123.000 morts.<\/span><\/p>\n<p class=\"p1 c4\">\u00a0<\/p>\n<p class=\"p1 c5\"><span class=\"c3\">Il a subi ces derni\u00e8res ann\u00e9es plusieurs attaques revendiqu\u00e9es par l\u2019Etat islamique.<\/span><\/p>\n<p>Auteur: letemps1<br \/>\n<a href=\"http:\/\/www.letemps.com.tn\/article\/119611\/londres-s%E2%80%99inqui%C3%A8te-des-recrutements-d%E2%80%99adolescents\">Cliquez ici pour lire l&rsquo;article depuis sa source.<\/a><\/p>\n","protected":false},"excerpt":{"rendered":"<p>Le Temps-Agences- Le Royaume-Uni a observ\u00e9 une hausse de 7% sur un an du \u00abvolume des contenus terroristes en ligne\u00bb. Selon les d\u00e9put\u00e9s, les confinements successifs n\u2019y seraient pas pour rien. Le Royaume-Uni a fait \u00e9tat jeudi d\u2019une hausse \u00abinqui\u00e9tante\u00bb des arrestations d\u2019adolescents pour des d\u00e9lits de nature terroriste, \u00e9tablissant un lien entre les confinements [&hellip;]<\/p>\n","protected":false},"author":1773,"featured_media":0,"comment_status":"closed","ping_status":"closed","sticky":false,"template":"","format":"standard","meta":{"fifu_image_url":"","fifu_image_alt":"","footnotes":""},"categories":[73,55],"tags":[],"class_list":["post-112614","post","type-post","status-publish","format-standard","hentry","category-actualite","category-tunisie"],"_links":{"self":[{"href":"https:\/\/linitiative.ca\/International\/wp-json\/wp\/v2\/posts\/112614","targetHints":{"allow":["GET"]}}],"collection":[{"href":"https:\/\/linitiative.ca\/International\/wp-json\/wp\/v2\/posts"}],"about":[{"href":"https:\/\/linitiative.ca\/International\/wp-json\/wp\/v2\/types\/post"}],"author":[{"embeddable":true,"href":"https:\/\/linitiative.ca\/International\/wp-json\/wp\/v2\/users\/1773"}],"replies":[{"embeddable":true,"href":"https:\/\/linitiative.ca\/International\/wp-json\/wp\/v2\/comments?post=112614"}],"version-history":[{"count":0,"href":"https:\/\/linitiative.ca\/International\/wp-json\/wp\/v2\/posts\/112614\/revisions"}],"wp:attachment":[{"href":"https:\/\/linitiative.ca\/International\/wp-json\/wp\/v2\/media?parent=112614"}],"wp:term":[{"taxonomy":"category","embeddable":true,"href":"https:\/\/linitiative.ca\/International\/wp-json\/wp\/v2\/categories?post=112614"},{"taxonomy":"post_tag","embeddable":true,"href":"https:\/\/linitiative.ca\/International\/wp-json\/wp\/v2\/tags?post=112614"}],"curies":[{"name":"wp","href":"https:\/\/api.w.org\/{rel}","templated":true}]}}