{"id":112615,"date":"2021-03-06T11:00:00","date_gmt":"2021-03-06T16:00:00","guid":{"rendered":"https:\/\/linitiative.ca\/International\/le-pape-francois-que-se-taisent-les-armes\/"},"modified":"2021-03-06T11:00:00","modified_gmt":"2021-03-06T16:00:00","slug":"le-pape-francois-que-se-taisent-les-armes","status":"publish","type":"post","link":"https:\/\/linitiative.ca\/International\/le-pape-francois-que-se-taisent-les-armes\/","title":{"rendered":"Le pape Fran\u00e7ois :  \u00ab\u00a0Que se taisent les armes!\u00a0\u00bb"},"content":{"rendered":"<p class=\"p1 c4\"><span class=\"c3\"><strong><span class=\"s1 c2\">Le Temps-Agences-<\/span> Au d\u00e9but de la premi\u00e8re visite papale de l&rsquo;histoire de l&rsquo;Irak ravag\u00e9 par les guerres et d\u00e9sormais confront\u00e9 \u00e0 la pand\u00e9mie, le pape Fran\u00e7ois a appel\u00e9 \u00e0 la paix dans ce pays \u00e0 l&rsquo;histoire r\u00e9cente troubl\u00e9e. \u00ab\u00a0Que se taisent les armes!\u00a0\u00bb, a-t-il lanc\u00e9, saluant des chr\u00e9tiens \u00ab\u00a0rest\u00e9s\u00a0\u00bb malgr\u00e9 tout.<\/strong><\/span><\/p>\n<p class=\"p1 c5\"><span class=\"c3\">Sous haute protection et circulant seul et masqu\u00e9 sous un strict confinement anti-Covid, le souverain pontife de 84 ans a remerci\u00e9 \u00ab\u00a0\u00e9v\u00eaques et pr\u00eatres, d&rsquo;\u00eatre demeur\u00e9s proches\u00a0\u00bb d&rsquo;une minorit\u00e9 pass\u00e9e en vingt ans de 1,5 million de membres \u00e0 moins de 400.000 au gr\u00e9 des violences et des crises.<\/span><\/p>\n<p class=\"p1 c5\"><span class=\"c3\">Il a commenc\u00e9 par rappeler le calvaire des Yazidis, petite communaut\u00e9 \u00e9sot\u00e9rique martyris\u00e9e par le groupe Daesh en 2014, avant de revenir \u00e0 l&rsquo;un des \u00e9pisodes les plus douloureux de l&rsquo;histoire r\u00e9cente des chr\u00e9tiens d&rsquo;Irak.<\/span><\/p>\n<p class=\"p1 c5\"><span class=\"c3\">De nombreuses rencontres<\/span><\/p>\n<p class=\"p1 c5\"><span class=\"c3\">En la cath\u00e9drale Notre-Dame du Secours perp\u00e9tuel \u00e0 Bagdad, vis\u00e9e \u00e0 la veille de la Toussaint 2010 par la prise d&rsquo;otages la plus sanglante contre des chr\u00e9tiens d&rsquo;Irak (53 morts), il a \u00e9voqu\u00e9 \u00ab\u00a0nos fr\u00e8res et soeurs morts (&#8230;) dont la cause de b\u00e9atification est en cours\u00a0\u00bb car ils \u00ab\u00a0ont pay\u00e9 le prix extr\u00eame de leur fid\u00e9lit\u00e9 au Seigneur et \u00e0 son Eglise\u00a0\u00bb.<\/span><\/p>\n<p class=\"p1 c5\"><span class=\"c3\">C&rsquo;est la toute premi\u00e8re apparition dans une \u00e9glise en Irak au milieu des fid\u00e8les d&rsquo;un pape friand de bains de foule mais qui en sera priv\u00e9 pour son premier voyage en 15 mois en raison du Covid-19.<\/span><\/p>\n<p class=\"p1 c5\"><span class=\"c3\">Au cours de son s\u00e9jour, qui s&rsquo;ach\u00e8vera lundi au terme de 1445 km parcourus principalement par les airs pour \u00e9viter les zones o\u00f9 se terrent toujours des jihadistes, le pape tendra \u00e9galement la main aux musulmans en rencontrant le grand ayatollah Ali Sistani, plus haute autorit\u00e9 pour de nombreux chiites d&rsquo;Irak et du monde.<\/span><\/p>\n<p class=\"p1 c5\"><span class=\"c3\">Le chef des 1,3 milliard de catholiques du monde a \u00e9voqu\u00e9 tous les sujets br\u00fblants en Irak devant ses plus hauts responsables, parmi lesquels le pr\u00e9sident Barham Saleh, qui a envoy\u00e9 l&rsquo;invitation officielle pour cette visite sans pr\u00e9c\u00e9dent et a salu\u00e9 \u00ab\u00a0un invit\u00e9 appr\u00e9ci\u00e9\u00a0\u00bb des Irakiens.<\/span><\/p>\n<p class=\"p1 c5\"><span class=\"c3\">Stop aux violences et \u00e0 la corruption<\/span><\/p>\n<p class=\"p1 c5\"><span class=\"c3\">\u00ab\u00a0Assez de violences, d&rsquo;extr\u00e9mismes, d&rsquo;intol\u00e9rances\u00a0\u00bb, a \u00e9galement dit le pape. Assez aussi, de la \u00ab\u00a0corruption\u00a0\u00bb, raison pour laquelle des centaines de milliers d&rsquo;Irakiens ont manifest\u00e9 pendant des mois fin 2019. A l&rsquo;\u00e9poque d\u00e9j\u00e0, le pape avait exhort\u00e9 l&rsquo;Irak \u00e0 cesser de r\u00e9primer ses jeunes en demande de justice.<\/span><\/p>\n<p class=\"p1 c5\"><span class=\"c3\">Il faut \u00ab\u00a0\u00e9difier la justice\u00a0\u00bb, a-t-il de nouveau martel\u00e9.<\/span><\/p>\n<p class=\"p1 c5\"><span class=\"c3\">Et que \u00ab\u00a0personne ne soit consid\u00e9r\u00e9 comme citoyen de deuxi\u00e8me classe\u00a0\u00bb, surtout pas les chr\u00e9tiens &#8212; 1% de la population dans ce pays musulman &#8212; ni les Yazidis, victimes selon le pape de \u00ab\u00a0barbaries insens\u00e9es et inhumaines\u00a0\u00bb.<\/span><\/p>\n<p class=\"p1 c5\"><span class=\"c3\">Il a encore rappel\u00e9 \u00ab\u00a0la pr\u00e9sence tr\u00e8s ancienne des chr\u00e9tiens sur cette terre\u00a0\u00bb o\u00f9 est n\u00e9 selon la tradition Abraham, plaidant pour \u00ab\u00a0leur participation \u00e0 la vie publique\u00a0\u00bb comme \u00ab\u00a0citoyens jouissant pleinement de droits, de libert\u00e9 et de responsabilit\u00e9\u00a0\u00bb.<\/span><\/p>\n<p class=\"p1 c5\"><span class=\"c3\">Programme ambitieux<\/span><\/p>\n<p class=\"p1 c5\"><span class=\"c3\">Le programme est ambitieux. Najaf, Ur, Erbil, Mossoul, Qaraqosh: \u00e0 chaque fois, il ne verra que quelques centaines de personnes, \u00e0 l&rsquo;exception d&rsquo;une messe dimanche dans un stade d&rsquo;Erbil au Kurdistan, en pr\u00e9sence de plusieurs milliers de fid\u00e8les.<\/span><\/p>\n<p class=\"p1 c5\"><span class=\"c3\">Bagdad a assur\u00e9 avoir pris toutes les mesures de s\u00e9curit\u00e9 \u00ab\u00a0terrestres et a\u00e9riennes\u00a0\u00bb. Et, signe de d\u00e9tente inesp\u00e9r\u00e9 dans les tensions irano-am\u00e9ricaines toujours latentes en Irak, un des groupuscules qui revendiquent parfois des tirs de roquette visant des Am\u00e9ricains a annonc\u00e9 une tr\u00eave le temps de la visite papale.<\/span><\/p>\n<p class=\"p1 c5\"><span class=\"c3\">Au sujet des ing\u00e9rences \u00e9trang\u00e8res, le pape a appel\u00e9 \u00ab\u00a0les nations\u00a0\u00bb \u00e0 ne pas \u00ab\u00a0imposer des int\u00e9r\u00eats politiques ou id\u00e9ologiques\u00a0\u00bb \u00e0 l&rsquo;Irak.<\/span><\/p>\n<p class=\"p1 c5\"><span class=\"c3\">Au-del\u00e0 des difficult\u00e9s s\u00e9curitaires ou \u00e9conomiques que subissent les 40 millions d&rsquo;Irakiens, les chr\u00e9tiens d\u00e9noncent des discriminations et le peu d&rsquo;aide du gouvernement pour r\u00e9cup\u00e9rer leurs maisons ou leurs terres, souvent accapar\u00e9es par des miliciens &#8212; parfois chr\u00e9tiens &#8212; ou des proches de politiciens.<\/span><\/p>\n<p class=\"p1 c5\"><span class=\"c3\">Malgr\u00e9 tout, le pape exhorte les chr\u00e9tiens \u00e0 rester ou \u00e0 revenir en Irak o\u00f9 ils sont 400.000, contre 1,5 million il y a vingt ans.<\/span><\/p>\n<p class=\"p1 c4\">\u00a0<\/p>\n<p class=\"p1 c5\"><span class=\"c3\">Un appel au retour \u00ab\u00a0obligatoire\u00a0\u00bb mais \u00ab\u00a0difficile\u00a0\u00bb, observe le cardinal le cardinal Leonardo Sandri, qui chapeaute la \u00ab\u00a0Congr\u00e9gation pour les \u00e9glises orientales\u00a0\u00bb au Vatican et accompagne le pape, tant l&rsquo;Irak va depuis 40 ans de guerre en crise.<\/span><\/p>\n<p>Auteur: letemps1<br \/>\n<a href=\"http:\/\/www.letemps.com.tn\/article\/119612\/le-pape-fran%C3%A7ois-que-se-taisent-les-armes\">Cliquez ici pour lire l&rsquo;article depuis sa source.<\/a><\/p>\n","protected":false},"excerpt":{"rendered":"<p>Le Temps-Agences- Au d\u00e9but de la premi\u00e8re visite papale de l&rsquo;histoire de l&rsquo;Irak ravag\u00e9 par les guerres et d\u00e9sormais confront\u00e9 \u00e0 la pand\u00e9mie, le pape Fran\u00e7ois a appel\u00e9 \u00e0 la paix dans ce pays \u00e0 l&rsquo;histoire r\u00e9cente troubl\u00e9e. \u00ab\u00a0Que se taisent les armes!\u00a0\u00bb, a-t-il lanc\u00e9, saluant des chr\u00e9tiens \u00ab\u00a0rest\u00e9s\u00a0\u00bb malgr\u00e9 tout. Sous haute protection et [&hellip;]<\/p>\n","protected":false},"author":1773,"featured_media":0,"comment_status":"closed","ping_status":"closed","sticky":false,"template":"","format":"standard","meta":{"fifu_image_url":"","fifu_image_alt":"","footnotes":""},"categories":[73,55],"tags":[],"class_list":["post-112615","post","type-post","status-publish","format-standard","hentry","category-actualite","category-tunisie"],"_links":{"self":[{"href":"https:\/\/linitiative.ca\/International\/wp-json\/wp\/v2\/posts\/112615","targetHints":{"allow":["GET"]}}],"collection":[{"href":"https:\/\/linitiative.ca\/International\/wp-json\/wp\/v2\/posts"}],"about":[{"href":"https:\/\/linitiative.ca\/International\/wp-json\/wp\/v2\/types\/post"}],"author":[{"embeddable":true,"href":"https:\/\/linitiative.ca\/International\/wp-json\/wp\/v2\/users\/1773"}],"replies":[{"embeddable":true,"href":"https:\/\/linitiative.ca\/International\/wp-json\/wp\/v2\/comments?post=112615"}],"version-history":[{"count":0,"href":"https:\/\/linitiative.ca\/International\/wp-json\/wp\/v2\/posts\/112615\/revisions"}],"wp:attachment":[{"href":"https:\/\/linitiative.ca\/International\/wp-json\/wp\/v2\/media?parent=112615"}],"wp:term":[{"taxonomy":"category","embeddable":true,"href":"https:\/\/linitiative.ca\/International\/wp-json\/wp\/v2\/categories?post=112615"},{"taxonomy":"post_tag","embeddable":true,"href":"https:\/\/linitiative.ca\/International\/wp-json\/wp\/v2\/tags?post=112615"}],"curies":[{"name":"wp","href":"https:\/\/api.w.org\/{rel}","templated":true}]}}