{"id":112617,"date":"2021-03-06T15:14:12","date_gmt":"2021-03-06T20:14:12","guid":{"rendered":"https:\/\/linitiative.ca\/International\/pros-une-offre-du-qatar-sc-pour-benlamri\/"},"modified":"2021-03-06T15:14:12","modified_gmt":"2021-03-06T20:14:12","slug":"pros-une-offre-du-qatar-sc-pour-benlamri","status":"publish","type":"post","link":"https:\/\/linitiative.ca\/International\/pros-une-offre-du-qatar-sc-pour-benlamri\/","title":{"rendered":"Pros : Une offre du Qatar SC pour Benlamri"},"content":{"rendered":"<div readability=\"32\">\n<p>Auteur : <span class=\"time\">samedi 06 mars 2021 18:17<\/span><\/p>\n<\/div>\n<div id=\"post_core\" readability=\"37\">\n<p>A en croire la presse Qatarienne, la formation du Qatar SC aurait formul\u00e9 une offre pour le d\u00e9fenseur Alg\u00e9rien de l\u2019OL, Djamel Benlamri. La m\u00eame source a indiqu\u00e9 que les dirigeants du Qatar SC seraient tr\u00e8s chauds \u00e0 l\u2019id\u00e9e de s\u2019offrir les services du joueur de l\u2019EN lors du prochain mercato. Affaire \u00e0 suivre.<\/p>\n<p><strong>Publi\u00e9 dans :<\/strong> <span>Benlamri<\/span><\/p>\n<\/div>\n<p>Auteur:<br \/>\n<a href=\"http:\/\/www.lebuteur.com\/article\/detail?titre=une-offre-du-qatar-sc-pour-benlamri&#038;id=99296&#038;utm_source=feedburner&#038;utm_medium=feed&#038;utm_campaign=Feed%3A+GalerieFArtciles+%28Les+derniers+articles++-+lebuteur.com%29\">Cliquez ici pour lire l&rsquo;article depuis sa source.<\/a><\/p>\n","protected":false},"excerpt":{"rendered":"<p>Auteur : samedi 06 mars 2021 18:17 A en croire la presse Qatarienne, la formation du Qatar SC aurait formul\u00e9 une offre pour le d\u00e9fenseur Alg\u00e9rien de l\u2019OL, Djamel Benlamri. La m\u00eame source a indiqu\u00e9 que les dirigeants du Qatar SC seraient tr\u00e8s chauds \u00e0 l\u2019id\u00e9e de s\u2019offrir les services du joueur de l\u2019EN lors [&hellip;]<\/p>\n","protected":false},"author":1738,"featured_media":0,"comment_status":"closed","ping_status":"closed","sticky":false,"template":"","format":"standard","meta":{"fifu_image_url":"\/\/cdn.lebuteur.com\/data\/images\/article\/thumbs\/large-une-offre-du-qatar-sc-pour-benlamri-e9fde.jpg","fifu_image_alt":"Pros : Une offre du Qatar SC pour Benlamri","footnotes":""},"categories":[53,75],"tags":[],"class_list":["post-112617","post","type-post","status-publish","format-standard","hentry","category-algerie","category-sport"],"_links":{"self":[{"href":"https:\/\/linitiative.ca\/International\/wp-json\/wp\/v2\/posts\/112617","targetHints":{"allow":["GET"]}}],"collection":[{"href":"https:\/\/linitiative.ca\/International\/wp-json\/wp\/v2\/posts"}],"about":[{"href":"https:\/\/linitiative.ca\/International\/wp-json\/wp\/v2\/types\/post"}],"author":[{"embeddable":true,"href":"https:\/\/linitiative.ca\/International\/wp-json\/wp\/v2\/users\/1738"}],"replies":[{"embeddable":true,"href":"https:\/\/linitiative.ca\/International\/wp-json\/wp\/v2\/comments?post=112617"}],"version-history":[{"count":0,"href":"https:\/\/linitiative.ca\/International\/wp-json\/wp\/v2\/posts\/112617\/revisions"}],"wp:attachment":[{"href":"https:\/\/linitiative.ca\/International\/wp-json\/wp\/v2\/media?parent=112617"}],"wp:term":[{"taxonomy":"category","embeddable":true,"href":"https:\/\/linitiative.ca\/International\/wp-json\/wp\/v2\/categories?post=112617"},{"taxonomy":"post_tag","embeddable":true,"href":"https:\/\/linitiative.ca\/International\/wp-json\/wp\/v2\/tags?post=112617"}],"curies":[{"name":"wp","href":"https:\/\/api.w.org\/{rel}","templated":true}]}}