{"id":112618,"date":"2021-03-06T15:14:14","date_gmt":"2021-03-06T20:14:14","guid":{"rendered":"https:\/\/linitiative.ca\/International\/afrique-ligue-des-champions-le-mca-simpose-au-senegal-face-au-teungueth-fc\/"},"modified":"2021-03-06T15:14:14","modified_gmt":"2021-03-06T20:14:14","slug":"afrique-ligue-des-champions-le-mca-simpose-au-senegal-face-au-teungueth-fc","status":"publish","type":"post","link":"https:\/\/linitiative.ca\/International\/afrique-ligue-des-champions-le-mca-simpose-au-senegal-face-au-teungueth-fc\/","title":{"rendered":"Afrique : Ligue des Champions: le MCA s\u2019impose au S\u00e9n\u00e9gal face au Teungueth FC"},"content":{"rendered":"<div readability=\"32\">\n<p>Auteur : <span class=\"time\">samedi 06 mars 2021 19:23<\/span><\/p>\n<\/div>\n<div id=\"post_core\" readability=\"44\">\n<p>Le MC Alger a ramen\u00e9 une pr\u00e9cieuse victoire de Thi\u00e8s face \u00e0 la formation s\u00e9n\u00e9galaise de Teungueth FC (0-1), ce samedi en match comptant pour la 3e journ\u00e9e (groupe D) de la Ligue des Champions d\u2019Afrique. Apr\u00e8s deux matchs nuls cons\u00e9cutifs, le Doyen a finalement r\u00e9ussi \u00e0 gagner dans cette \u00e9dition de la plus prestigieuse des comp\u00e9titions africaines. Les Vert et Rouge se sont impos\u00e9s en terre s\u00e9n\u00e9galaise gr\u00e2ce au but de Belkheir inscrit \u00e0 la 14e minute. Gr\u00e2ce \u00e0 cette victoire, la premi\u00e8re sous l\u2019\u00e8re Amrani, le MCA occupe la 2e place du quatuor D (5 pts), derri\u00e8re les Tunisiens de l\u2019Esp\u00e9rance de Tunis (7 pts) vainqueurs, \u00e0 domicile, des Egyptiens du Zamalek (3-1), troisi\u00e8me au classement (2 pts). La prochaine sortie des pensionnaires du groupe D aura lieu le mardi 16 mars prochain. Les Alg\u00e9rois seront les h\u00f4tes de Teungueth, tandis que le Zamalek verra la visite de l\u2019Esp\u00e9rance.<\/p>\n<p><strong>Publi\u00e9 dans :<\/strong> <span>mca<\/span><\/p>\n<\/div>\n<p>Auteur:<br \/>\n<a href=\"http:\/\/www.lebuteur.com\/article\/detail?titre=ligue-des-champions-le-mca-simpose-au-senegal-face-au-teungueth-fc&#038;id=99297&#038;utm_source=feedburner&#038;utm_medium=feed&#038;utm_campaign=Feed%3A+GalerieFArtciles+%28Les+derniers+articles++-+lebuteur.com%29\">Cliquez ici pour lire l&rsquo;article depuis sa source.<\/a><\/p>\n","protected":false},"excerpt":{"rendered":"<p>Auteur : samedi 06 mars 2021 19:23 Le MC Alger a ramen\u00e9 une pr\u00e9cieuse victoire de Thi\u00e8s face \u00e0 la formation s\u00e9n\u00e9galaise de Teungueth FC (0-1), ce samedi en match comptant pour la 3e journ\u00e9e (groupe D) de la Ligue des Champions d\u2019Afrique. Apr\u00e8s deux matchs nuls cons\u00e9cutifs, le Doyen a finalement r\u00e9ussi \u00e0 gagner [&hellip;]<\/p>\n","protected":false},"author":1738,"featured_media":0,"comment_status":"closed","ping_status":"closed","sticky":false,"template":"","format":"standard","meta":{"fifu_image_url":"\/\/cdn.lebuteur.com\/data\/images\/article\/thumbs\/large-ligue-des-champions-le-mca-simpose-au-senegal-face-au-teungueth-fc-7d4b9.jpg","fifu_image_alt":"Afrique : Ligue des Champions: le MCA s\u2019impose au S\u00e9n\u00e9gal face au Teungueth FC","footnotes":""},"categories":[53,75],"tags":[],"class_list":["post-112618","post","type-post","status-publish","format-standard","hentry","category-algerie","category-sport"],"_links":{"self":[{"href":"https:\/\/linitiative.ca\/International\/wp-json\/wp\/v2\/posts\/112618","targetHints":{"allow":["GET"]}}],"collection":[{"href":"https:\/\/linitiative.ca\/International\/wp-json\/wp\/v2\/posts"}],"about":[{"href":"https:\/\/linitiative.ca\/International\/wp-json\/wp\/v2\/types\/post"}],"author":[{"embeddable":true,"href":"https:\/\/linitiative.ca\/International\/wp-json\/wp\/v2\/users\/1738"}],"replies":[{"embeddable":true,"href":"https:\/\/linitiative.ca\/International\/wp-json\/wp\/v2\/comments?post=112618"}],"version-history":[{"count":0,"href":"https:\/\/linitiative.ca\/International\/wp-json\/wp\/v2\/posts\/112618\/revisions"}],"wp:attachment":[{"href":"https:\/\/linitiative.ca\/International\/wp-json\/wp\/v2\/media?parent=112618"}],"wp:term":[{"taxonomy":"category","embeddable":true,"href":"https:\/\/linitiative.ca\/International\/wp-json\/wp\/v2\/categories?post=112618"},{"taxonomy":"post_tag","embeddable":true,"href":"https:\/\/linitiative.ca\/International\/wp-json\/wp\/v2\/tags?post=112618"}],"curies":[{"name":"wp","href":"https:\/\/api.w.org\/{rel}","templated":true}]}}