{"id":112621,"date":"2021-03-06T03:00:00","date_gmt":"2021-03-06T08:00:00","guid":{"rendered":"https:\/\/linitiative.ca\/International\/tunisie-khalil-amiri-quitte-rached-ghannouchi\/"},"modified":"2021-03-06T03:00:00","modified_gmt":"2021-03-06T08:00:00","slug":"tunisie-khalil-amiri-quitte-rached-ghannouchi","status":"publish","type":"post","link":"https:\/\/linitiative.ca\/International\/tunisie-khalil-amiri-quitte-rached-ghannouchi\/","title":{"rendered":"Tunisie: Khalil Amiri quitte Rached  Ghannouchi"},"content":{"rendered":"<p>Sur la pointe des pieds, il prend ses distances du mouvement Ennahdha. Khalil Amiri, 50 ans, ancien secr\u00e9taire d\u2019Etat \u00e0 la Recherche scientifique pendant trois ans et demi (2016 -2020) aupr\u00e8s de Slim Khalbous, a toujours \u00e9t\u00e9 discret. Ce professeur d\u2019informatique \u00e0 l\u2019Imperial College London, pass\u00e9 par des fonds d\u2019investissement et les d\u00e9partements R&amp;DdeHP, IBM et le Cr\u00e9dit Suisse, faisait jusque-l\u00e0 partie des stars technologiques montantes du mouvement islamiste, non encart\u00e9es officiellement, mais coopt\u00e9es au sein des instances. Au lendemain des \u00e9lections de 2019, il avait pris part activement, avec la d\u00e9l\u00e9gation d\u2019Ennahdha, aux concertations entre les partis devant former une nouvelle coalition pour gouverner ensemble et a \u00e9t\u00e9 charg\u00e9 d\u2019un commun accord de synth\u00e9tiser les diff\u00e9rentes options et d\u2019\u00e9laborer un pacte programmatique. Mission accomplie, mais d\u00e8s l\u2019apparition des divergences relatives au choix du futur chef de gouvernement (Habib Jemli, Ridha Ben Mosbah, etc.), Amiri s\u2019est aper\u00e7u des antagonismes et a perdu ses illusions quant \u00e0 une coalition solide d\u00e9termin\u00e9e \u00e0 mettre en \u0153uvre un programme de salut public. Son d\u00e9part ne pouvait que s\u2019imposer.<\/p>\n<p>\u00abDepuis pr\u00e8s d\u2019un an, je me suis retir\u00e9 du monde politique, n\u2019assumant plus aucune fonction ni dans l\u2019appareil de l\u2019Etat, ni dans le Mouvement, confie-t-il. Je m\u2019y suis r\u00e9solu par conviction, pour m\u2019extraire de l\u2019action partisane accablante, vers des horizons plus vastes, du travail ind\u00e9pendant et de ce que la formation, la recherche et l\u2019innovation technologique offrent comme opportunit\u00e9. J\u2019ai rompu avec l\u2019appareil actuel du parti, \u00e9tant persuad\u00e9 qu\u2019il ne repose pas sur les pr\u00e9requis n\u00e9cessaires pour l\u2019essor du pays et l\u2019am\u00e9lioration des conditions du peuple&#8230; Si j\u2019envisage un jour de reprendre l\u2019action politique, je le ferai au sein d\u2019un nouveau parti attach\u00e9 \u00e0 la souverainet\u00e9 et l\u2019ind\u00e9pendance r\u00e9elles, fond\u00e9 sur des valeurs largement partag\u00e9es&#8230; \u00bb<br \/>\u00a0<\/p>\n<p>Auteur:<br \/>\n<a href=\"https:\/\/www.leaders.com.tn\/article\/31533-tunisie-khalil-amiri-quitte-rached-ghannouchi\">Cliquez ici pour lire l&rsquo;article depuis sa source.<\/a><\/p>\n","protected":false},"excerpt":{"rendered":"<p>Sur la pointe des pieds, il prend ses distances du mouvement Ennahdha. Khalil Amiri, 50 ans, ancien secr\u00e9taire d\u2019Etat \u00e0 la Recherche scientifique pendant trois ans et demi (2016 -2020) aupr\u00e8s de Slim Khalbous, a toujours \u00e9t\u00e9 discret. Ce professeur d\u2019informatique \u00e0 l\u2019Imperial College London, pass\u00e9 par des fonds d\u2019investissement et les d\u00e9partements R&amp;DdeHP, IBM [&hellip;]<\/p>\n","protected":false},"author":1772,"featured_media":0,"comment_status":"closed","ping_status":"closed","sticky":false,"template":"","format":"standard","meta":{"fifu_image_url":"","fifu_image_alt":"","footnotes":""},"categories":[73,55],"tags":[],"class_list":["post-112621","post","type-post","status-publish","format-standard","hentry","category-actualite","category-tunisie"],"_links":{"self":[{"href":"https:\/\/linitiative.ca\/International\/wp-json\/wp\/v2\/posts\/112621","targetHints":{"allow":["GET"]}}],"collection":[{"href":"https:\/\/linitiative.ca\/International\/wp-json\/wp\/v2\/posts"}],"about":[{"href":"https:\/\/linitiative.ca\/International\/wp-json\/wp\/v2\/types\/post"}],"author":[{"embeddable":true,"href":"https:\/\/linitiative.ca\/International\/wp-json\/wp\/v2\/users\/1772"}],"replies":[{"embeddable":true,"href":"https:\/\/linitiative.ca\/International\/wp-json\/wp\/v2\/comments?post=112621"}],"version-history":[{"count":0,"href":"https:\/\/linitiative.ca\/International\/wp-json\/wp\/v2\/posts\/112621\/revisions"}],"wp:attachment":[{"href":"https:\/\/linitiative.ca\/International\/wp-json\/wp\/v2\/media?parent=112621"}],"wp:term":[{"taxonomy":"category","embeddable":true,"href":"https:\/\/linitiative.ca\/International\/wp-json\/wp\/v2\/categories?post=112621"},{"taxonomy":"post_tag","embeddable":true,"href":"https:\/\/linitiative.ca\/International\/wp-json\/wp\/v2\/tags?post=112621"}],"curies":[{"name":"wp","href":"https:\/\/api.w.org\/{rel}","templated":true}]}}