{"id":112624,"date":"2021-03-06T05:00:00","date_gmt":"2021-03-06T10:00:00","guid":{"rendered":"https:\/\/linitiative.ca\/International\/demission-collective\/"},"modified":"2021-03-06T05:00:00","modified_gmt":"2021-03-06T10:00:00","slug":"demission-collective","status":"publish","type":"post","link":"https:\/\/linitiative.ca\/International\/demission-collective\/","title":{"rendered":"D\u00e9mission collective"},"content":{"rendered":"<p>10 m\u00e9decins g\u00e9n\u00e9ralistes exer\u00e7ant au niveau de l\u2019h\u00f4pital d\u2019El-Oued ont d\u00e9pos\u00e9, jeudi dernier, une d\u00e9mission collective pour d\u00e9noncer les pressions auxquelles ils font face, ainsi que le manque de moyens mat\u00e9riels et humains au niveau des diff\u00e9rents services en cette p\u00e9riode de crise sanitaire. Sans oublier l\u2019absence quasi totale de la s\u00e9curit\u00e9. Le Pr Abderrahmane Benbouzid est interpell\u00e9.<\/p>\n<p>Auteur:<br \/>\n<a href=\"https:\/\/www.lesoirdalgerie.com\/periscoop\/demission-collective-57380\">Cliquez ici pour lire l&rsquo;article depuis sa source.<\/a><\/p>\n","protected":false},"excerpt":{"rendered":"<p>10 m\u00e9decins g\u00e9n\u00e9ralistes exer\u00e7ant au niveau de l\u2019h\u00f4pital d\u2019El-Oued ont d\u00e9pos\u00e9, jeudi dernier, une d\u00e9mission collective pour d\u00e9noncer les pressions auxquelles ils font face, ainsi que le manque de moyens mat\u00e9riels et humains au niveau des diff\u00e9rents services en cette p\u00e9riode de crise sanitaire. Sans oublier l\u2019absence quasi totale de la s\u00e9curit\u00e9. Le Pr Abderrahmane [&hellip;]<\/p>\n","protected":false},"author":1741,"featured_media":0,"comment_status":"closed","ping_status":"closed","sticky":false,"template":"","format":"standard","meta":{"fifu_image_url":"","fifu_image_alt":"","footnotes":""},"categories":[73,53],"tags":[],"class_list":["post-112624","post","type-post","status-publish","format-standard","hentry","category-actualite","category-algerie"],"_links":{"self":[{"href":"https:\/\/linitiative.ca\/International\/wp-json\/wp\/v2\/posts\/112624","targetHints":{"allow":["GET"]}}],"collection":[{"href":"https:\/\/linitiative.ca\/International\/wp-json\/wp\/v2\/posts"}],"about":[{"href":"https:\/\/linitiative.ca\/International\/wp-json\/wp\/v2\/types\/post"}],"author":[{"embeddable":true,"href":"https:\/\/linitiative.ca\/International\/wp-json\/wp\/v2\/users\/1741"}],"replies":[{"embeddable":true,"href":"https:\/\/linitiative.ca\/International\/wp-json\/wp\/v2\/comments?post=112624"}],"version-history":[{"count":0,"href":"https:\/\/linitiative.ca\/International\/wp-json\/wp\/v2\/posts\/112624\/revisions"}],"wp:attachment":[{"href":"https:\/\/linitiative.ca\/International\/wp-json\/wp\/v2\/media?parent=112624"}],"wp:term":[{"taxonomy":"category","embeddable":true,"href":"https:\/\/linitiative.ca\/International\/wp-json\/wp\/v2\/categories?post=112624"},{"taxonomy":"post_tag","embeddable":true,"href":"https:\/\/linitiative.ca\/International\/wp-json\/wp\/v2\/tags?post=112624"}],"curies":[{"name":"wp","href":"https:\/\/api.w.org\/{rel}","templated":true}]}}