{"id":112625,"date":"2021-03-06T05:00:00","date_gmt":"2021-03-06T10:00:00","guid":{"rendered":"https:\/\/linitiative.ca\/International\/bekkat-out\/"},"modified":"2021-03-06T05:00:00","modified_gmt":"2021-03-06T10:00:00","slug":"bekkat-out","status":"publish","type":"post","link":"https:\/\/linitiative.ca\/International\/bekkat-out\/","title":{"rendered":"Bekkat out !"},"content":{"rendered":"<p class=\"c3\">Le pr\u00e9sident du Conseil de l&rsquo;Ordre des m\u00e9decins ne fait plus partie du Comit\u00e9 scientifique charg\u00e9 du suivi du Covid-19. Sans le citer nomm\u00e9ment, le ministre de la Sant\u00e9 a jug\u00e9 utile de commenter les r\u00e9centes d\u00e9clarations faites par le Dr Bekkat Berkani au sujet de la tenue ou pas de la pri\u00e8re des tarawih, affirmant que seuls les membres dudit comit\u00e9 \u00e9taient habilit\u00e9s \u00e0 s&rsquo;exprimer et que l\u2019auteur de ces d\u00e9clarations n&rsquo;en faisait plus partie. Ce n&rsquo;est pas la premi\u00e8re fois que les propos du Dr Bekkat irritent ses coll\u00e8gues du comit\u00e9 scientifique de suivi de la pand\u00e9mie.<\/p>\n<p>Auteur:<br \/>\n<a href=\"https:\/\/www.lesoirdalgerie.com\/periscoop\/bekkat-out-57379\">Cliquez ici pour lire l&rsquo;article depuis sa source.<\/a><\/p>\n","protected":false},"excerpt":{"rendered":"<p>Le pr\u00e9sident du Conseil de l&rsquo;Ordre des m\u00e9decins ne fait plus partie du Comit\u00e9 scientifique charg\u00e9 du suivi du Covid-19. Sans le citer nomm\u00e9ment, le ministre de la Sant\u00e9 a jug\u00e9 utile de commenter les r\u00e9centes d\u00e9clarations faites par le Dr Bekkat Berkani au sujet de la tenue ou pas de la pri\u00e8re des tarawih, [&hellip;]<\/p>\n","protected":false},"author":1741,"featured_media":0,"comment_status":"closed","ping_status":"closed","sticky":false,"template":"","format":"standard","meta":{"fifu_image_url":"","fifu_image_alt":"","footnotes":""},"categories":[73,53],"tags":[],"class_list":["post-112625","post","type-post","status-publish","format-standard","hentry","category-actualite","category-algerie"],"_links":{"self":[{"href":"https:\/\/linitiative.ca\/International\/wp-json\/wp\/v2\/posts\/112625","targetHints":{"allow":["GET"]}}],"collection":[{"href":"https:\/\/linitiative.ca\/International\/wp-json\/wp\/v2\/posts"}],"about":[{"href":"https:\/\/linitiative.ca\/International\/wp-json\/wp\/v2\/types\/post"}],"author":[{"embeddable":true,"href":"https:\/\/linitiative.ca\/International\/wp-json\/wp\/v2\/users\/1741"}],"replies":[{"embeddable":true,"href":"https:\/\/linitiative.ca\/International\/wp-json\/wp\/v2\/comments?post=112625"}],"version-history":[{"count":0,"href":"https:\/\/linitiative.ca\/International\/wp-json\/wp\/v2\/posts\/112625\/revisions"}],"wp:attachment":[{"href":"https:\/\/linitiative.ca\/International\/wp-json\/wp\/v2\/media?parent=112625"}],"wp:term":[{"taxonomy":"category","embeddable":true,"href":"https:\/\/linitiative.ca\/International\/wp-json\/wp\/v2\/categories?post=112625"},{"taxonomy":"post_tag","embeddable":true,"href":"https:\/\/linitiative.ca\/International\/wp-json\/wp\/v2\/tags?post=112625"}],"curies":[{"name":"wp","href":"https:\/\/api.w.org\/{rel}","templated":true}]}}