{"id":112626,"date":"2021-03-06T05:00:00","date_gmt":"2021-03-06T10:00:00","guid":{"rendered":"https:\/\/linitiative.ca\/International\/a-qui-distribuer-les-bons-points\/"},"modified":"2021-03-06T05:00:00","modified_gmt":"2021-03-06T10:00:00","slug":"a-qui-distribuer-les-bons-points","status":"publish","type":"post","link":"https:\/\/linitiative.ca\/International\/a-qui-distribuer-les-bons-points\/","title":{"rendered":"\u00c0 qui distribuer les bons points ?"},"content":{"rendered":"<p class=\"c3\">Les \u00e9lectrons libres, on n\u2019aime pas les avoir dans les pattes quand le discours, que l\u2019on voudrait porteur, pr\u00f4ne le consensus contre un adversaire commun. On a parfois tendance \u00e0 critiquer les voix qui s\u2019expriment, \u00e0 partir de l\u00e0 o\u00f9 elles se savent \u00e0 l\u2019abri, sur la fa\u00e7on d\u2019imposer celle du Hirak. Celles et ceux qui ont choisi d\u2019aller vivre sous d\u2019autres cieux auraient-ils, \u00e0 force de fr\u00e9quenter des institutions dignes du nom qu\u2019elles portent, une vision plus coh\u00e9rente de ce qui devrait s\u2019appliquer \u00e0 leur pays d\u2019origine ? On peut comprendre la frustration qui na\u00eet de l\u2019envie pressante de voir les choses aller plus vite. M\u00eame si, ici et l\u00e0, les situations \u00e9voluent selon des crit\u00e8res diff\u00e9rents. Ici, les gens savent ce qu\u2019ils vivent au quotidien avec le d\u00e9testable sentiment qu\u2019on la leur fait \u00e0 l\u2019envers ! On ne peut pas faire comme si on avait l\u2019intention de changer les choses et demander aux gens de rester chez eux pour pouvoir concr\u00e9tiser la promesse. Quand on sait que l\u2019on ne va va parvenir \u00e0 contenir les foules, on leur conseille de porter un masque en marchant. Il y a quelques jours, quelqu\u2019un a fait une remarque int\u00e9ressante selon laquelle le Hirak de 2021 \u00e9tait assur\u00e9ment masculin pluriel. Il est incontestable que les femmes sont moins visibles qu\u2019il y a deux ans. C\u2019est compr\u00e9hensible ! Elles sont plus conscientes du danger qu\u2019elles feraient courir \u00e0 leur entourage si elles se lan\u00e7aient dans la contestation comme au temps o\u00f9 les risques \u00e9taient d\u2019un autre genre.<br \/>\u00c0 aucun moment, depuis sa sortie de prison, mon confr\u00e8re Khaled Drareni, qui n\u2019a pas renonc\u00e9 \u00e0 faire son boulot de journaliste, ne s\u2019est d\u00e9lest\u00e9 de sa bavette. Alors que, dans l\u2019euphorie de sa lib\u00e9ration, ceux qui l\u2019entouraient ont d\u00e9cid\u00e9 de s\u2019immuniser collectivement. Soit parce qu\u2019ils y croyaient dur comme fer, soit parce qu\u2019ils n\u2019avaient pas envie de passer pour des d\u00e9gonfl\u00e9s.\u00a0<br \/>Se faire insulter est l\u2019une des r\u00e9actions auxquelles on se sait expos\u00e9 quand un lecteur exasp\u00e9r\u00e9 vous r\u00e9serve sa col\u00e8re estimant que vous ne filez pas droit, que vous n\u2019avez rien compris au combat pour les libert\u00e9s et que vous \u00eates complice de dirigeants qui malm\u00e8nent le pays et les concitoyens !\u00a0<br \/><em><strong>M. B.<\/strong><\/em><\/p>\n<p>Auteur:<br \/>\n<a href=\"https:\/\/www.lesoirdalgerie.com\/soit-dit-en-passant\/a-qui-distribuer-les-bons-points-57378\">Cliquez ici pour lire l&rsquo;article depuis sa source.<\/a><\/p>\n","protected":false},"excerpt":{"rendered":"<p>Les \u00e9lectrons libres, on n\u2019aime pas les avoir dans les pattes quand le discours, que l\u2019on voudrait porteur, pr\u00f4ne le consensus contre un adversaire commun. On a parfois tendance \u00e0 critiquer les voix qui s\u2019expriment, \u00e0 partir de l\u00e0 o\u00f9 elles se savent \u00e0 l\u2019abri, sur la fa\u00e7on d\u2019imposer celle du Hirak. Celles et ceux [&hellip;]<\/p>\n","protected":false},"author":1741,"featured_media":0,"comment_status":"closed","ping_status":"closed","sticky":false,"template":"","format":"standard","meta":{"fifu_image_url":"","fifu_image_alt":"","footnotes":""},"categories":[73,53],"tags":[],"class_list":["post-112626","post","type-post","status-publish","format-standard","hentry","category-actualite","category-algerie"],"_links":{"self":[{"href":"https:\/\/linitiative.ca\/International\/wp-json\/wp\/v2\/posts\/112626","targetHints":{"allow":["GET"]}}],"collection":[{"href":"https:\/\/linitiative.ca\/International\/wp-json\/wp\/v2\/posts"}],"about":[{"href":"https:\/\/linitiative.ca\/International\/wp-json\/wp\/v2\/types\/post"}],"author":[{"embeddable":true,"href":"https:\/\/linitiative.ca\/International\/wp-json\/wp\/v2\/users\/1741"}],"replies":[{"embeddable":true,"href":"https:\/\/linitiative.ca\/International\/wp-json\/wp\/v2\/comments?post=112626"}],"version-history":[{"count":0,"href":"https:\/\/linitiative.ca\/International\/wp-json\/wp\/v2\/posts\/112626\/revisions"}],"wp:attachment":[{"href":"https:\/\/linitiative.ca\/International\/wp-json\/wp\/v2\/media?parent=112626"}],"wp:term":[{"taxonomy":"category","embeddable":true,"href":"https:\/\/linitiative.ca\/International\/wp-json\/wp\/v2\/categories?post=112626"},{"taxonomy":"post_tag","embeddable":true,"href":"https:\/\/linitiative.ca\/International\/wp-json\/wp\/v2\/tags?post=112626"}],"curies":[{"name":"wp","href":"https:\/\/api.w.org\/{rel}","templated":true}]}}