{"id":112628,"date":"2021-03-06T05:00:24","date_gmt":"2021-03-06T10:00:24","guid":{"rendered":"https:\/\/linitiative.ca\/International\/des-femmes-qui-comptent-ghyzlaine-alami\/"},"modified":"2021-03-06T05:00:24","modified_gmt":"2021-03-06T10:00:24","slug":"des-femmes-qui-comptent-ghyzlaine-alami","status":"publish","type":"post","link":"https:\/\/linitiative.ca\/International\/des-femmes-qui-comptent-ghyzlaine-alami\/","title":{"rendered":"Des femmes qui comptent : Ghyzlaine Alami"},"content":{"rendered":"<p><strong>Pour nous, il ne s\u2019agit pas de c\u00e9l\u00e9brer la journ\u00e9e de la femme, comme un cadeau annuel fait \u00e0 la gente f\u00e9minine. C\u2019est plut\u00f4t l\u2019occasion de faire le point sur un combat essentiel, celui de l\u2019\u00e9mancipation de la moiti\u00e9 de la population et l\u2019\u00e9valuation de son apport aux transformations sociales, ce que l\u2019on appelle commun\u00e9ment d\u00e9veloppement et qui ne se r\u00e9sume pas aux quantifications \u00e9conomiques. Pour cela, nous avons choisi de mettre en avant un riche panel, \u00e0 travers\u00a0ces portraits repr\u00e9sentatifs de cette g\u00e9n\u00e9ration de femmes qui s\u2019assument.<\/strong> <strong>Aujourd\u2019hui, d\u00e9couvrez le portrait de Ghyzlaine Alami, Directrice Ex\u00e9cutive en charge du March\u00e9 des Particuliers et Professionnels d\u2019Attijariwafa bank.<\/strong><\/p>\n<div class=\"c10\">\n<\/div>\n<p>Ghyzlaine Alami est l\u2019exemple type de la r\u00e9ussite par la pers\u00e9v\u00e9rance. Il faut dire que les personnes qui l\u2019ont c\u00f4toy\u00e9e durant son parcours professionnel, expliquent la recette de sa r\u00e9ussite par son obstination, son professionnalisme et sa passion de ce qu\u2019elle fait. Apr\u00e8s une scolarit\u00e9 au Maroc, Ghyzlaine a poursuivi ses \u00e9tudes en France o\u00f9 elle a \u00e9t\u00e9 dipl\u00f4m\u00e9e de l\u2019ESSEC en 2003, apr\u00e8s 2 ann\u00e9es de classes pr\u00e9paratoires dans l\u2019Hexagone.<\/p>\n<p>Apr\u00e8s un d\u00e9but de carri\u00e8re en France au sein du cabinet d\u2019audit Ernst&amp;Young et du groupe BNP Paribas, elle a int\u00e9gr\u00e9 le groupe Attijariwafa bank en 2010 au sein de la Direction de la Strat\u00e9gie et D\u00e9veloppement Groupe, dont elle a pris la responsabilit\u00e9 en 2012. Ghyzlaine a sillonn\u00e9 l\u2019Afrique dans le cadre de nombreux projets de d\u00e9veloppement r\u00e9gional, sold\u00e9s par plusieurs acquisitions en Afrique subsaharienne et en Egypte, en compl\u00e9ment des chantiers de planification strat\u00e9gique sur le Maroc.\u00a0<\/p>\n<p><strong>Lire aussi |<\/strong><a href=\"https:\/\/www.challenge.ma\/partenariat-maroco-israelien-un-mariage-strategique-177155\/\"><strong>Partenariat maroco-isra\u00e9lien : un mariage strat\u00e9gique<\/strong><\/a><\/p>\n<p>En 2015, elle rejoint la Banque de d\u00e9tail Maroc, pour y cr\u00e9er et structurer la Direction du Marketing Strat\u00e9gique. Pendant 5 ans, avec son \u00e9quipe, ils ont renforc\u00e9 la connaissance client et men\u00e9 un grand projet de transformation du mod\u00e8le de distribution de la banque de d\u00e9tail au Maroc (retail et entreprise). R\u00e9sultat : depuis l\u2019ann\u00e9e derni\u00e8re, elle a \u00e9t\u00e9 promue Directrice ex\u00e9cutive, en charge du March\u00e9 des Particuliers et Professionnels au Maroc et membre du Comit\u00e9 de Coordination et de Synergie du Groupe, avec un premier mandat d\u2019administratrice au sein d\u2019une des filiales du groupe. \u00abJ\u2019ai la chance de travailler dans un groupe qui valorise les femmes, o\u00f9 le sujet de l\u2019\u00e9galit\u00e9 des genres est une pr\u00e9occupation importante du top management depuis des d\u00e9cennies. Les femmes occupent 20% des postes de cadres dirigeants au sein d\u2019Attijariwafa bank et 23% des filiales du groupe au Maroc sont dirig\u00e9es par des femmes \u00bb, dit-elle. Malgr\u00e9 tout, Ghyzlaine estime que \u00able bilan en mati\u00e8re de parit\u00e9 hommes-femmes au niveau des entreprises marocaines reste mitig\u00e9, avec une faible repr\u00e9sentativit\u00e9 des femmes \u00e0 la fois au niveau des entreprises dirigeantes, mais \u00e9galement des organes de gouvernance\u00bb.<\/p>\n<p class=\"has-background c11\">\u00abJ\u2019ai la chance de travailler dans un groupe qui valorise les femmes, o\u00f9 le sujet de l\u2019\u00e9galit\u00e9 des genres est une pr\u00e9occupation importante du top management depuis des d\u00e9cennies. Les femmes occupent 20% des postes de cadres dirigeants au sein d\u2019Attijariwafa bank et 23% des filiales du groupe au Maroc sont dirig\u00e9es par des femmes\u00bb.\u00a0<\/p>\n<figure class=\"wp-block-image size-large\"><a href=\"https:\/\/emag.challenge.ma\/780\/mobile\/index.html\"><img decoding=\"async\" loading=\"lazy\" width=\"798\" height=\"1024\" src=\"https:\/\/www.challenge.ma\/wp-content\/uploads\/2021\/03\/Challenge-780-special-8-mars-798x1024.jpg\" alt=\"\" class=\"wp-image-177090\" srcset=\"https:\/\/www.challenge.ma\/wp-content\/uploads\/2021\/03\/Challenge-780-special-8-mars-798x1024.jpg 798w, https:\/\/www.challenge.ma\/wp-content\/uploads\/2021\/03\/Challenge-780-special-8-mars-234x300.jpg 234w, https:\/\/www.challenge.ma\/wp-content\/uploads\/2021\/03\/Challenge-780-special-8-mars-768x986.jpg 768w, https:\/\/www.challenge.ma\/wp-content\/uploads\/2021\/03\/Challenge-780-special-8-mars-360x462.jpg 360w, https:\/\/www.challenge.ma\/wp-content\/uploads\/2021\/03\/Challenge-780-special-8-mars-750x962.jpg 750w, https:\/\/www.challenge.ma\/wp-content\/uploads\/2021\/03\/Challenge-780-special-8-mars.jpg 1013w\" sizes=\"auto, (max-width: 798px) 100vw, 798px\"\/><\/a><\/figure>\n<p>Auteur: challenge<br \/>\n<a href=\"https:\/\/www.challenge.ma\/des-femmes-qui-comptent-ghyzlaine-alami-177191\/\">Cliquez ici pour lire l&rsquo;article depuis sa source.<\/a><\/p>\n","protected":false},"excerpt":{"rendered":"<p>Pour nous, il ne s\u2019agit pas de c\u00e9l\u00e9brer la journ\u00e9e de la femme, comme un cadeau annuel fait \u00e0 la gente f\u00e9minine. C\u2019est plut\u00f4t l\u2019occasion de faire le point sur un combat essentiel, celui de l\u2019\u00e9mancipation de la moiti\u00e9 de la population et l\u2019\u00e9valuation de son apport aux transformations sociales, ce que l\u2019on appelle commun\u00e9ment [&hellip;]<\/p>\n","protected":false},"author":1787,"featured_media":0,"comment_status":"closed","ping_status":"closed","sticky":false,"template":"","format":"standard","meta":{"fifu_image_url":"https:\/\/www.challenge.ma\/wp-content\/uploads\/2021\/03\/Challenge-780-special-8-mars-798x1024.jpg","fifu_image_alt":"Des femmes qui comptent : Ghyzlaine Alami","footnotes":""},"categories":[78,54],"tags":[],"class_list":["post-112628","post","type-post","status-publish","format-standard","hentry","category-economie","category-maroc"],"_links":{"self":[{"href":"https:\/\/linitiative.ca\/International\/wp-json\/wp\/v2\/posts\/112628","targetHints":{"allow":["GET"]}}],"collection":[{"href":"https:\/\/linitiative.ca\/International\/wp-json\/wp\/v2\/posts"}],"about":[{"href":"https:\/\/linitiative.ca\/International\/wp-json\/wp\/v2\/types\/post"}],"author":[{"embeddable":true,"href":"https:\/\/linitiative.ca\/International\/wp-json\/wp\/v2\/users\/1787"}],"replies":[{"embeddable":true,"href":"https:\/\/linitiative.ca\/International\/wp-json\/wp\/v2\/comments?post=112628"}],"version-history":[{"count":0,"href":"https:\/\/linitiative.ca\/International\/wp-json\/wp\/v2\/posts\/112628\/revisions"}],"wp:attachment":[{"href":"https:\/\/linitiative.ca\/International\/wp-json\/wp\/v2\/media?parent=112628"}],"wp:term":[{"taxonomy":"category","embeddable":true,"href":"https:\/\/linitiative.ca\/International\/wp-json\/wp\/v2\/categories?post=112628"},{"taxonomy":"post_tag","embeddable":true,"href":"https:\/\/linitiative.ca\/International\/wp-json\/wp\/v2\/tags?post=112628"}],"curies":[{"name":"wp","href":"https:\/\/api.w.org\/{rel}","templated":true}]}}