{"id":112629,"date":"2021-03-06T07:40:00","date_gmt":"2021-03-06T12:40:00","guid":{"rendered":"https:\/\/linitiative.ca\/International\/des-femmes-qui-comptent-siham-alami\/"},"modified":"2021-03-06T07:40:00","modified_gmt":"2021-03-06T12:40:00","slug":"des-femmes-qui-comptent-siham-alami","status":"publish","type":"post","link":"https:\/\/linitiative.ca\/International\/des-femmes-qui-comptent-siham-alami\/","title":{"rendered":"Des femmes qui comptent : Siham Alami"},"content":{"rendered":"<p><strong>Pour nous, il ne s\u2019agit pas de c\u00e9l\u00e9brer la journ\u00e9e de la femme, comme un cadeau annuel fait \u00e0 la gente f\u00e9minine. C\u2019est plut\u00f4t l\u2019occasion de faire le point sur un combat essentiel, celui de l\u2019\u00e9mancipation de la moiti\u00e9 de la population et l\u2019\u00e9valuation de son apport aux transformations sociales, ce que l\u2019on appelle commun\u00e9ment d\u00e9veloppement et qui ne se r\u00e9sume pas aux quantifications \u00e9conomiques. Pour cela, nous avons choisi de mettre en avant un riche panel, \u00e0 travers\u00a0ces portraits repr\u00e9sentatifs de cette g\u00e9n\u00e9ration de femmes qui s\u2019assument.<\/strong> <strong>Des portraits \u00e0 d\u00e9couvrir.<\/strong> <strong>Siham Alami, Associ\u00e9e chez AD Associ\u00e9s Expert-Comptable et Commissaire Aux Comptes.<\/strong><\/p>\n<div class=\"c10\">\n<\/div>\n<p>Expert-Comptable depuis 1999, Siham Alami a fait toute sa carri\u00e8re dans les cabinets d\u2019audit. D\u2019abord \u00e0 Ernest &amp; Young \u00e0 Casablanca, avant de rejoindre en 2000 le Cabinet AD Associ\u00e9s en tant que responsable du d\u00e9partement Audit. Elle y restera jusqu\u2019\u00e0 aujourd\u2019hui et y gravira les \u00e9chelons pour devenir Associ\u00e9e en charge de l\u2019Outsourcing &amp; Advisory.<\/p>\n<p>L\u2019expertise de Siham Alami est reconnue tant parmi ses pairs que dans le monde des transactions corporates (ouverture de capital, cession d\u2019entreprises, introduction en bourse\u2026) o\u00f9 sa valeur ajout\u00e9e pour les implications fiscales et juridiques dans les op\u00e9rations de d\u00e9veloppement et de restructurations de ses clients est des plus appr\u00e9ci\u00e9es.<\/p>\n<p><strong>Lire aussi |<\/strong><a href=\"https:\/\/www.challenge.ma\/des-femmes-qui-comptent-ghyzlaine-alami-177191\/\"><strong>Des femmes qui comptent : Ghyzlaine Alami<\/strong><\/a><\/p>\n<p>A ceux qui l\u2019interrogent sur la mixit\u00e9 et l\u2019\u00e9galit\u00e9 des genres, elle r\u00e9pond avec un esprit de finesse peu commun au monde trop cart\u00e9sien de l\u2019audit et la finance o\u00f9 l\u2019esprit de g\u00e9om\u00e9trie r\u00e8gne \u00abMalgr\u00e9 le fait que j\u2019aie int\u00e9gr\u00e9 un m\u00e9tier dit d\u2019hommes, je n\u2019ai jamais senti que mon statut de femme \u00e9tait un frein, bien au contraire. L\u00e0 aussi, J\u2019ai eu la chance de rencontrer des hommes inspirants qui m\u2019ont soutenue et accompagn\u00e9e dans mes choix. Fran\u00e7oise Giroud disait : \u00abLa f\u00e9minit\u00e9 n\u2019est pas une incomp\u00e9tence. Elle n\u2019est pas non plus une comp\u00e9tence\u00bb. A bien y r\u00e9fl\u00e9chir, elle peut s\u2019av\u00e9rer \u00eatre un atout quand on parvient \u00e0 en valoriser le plus int\u00e9ressant : la sensibilit\u00e9, l\u2019empathie, l\u2019intuition, l\u2019aptitude \u00e0 \u00eatre multit\u00e2che, et la capacit\u00e9 \u00e0 taire son ego par moments. \u00bb<\/p>\n<p class=\"has-background c11\">Fran\u00e7oise Giroud disait : \u00abLa f\u00e9minit\u00e9 n\u2019est pas une incomp\u00e9tence. Elle n\u2019est pas non plus une comp\u00e9tence\u00bb. A bien y r\u00e9fl\u00e9chir, elle peut s\u2019av\u00e9rer \u00eatre un atout quand on parvient \u00e0 en valoriser le plus int\u00e9ressant : la sensibilit\u00e9, l\u2019empathie, l\u2019intuition,\u00a0l\u2019aptitude \u00e0 \u00eatre multit\u00e2che, et la\u00a0 capacit\u00e9 \u00e0 taire son ego\u00a0par moments.\u00bb<\/p>\n<figure class=\"wp-block-image size-large\"><a href=\"https:\/\/emag.challenge.ma\/780\/mobile\/index.html\"><img decoding=\"async\" loading=\"lazy\" width=\"798\" height=\"1024\" src=\"https:\/\/www.challenge.ma\/wp-content\/uploads\/2021\/03\/Challenge-780-special-8-mars-798x1024.jpg\" alt=\"\" class=\"wp-image-177090\" srcset=\"https:\/\/www.challenge.ma\/wp-content\/uploads\/2021\/03\/Challenge-780-special-8-mars-798x1024.jpg 798w, https:\/\/www.challenge.ma\/wp-content\/uploads\/2021\/03\/Challenge-780-special-8-mars-234x300.jpg 234w, https:\/\/www.challenge.ma\/wp-content\/uploads\/2021\/03\/Challenge-780-special-8-mars-768x986.jpg 768w, https:\/\/www.challenge.ma\/wp-content\/uploads\/2021\/03\/Challenge-780-special-8-mars-360x462.jpg 360w, https:\/\/www.challenge.ma\/wp-content\/uploads\/2021\/03\/Challenge-780-special-8-mars-750x962.jpg 750w, https:\/\/www.challenge.ma\/wp-content\/uploads\/2021\/03\/Challenge-780-special-8-mars.jpg 1013w\" sizes=\"auto, (max-width: 798px) 100vw, 798px\"\/><\/a><\/figure>\n<p>Auteur: challenge<br \/>\n<a href=\"https:\/\/www.challenge.ma\/des-femmes-qui-comptent-siham-alami-177196\/\">Cliquez ici pour lire l&rsquo;article depuis sa source.<\/a><\/p>\n","protected":false},"excerpt":{"rendered":"<p>Pour nous, il ne s\u2019agit pas de c\u00e9l\u00e9brer la journ\u00e9e de la femme, comme un cadeau annuel fait \u00e0 la gente f\u00e9minine. C\u2019est plut\u00f4t l\u2019occasion de faire le point sur un combat essentiel, celui de l\u2019\u00e9mancipation de la moiti\u00e9 de la population et l\u2019\u00e9valuation de son apport aux transformations sociales, ce que l\u2019on appelle commun\u00e9ment [&hellip;]<\/p>\n","protected":false},"author":1787,"featured_media":0,"comment_status":"closed","ping_status":"closed","sticky":false,"template":"","format":"standard","meta":{"fifu_image_url":"https:\/\/www.challenge.ma\/wp-content\/uploads\/2021\/03\/Challenge-780-special-8-mars-798x1024.jpg","fifu_image_alt":"Des femmes qui comptent : Siham Alami","footnotes":""},"categories":[78,54],"tags":[],"class_list":["post-112629","post","type-post","status-publish","format-standard","hentry","category-economie","category-maroc"],"_links":{"self":[{"href":"https:\/\/linitiative.ca\/International\/wp-json\/wp\/v2\/posts\/112629","targetHints":{"allow":["GET"]}}],"collection":[{"href":"https:\/\/linitiative.ca\/International\/wp-json\/wp\/v2\/posts"}],"about":[{"href":"https:\/\/linitiative.ca\/International\/wp-json\/wp\/v2\/types\/post"}],"author":[{"embeddable":true,"href":"https:\/\/linitiative.ca\/International\/wp-json\/wp\/v2\/users\/1787"}],"replies":[{"embeddable":true,"href":"https:\/\/linitiative.ca\/International\/wp-json\/wp\/v2\/comments?post=112629"}],"version-history":[{"count":0,"href":"https:\/\/linitiative.ca\/International\/wp-json\/wp\/v2\/posts\/112629\/revisions"}],"wp:attachment":[{"href":"https:\/\/linitiative.ca\/International\/wp-json\/wp\/v2\/media?parent=112629"}],"wp:term":[{"taxonomy":"category","embeddable":true,"href":"https:\/\/linitiative.ca\/International\/wp-json\/wp\/v2\/categories?post=112629"},{"taxonomy":"post_tag","embeddable":true,"href":"https:\/\/linitiative.ca\/International\/wp-json\/wp\/v2\/tags?post=112629"}],"curies":[{"name":"wp","href":"https:\/\/api.w.org\/{rel}","templated":true}]}}