{"id":112636,"date":"2021-03-06T08:18:02","date_gmt":"2021-03-06T13:18:02","guid":{"rendered":"https:\/\/linitiative.ca\/International\/congo-la-campagne-presidentielle-lancee\/"},"modified":"2021-03-06T08:18:02","modified_gmt":"2021-03-06T13:18:02","slug":"congo-la-campagne-presidentielle-lancee","status":"publish","type":"post","link":"https:\/\/linitiative.ca\/International\/congo-la-campagne-presidentielle-lancee\/","title":{"rendered":"Congo : la campagne pr\u00e9sidentielle lanc\u00e9e"},"content":{"rendered":"<div readability=\"32\">\n<p>Publi\u00e9 le 06.03.2021 \u00e0 14h18 par APA News<\/p>\n<\/div>\n<div readability=\"74\">\n<p>Au Congo, la campagne pr\u00e9sidentielle est lanc\u00e9e en vue de la pr\u00e9sidentielle du 21 mars prochain.Les candidats ont deux semaines pour convaincre les 2,5 millions d\u2019\u00e9lecteurs de ce pays de cinq millions d\u2019habitant.<\/p>\n<p>Le taux de participation sera le grand d\u00e9fi de ce scrutin. Les habitants durement touch\u00e9s par la crise \u00e9conomique cons\u00e9cutive \u00e0 la chute des cours de l\u2019or noir \u2013 sa principale source de revenus \u2013 et \u00e0 la pand\u00e9mie de coronavirus, ne sont pas tr\u00e8s emball\u00e9s par cette pr\u00e9sidentielle.<\/p>\n<p>Sept candidats sont en lice, parmi lesquels le sortant Denis Sassou Nguesso, 77 ans, dont 36 ans au pouvoir. Arriv\u00e9 \u00e0 la t\u00eate de son pays en 1979 \u00e0 l\u2019\u00e9poque du parti unique, le natif de la Cuvette devait rendre son tablier en 1992 \u00e0 l\u2019issue des premi\u00e8res \u00e9lections d\u00e9mocratiques remport\u00e9es par le d\u00e9funt pr\u00e9sident Pascal Lissouba.\u00a0<\/p>\n<p>Il revient aux affaires en octobre 1997, apr\u00e8s la victoire de sa milice contre le pr\u00e9sident en place.<\/p>\n<p>Depuis, Denis Sassou Nguesso garde solidement son fauteuil en remportant les \u00e9lections de 2002, 2009 et 2016.\u00a0<\/p>\n<p>C\u00f4t\u00e9 opposition, Guy Brice Parfait Kol\u00e9las, d\u00e9clar\u00e9 second \u00e0 la derni\u00e8re pr\u00e9sidentielle, se pr\u00e9sente \u00e0 nouveau, tout comme Mathias Dzon.\u00a0<\/p>\n<p>L\u2019ancien ministre des Finances, \u00e2g\u00e9 de 73 ans, s\u2019\u00e9tait d\u00e9j\u00e0 port\u00e9 candidat \u00e0 la pr\u00e9sidentielle en 2009, avant d\u2019appeler au boycott du scrutin au dernier moment. Pour\u00a0ce scrutin, il compte aller jusqu\u2019au bout.<\/p>\n<\/div>\n<p>Auteur: APA News<br \/>\n<a href=\"https:\/\/www.journalducameroun.com\/congo-la-campagne-presidentielle-lancee\/\">Cliquez ici pour lire l&rsquo;article depuis sa source.<\/a><\/p>\n","protected":false},"excerpt":{"rendered":"<p>Publi\u00e9 le 06.03.2021 \u00e0 14h18 par APA News Au Congo, la campagne pr\u00e9sidentielle est lanc\u00e9e en vue de la pr\u00e9sidentielle du 21 mars prochain.Les candidats ont deux semaines pour convaincre les 2,5 millions d\u2019\u00e9lecteurs de ce pays de cinq millions d\u2019habitant. Le taux de participation sera le grand d\u00e9fi de ce scrutin. Les habitants durement [&hellip;]<\/p>\n","protected":false},"author":1965,"featured_media":0,"comment_status":"closed","ping_status":"closed","sticky":false,"template":"","format":"standard","meta":{"fifu_image_url":"","fifu_image_alt":"","footnotes":""},"categories":[73,82],"tags":[],"class_list":["post-112636","post","type-post","status-publish","format-standard","hentry","category-actualite","category-cameroun"],"_links":{"self":[{"href":"https:\/\/linitiative.ca\/International\/wp-json\/wp\/v2\/posts\/112636","targetHints":{"allow":["GET"]}}],"collection":[{"href":"https:\/\/linitiative.ca\/International\/wp-json\/wp\/v2\/posts"}],"about":[{"href":"https:\/\/linitiative.ca\/International\/wp-json\/wp\/v2\/types\/post"}],"author":[{"embeddable":true,"href":"https:\/\/linitiative.ca\/International\/wp-json\/wp\/v2\/users\/1965"}],"replies":[{"embeddable":true,"href":"https:\/\/linitiative.ca\/International\/wp-json\/wp\/v2\/comments?post=112636"}],"version-history":[{"count":0,"href":"https:\/\/linitiative.ca\/International\/wp-json\/wp\/v2\/posts\/112636\/revisions"}],"wp:attachment":[{"href":"https:\/\/linitiative.ca\/International\/wp-json\/wp\/v2\/media?parent=112636"}],"wp:term":[{"taxonomy":"category","embeddable":true,"href":"https:\/\/linitiative.ca\/International\/wp-json\/wp\/v2\/categories?post=112636"},{"taxonomy":"post_tag","embeddable":true,"href":"https:\/\/linitiative.ca\/International\/wp-json\/wp\/v2\/tags?post=112636"}],"curies":[{"name":"wp","href":"https:\/\/api.w.org\/{rel}","templated":true}]}}