{"id":112637,"date":"2021-03-06T09:18:02","date_gmt":"2021-03-06T14:18:02","guid":{"rendered":"https:\/\/linitiative.ca\/International\/cote-divoire-ouattara-demande-une-union-de-priere-pour-hamed-bakayoko\/"},"modified":"2021-03-06T09:18:02","modified_gmt":"2021-03-06T14:18:02","slug":"cote-divoire-ouattara-demande-une-union-de-priere-pour-hamed-bakayoko","status":"publish","type":"post","link":"https:\/\/linitiative.ca\/International\/cote-divoire-ouattara-demande-une-union-de-priere-pour-hamed-bakayoko\/","title":{"rendered":"C\u00f4te d\u2019Ivoire : Ouattara demande une union de pri\u00e8re pour Hamed Bakayoko"},"content":{"rendered":"<div readability=\"32\">\n<p>Publi\u00e9 le 06.03.2021 \u00e0 15h18 par APA News<\/p>\n<\/div>\n<div readability=\"84\">\n<p>Le pr\u00e9sident ivoirien Alassane Ouattara a demand\u00e9 samedi \u00e0 Abidjan, une union de pri\u00e8re des ivoiriens pour le premier ministre Hamed Bakayoko \u00e9vacu\u00e9 en France depuis le 17 f\u00e9vrier dernier pour des raisons de sant\u00e9.<\/p>\n<p>\u00a0\u00ab Nous, nous prions pour qu\u2019il ( Hamed Bakayoko) recouvre la parfaite bonne sant\u00e9. Et je demande \u00e0 tous nos concitoyens, au \u00a0gouvernement, \u00e0 ses collaborateurs, \u00e0 ses proches, que nous soyons tous en pri\u00e8re pour la bonne sant\u00e9 de mon fils, le premier ministre et un bon retour en C\u00f4te d\u2019Ivoire \u00bb, a souhait\u00e9 M. Ouattara.\u00a0<\/p>\n<p>Il s\u2019exprimait \u00e0 l\u2019issue de son vote pour les l\u00e9gislatives ivoiriennes au Lyc\u00e9e Sainte Marie de Cocody ( Est d\u2019Abidjan) o\u00f9 il \u00e9tait en compagnie de son \u00e9pouse Dominique Ouattara.\u00a0<\/p>\n<p>Par ailleurs, le pr\u00e9sident ivoirien qui dit avoir rendu \u00a0visite \u00a0\u00ab \u00e0 maintes reprises \u00bb, au premier ministre Hamed Bakayoko lors de son r\u00e9cent s\u00e9jour en France, a indiqu\u00e9 que \u00ab compte tenu de son \u00e9tat de sant\u00e9, \u00a0je lui ai demand\u00e9, et ses m\u00e9decins pensent la m\u00eame chose, qu\u2019il devra rester encore quelques temps en hospitalisation\u00bb.<\/p>\n<p>\u00a0Concernant l\u2019\u00e9lection l\u00e9gislative, M. Ouattara a encourag\u00e9 les ivoiriens \u00e0 voter massivement, se f\u00e9licitant de ce que ce scrutin l\u00e9gislatif est la premi\u00e8re \u00e9lection pluraliste depuis 20 ans en C\u00f4te d\u2019Ivoire. \u00a0<\/p>\n<p>\u00ab \u00a0Je viens de voter pour l\u2019\u00e9lection l\u00e9gislative. Je me r\u00e9jouis de l\u2019avoir fait et j\u2019encourage tout nos concitoyens \u00e0 le faire d\u2019autant plus que c\u2019est la premi\u00e8re \u00e9lection pluraliste depuis 20 ans parce que de 2000 \u00e0 2010 le Rassemblement des r\u00e9publicains ( RDR) n\u2019avait pas pu participer aux \u00e9lections l\u00e9gislatives et de 2010 \u00e0 2020, le Front populaire ivoirien ( FPI) n\u2019avait pas voulu participer au scrutin\u00bb, a-t-il expliqu\u00e9.<\/p>\n<p>\u00a0En outre, M. Ouattara a souhait\u00e9 que \u00a0\u00ab l\u2019\u00e9pisode malheureux \u00a0\u00bb \u00a0des \u00e9lections pr\u00e9sidentielles de 2010 et 2020 \u00a0\u00ab soient d\u00e9finitivement derri\u00e8re nous et \u00a0que les ivoiriens puissent choisir \u00e0 compter de maintenant en toute qui\u00e9tude et dans la paix leurs repr\u00e9sentants\u00bb.\u00a0<\/p>\n<p>Selon le pr\u00e9sident ivoirien, ce scrutin l\u00e9gislatif se d\u00e9roule bien et \u00a0\u00ab il n\u2019y a aucune tension dans l\u2019air \u00a0\u00bb. \u00a0Quelque 1511 candidats titulaires (1305 hommes et 206 femmes) s\u2019affrontent pour ces \u00e9lections l\u00e9gislatives en C\u00f4te d\u2019Ivoire.<\/p>\n<\/div>\n<p>Auteur: APA News<br \/>\n<a href=\"https:\/\/www.journalducameroun.com\/cote-divoire-ouattara-demande-une-union-de-priere-pour-hamed-bakayoko\/\">Cliquez ici pour lire l&rsquo;article depuis sa source.<\/a><\/p>\n","protected":false},"excerpt":{"rendered":"<p>Publi\u00e9 le 06.03.2021 \u00e0 15h18 par APA News Le pr\u00e9sident ivoirien Alassane Ouattara a demand\u00e9 samedi \u00e0 Abidjan, une union de pri\u00e8re des ivoiriens pour le premier ministre Hamed Bakayoko \u00e9vacu\u00e9 en France depuis le 17 f\u00e9vrier dernier pour des raisons de sant\u00e9. \u00a0\u00ab Nous, nous prions pour qu\u2019il ( Hamed Bakayoko) recouvre la parfaite [&hellip;]<\/p>\n","protected":false},"author":1965,"featured_media":0,"comment_status":"closed","ping_status":"closed","sticky":false,"template":"","format":"standard","meta":{"fifu_image_url":"","fifu_image_alt":"","footnotes":""},"categories":[73,82],"tags":[],"class_list":["post-112637","post","type-post","status-publish","format-standard","hentry","category-actualite","category-cameroun"],"_links":{"self":[{"href":"https:\/\/linitiative.ca\/International\/wp-json\/wp\/v2\/posts\/112637","targetHints":{"allow":["GET"]}}],"collection":[{"href":"https:\/\/linitiative.ca\/International\/wp-json\/wp\/v2\/posts"}],"about":[{"href":"https:\/\/linitiative.ca\/International\/wp-json\/wp\/v2\/types\/post"}],"author":[{"embeddable":true,"href":"https:\/\/linitiative.ca\/International\/wp-json\/wp\/v2\/users\/1965"}],"replies":[{"embeddable":true,"href":"https:\/\/linitiative.ca\/International\/wp-json\/wp\/v2\/comments?post=112637"}],"version-history":[{"count":0,"href":"https:\/\/linitiative.ca\/International\/wp-json\/wp\/v2\/posts\/112637\/revisions"}],"wp:attachment":[{"href":"https:\/\/linitiative.ca\/International\/wp-json\/wp\/v2\/media?parent=112637"}],"wp:term":[{"taxonomy":"category","embeddable":true,"href":"https:\/\/linitiative.ca\/International\/wp-json\/wp\/v2\/categories?post=112637"},{"taxonomy":"post_tag","embeddable":true,"href":"https:\/\/linitiative.ca\/International\/wp-json\/wp\/v2\/tags?post=112637"}],"curies":[{"name":"wp","href":"https:\/\/api.w.org\/{rel}","templated":true}]}}