{"id":112638,"date":"2021-03-06T14:18:02","date_gmt":"2021-03-06T19:18:02","guid":{"rendered":"https:\/\/linitiative.ca\/International\/legislatives-ivoiriennes-forte-mobilisation-des-electeurs-au-plateau\/"},"modified":"2021-03-06T14:18:02","modified_gmt":"2021-03-06T19:18:02","slug":"legislatives-ivoiriennes-forte-mobilisation-des-electeurs-au-plateau","status":"publish","type":"post","link":"https:\/\/linitiative.ca\/International\/legislatives-ivoiriennes-forte-mobilisation-des-electeurs-au-plateau\/","title":{"rendered":"L\u00e9gislatives ivoiriennes : forte mobilisation des \u00e9lecteurs au Plateau"},"content":{"rendered":"<div readability=\"32\">\n<p>Publi\u00e9 le 06.03.2021 \u00e0 20h18 par APA News<\/p>\n<\/div>\n<div readability=\"69\">\n<p>Le scrutin l\u00e9gislatif ivoirien s\u2019est ouvert samedi \u00e0 08h (heure locale et GMT) sur l\u2019ensemble du territoire de la C\u00f4te d\u2019Ivoire avec une forte mobilisation des \u00e9lecteurs au Plateau, le quartier administratif d\u2019Abidjan, a constat\u00e9 APA sur place dans la capitale \u00e9conomique ivoirienne.<\/p>\n<p>En effet, dans cette commune qui est \u00e9galement le centre des affaires d\u2019Abidjan, l\u2019ambiance n\u2019\u00e9tait pas celle des jours ordinaires. Ainsi l\u2019on a pu constater plusieurs mini-cars transportant des \u00e9lecteurs vers leurs centre de vote dans ce quartier. Que ce soit au Coll\u00e8ge Notre Dame ou au Coll\u00e8ge moderne, deux centres \u00a0de vote de cette commune, les \u00e9lecteurs se bousculaient peu avant la mi-journ\u00e9e pour accomplir leur devoir devoir civique.\u00a0<\/p>\n<p>Contrairement \u00e0 la commune du Plateau, les \u00e9lecteurs ont manifest\u00e9 peu d\u2019engouement \u00e0 Yopougon, un quartier populaire \u00e0 l\u2019ouest d\u2019Abidjan. \u00a0\u00ab Il n\u2019y pas trop d\u2019engouement. C\u2019est un peu lent \u00bb, a dit \u00e0 APA, M. Doumbia, l\u2019un des superviseurs de la Commission \u00e9lectorale ind\u00e9pendante ( CEI, organe \u00e9lectoral) dans le centre du Lyc\u00e9e moderne d\u2019Andokoi qui compte neuf bureaux de vote.\u00a0<\/p>\n<p>Le m\u00eame constat a \u00e9t\u00e9 fait au groupe scolaire mosqu\u00e9e de Wassakara, un autre centre de Yopougon o\u00f9 l\u2019affluence des \u00e9lecteurs a \u00e9t\u00e9 jug\u00e9e moyenne par M. Coulibaly, l\u2019un des pr\u00e9sidents des neuf bureaux de vote de ce centre.\u00a0<\/p>\n<p>Aux environs de 14h ( heure locale et GMT), a-t-il fait savoir \u00e0 APA, \u00e0 peine la moiti\u00e9 des \u00e9lecteurs inscrits dans son bureau de vote avaient accompli leur devoir civique. Quelque 1511 candidats dont 1305 hommes et 206 femmes s\u2019affrontent pour ce scrutin l\u00e9gislatif pour 255 si\u00e8ges de d\u00e9put\u00e9s \u00e0 pourvoir.<\/p>\n<\/div>\n<p>Auteur: APA News<br \/>\n<a href=\"https:\/\/www.journalducameroun.com\/legislatives-ivoiriennes-forte-mobilisation-des-electeurs-au-plateau\/\">Cliquez ici pour lire l&rsquo;article depuis sa source.<\/a><\/p>\n","protected":false},"excerpt":{"rendered":"<p>Publi\u00e9 le 06.03.2021 \u00e0 20h18 par APA News Le scrutin l\u00e9gislatif ivoirien s\u2019est ouvert samedi \u00e0 08h (heure locale et GMT) sur l\u2019ensemble du territoire de la C\u00f4te d\u2019Ivoire avec une forte mobilisation des \u00e9lecteurs au Plateau, le quartier administratif d\u2019Abidjan, a constat\u00e9 APA sur place dans la capitale \u00e9conomique ivoirienne. En effet, dans cette [&hellip;]<\/p>\n","protected":false},"author":1965,"featured_media":0,"comment_status":"closed","ping_status":"closed","sticky":false,"template":"","format":"standard","meta":{"fifu_image_url":"","fifu_image_alt":"","footnotes":""},"categories":[73,82],"tags":[],"class_list":["post-112638","post","type-post","status-publish","format-standard","hentry","category-actualite","category-cameroun"],"_links":{"self":[{"href":"https:\/\/linitiative.ca\/International\/wp-json\/wp\/v2\/posts\/112638","targetHints":{"allow":["GET"]}}],"collection":[{"href":"https:\/\/linitiative.ca\/International\/wp-json\/wp\/v2\/posts"}],"about":[{"href":"https:\/\/linitiative.ca\/International\/wp-json\/wp\/v2\/types\/post"}],"author":[{"embeddable":true,"href":"https:\/\/linitiative.ca\/International\/wp-json\/wp\/v2\/users\/1965"}],"replies":[{"embeddable":true,"href":"https:\/\/linitiative.ca\/International\/wp-json\/wp\/v2\/comments?post=112638"}],"version-history":[{"count":0,"href":"https:\/\/linitiative.ca\/International\/wp-json\/wp\/v2\/posts\/112638\/revisions"}],"wp:attachment":[{"href":"https:\/\/linitiative.ca\/International\/wp-json\/wp\/v2\/media?parent=112638"}],"wp:term":[{"taxonomy":"category","embeddable":true,"href":"https:\/\/linitiative.ca\/International\/wp-json\/wp\/v2\/categories?post=112638"},{"taxonomy":"post_tag","embeddable":true,"href":"https:\/\/linitiative.ca\/International\/wp-json\/wp\/v2\/tags?post=112638"}],"curies":[{"name":"wp","href":"https:\/\/api.w.org\/{rel}","templated":true}]}}