{"id":112639,"date":"2021-03-06T14:18:04","date_gmt":"2021-03-06T19:18:04","guid":{"rendered":"https:\/\/linitiative.ca\/International\/legislatives-ivoiriennes-la-cei-travaille-en-toute-transparence-kuibiert\/"},"modified":"2021-03-06T14:18:04","modified_gmt":"2021-03-06T19:18:04","slug":"legislatives-ivoiriennes-la-cei-travaille-en-toute-transparence-kuibiert","status":"publish","type":"post","link":"https:\/\/linitiative.ca\/International\/legislatives-ivoiriennes-la-cei-travaille-en-toute-transparence-kuibiert\/","title":{"rendered":"L\u00e9gislatives ivoiriennes: la CEI travaille \u00aben toute transparence\u00bb ( Kuibiert)"},"content":{"rendered":"<div readability=\"32\">\n<p>Publi\u00e9 le 06.03.2021 \u00e0 20h18 par APA News<\/p>\n<\/div>\n<div readability=\"56\">\n<p>Le pr\u00e9sident de la Commission \u00e9lectorale ind\u00e9pendante ( CEI, organe \u00e9lectoral) Coulibaly-Kuibiert Ibrahime, qui a vot\u00e9 samedi au Lyc\u00e9e Sainte-Marie de Cocody \u00e0 l\u2019Est d\u2019Abidjan pour les \u00e9lections l\u00e9gislatives ivoiriennes a assur\u00e9 candidats et \u00e9lecteurs de ce scrutin que son institution \u00abtravaille en toute transparence\u00bb.<\/p>\n<p>\u00abC\u2019est la loi qui prescrit \u00e0 la CEI de donner la possibilit\u00e9 \u00e0 tout candidat ou parti politique ayant parrain\u00e9 une candidature de se voir d\u00e9livrer le listing \u00e9lectoral de la circonscription \u00e9lectorale concern\u00e9e. Donc quand ils viennent, ils font la demande au pr\u00e9sident de la CEI et celui-ci ordonne \u00e0 l\u2019imprimerie nationale de leur tirer copie ou exemplaire de la liste \u00e9lectorale concernant la circonscription concern\u00e9e\u00bb, a entre autres, expliqu\u00e9 M. Coulibaly-Kuibiert apr\u00e8s avoir accompli son devoir civique.\u00a0<\/p>\n<p>Selon lui, \u00ab le fait de d\u00e9tenir un listing relatif \u00e0 la liste \u00e9lectorale ne pose pas de probl\u00e8me. Ce n\u2019est pas une irr\u00e9gularit\u00e9 \u00bb. Par ailleurs, M. Coulibaly-Kuibiert a \u00e9galement fait savoir \u00a0que le fait d\u2019avoir dans un bureau de vote, la liste d\u2019\u00e9margement de la distribution de la carte d\u2019\u00e9lecteur et la liste d\u2019\u00e9margement relative au vote \u00a0\u00ab n\u2019est pas irr\u00e9gulier \u00a0\u00bb.\u00a0<\/p>\n<p>Plus de sept millions d\u2019\u00e9lecteurs sont appel\u00e9s aux urnes dans le cadre de ces \u00e9lections l\u00e9gislatives pour \u00e9lire les 255 d\u00e9put\u00e9s que compte l\u2019Assembl\u00e9e nationale ivoirienne.\u00a0<\/p>\n<\/div>\n<p>Auteur: APA News<br \/>\n<a href=\"https:\/\/www.journalducameroun.com\/legislatives-ivoiriennes-la-cei-travaille-en-toute-transparence-kuibiert\/\">Cliquez ici pour lire l&rsquo;article depuis sa source.<\/a><\/p>\n","protected":false},"excerpt":{"rendered":"<p>Publi\u00e9 le 06.03.2021 \u00e0 20h18 par APA News Le pr\u00e9sident de la Commission \u00e9lectorale ind\u00e9pendante ( CEI, organe \u00e9lectoral) Coulibaly-Kuibiert Ibrahime, qui a vot\u00e9 samedi au Lyc\u00e9e Sainte-Marie de Cocody \u00e0 l\u2019Est d\u2019Abidjan pour les \u00e9lections l\u00e9gislatives ivoiriennes a assur\u00e9 candidats et \u00e9lecteurs de ce scrutin que son institution \u00abtravaille en toute transparence\u00bb. \u00abC\u2019est la [&hellip;]<\/p>\n","protected":false},"author":1965,"featured_media":0,"comment_status":"closed","ping_status":"closed","sticky":false,"template":"","format":"standard","meta":{"fifu_image_url":"","fifu_image_alt":"","footnotes":""},"categories":[73,82],"tags":[],"class_list":["post-112639","post","type-post","status-publish","format-standard","hentry","category-actualite","category-cameroun"],"_links":{"self":[{"href":"https:\/\/linitiative.ca\/International\/wp-json\/wp\/v2\/posts\/112639","targetHints":{"allow":["GET"]}}],"collection":[{"href":"https:\/\/linitiative.ca\/International\/wp-json\/wp\/v2\/posts"}],"about":[{"href":"https:\/\/linitiative.ca\/International\/wp-json\/wp\/v2\/types\/post"}],"author":[{"embeddable":true,"href":"https:\/\/linitiative.ca\/International\/wp-json\/wp\/v2\/users\/1965"}],"replies":[{"embeddable":true,"href":"https:\/\/linitiative.ca\/International\/wp-json\/wp\/v2\/comments?post=112639"}],"version-history":[{"count":0,"href":"https:\/\/linitiative.ca\/International\/wp-json\/wp\/v2\/posts\/112639\/revisions"}],"wp:attachment":[{"href":"https:\/\/linitiative.ca\/International\/wp-json\/wp\/v2\/media?parent=112639"}],"wp:term":[{"taxonomy":"category","embeddable":true,"href":"https:\/\/linitiative.ca\/International\/wp-json\/wp\/v2\/categories?post=112639"},{"taxonomy":"post_tag","embeddable":true,"href":"https:\/\/linitiative.ca\/International\/wp-json\/wp\/v2\/tags?post=112639"}],"curies":[{"name":"wp","href":"https:\/\/api.w.org\/{rel}","templated":true}]}}