{"id":112641,"date":"2021-03-06T10:56:44","date_gmt":"2021-03-06T15:56:44","guid":{"rendered":"https:\/\/linitiative.ca\/International\/le-ministre-du-commerce-ordonne-le-retrait-sur-le-marche-des-produits-sano\/"},"modified":"2021-03-06T10:56:44","modified_gmt":"2021-03-06T15:56:44","slug":"le-ministre-du-commerce-ordonne-le-retrait-sur-le-marche-des-produits-sano","status":"publish","type":"post","link":"https:\/\/linitiative.ca\/International\/le-ministre-du-commerce-ordonne-le-retrait-sur-le-marche-des-produits-sano\/","title":{"rendered":"Le Ministre du Commerce ordonne le retrait sur le march\u00e9 des produits SANO"},"content":{"rendered":"<p>Les \u00e9v\u00e9nements s\u2019encha\u00eenent dans ce qui est d\u00e9sormais convenu d\u2019appeler \u00ab l\u2019Affaire\u00a0Sano\u00a0\u00bb.\u00a0Par correspondance de ce 5 mars 2021, Luc\u00a0Magloire\u00a0Mbarga\u00a0Atangana, le Ministre du commerce instruit le Chef de la Brigade nationale des contr\u00f4les et de la r\u00e9pression des fraudes de ce d\u00e9partement minist\u00e9riel\u00a0\u00ab d\u2019organiser toutes affaires cessantes, le d\u00e9ploiement de vos \u00e9quipes sur le terrain en vue de proc\u00e9der au retrait imm\u00e9diat des produits incrimin\u00e9s du\u00a0march\u00e9 \u00bb.\u00a0Cette mesure de rigueur fait suite \u00e0 l\u2019Arr\u00eat\u00e9 portant suspension des activit\u00e9s d\u2019exploitation et de conditionnement de l\u2019eau\u00a0Sano\u00a0par la soci\u00e9t\u00e9\u00a0Sano\u00a0S.A., sign\u00e9 le 4 mars 2021 par le Ministre des mines, de l\u2019industrie et du d\u00e9veloppement technologique\u00a0(Minmidt), dont Luc Magloire Mbarga Atangana a obtenu copie.\u00a0C\u2019est\u00a0\u00ab au\u00a0nom de la pr\u00e9servation de la sant\u00e9 des\u00a0consommateurs \u00bb, que le Ministre du commerce a d\u00e9cid\u00e9 du retrait imm\u00e9diat des produits\u00a0Sano\u00a0sur le march\u00e9.\u00a0<\/p>\n<p><strong>Lire aussi<\/strong> : <a href=\"https:\/\/ecomatin.net\/exploitation-et-de-conditionnement-deau-lentreprise-sano-suspendue-pour-6-mois\/\">Exploitation et conditionnement d\u2019eau : l\u2019entreprise SANO suspendue pour 6 mois<\/a><\/p>\n<p>Cette sortie s\u2019ajoute \u00e0 un feuilleton \u00e0 rebondissements entre l\u2019entreprise\u00a0Sano\u00a0S.A.\u00a0et les pouvoirs publics.\u00a0Gabriel Dodo\u00a0Ndoke, le Ministre des mines, de l\u2019industrie et du d\u00e9veloppement technologique d\u00e9cidait, ce 4 mars 2021, de la suspension pour une dur\u00e9e de 6 mois de toutes activit\u00e9s d\u2019exploitation et de conditionnement de l\u2019eau des bouteilles et bonbonnes d\u2019eau destin\u00e9es \u00e0 la consommation du public, en application des dispositions des articles 95, 213 et suivants de la Loi\u00a0n\u00b02016\/017\u00a0du 14 d\u00e9cembre 2016 portant Code minier.\u00a0L\u2019arr\u00eat\u00e9 de suspension conditionnait la reprise des activit\u00e9s de l\u2019entreprise Sano S.A par \u00abla r\u00e9alisation d\u2019un plan de site faisant ressortir clairement le p\u00e9rim\u00e8tre de s\u00e9curit\u00e9 des points de captage, la pr\u00e9sentation d\u2019un rapport de d\u00e9contamination totale du site, r\u00e9alis\u00e9e par une structure agr\u00e9\u00e9e par le Minist\u00e8re en charge de la Sant\u00e9 publique, la pr\u00e9sentation d\u2019un plan de gestion des d\u00e9chets approuv\u00e9 par l\u2019administration en charge de l\u2019environnement, la mise en place des lignes de conditionnement automatis\u00e9es pour toutes les gammes, la modification sur l\u2019\u00e9tiquette de la d\u00e9nomination \u00ab\u00a0eau min\u00e9rale naturelle\u00a0\u00bb en \u00ab\u00a0eau Sano\u00a0\u00bb, la pr\u00e9sentation des r\u00e9sultats satisfaisants des analyses physico-chimiques et microbiologiques compl\u00e8tes r\u00e9alis\u00e9es par un laboratoire agr\u00e9\u00e9 par les Minist\u00e8res en charge des mines ou de la sant\u00e9\u00bb.<\/p>\n<p>Dans une mise au point de ce 5 mars 2021, l\u2019entreprise\u00a0Sano\u00a0S.A.\u00a0a indiqu\u00e9 apprendre\u00a0\u00ab avec\u00a0stup\u00e9faction par les r\u00e9seaux sociaux, l\u2019existence d\u2019un arr\u00eat\u00e9 minist\u00e9riel qui porterait\u00a0la suspension\u00a0des activit\u00e9s d\u2019exploitation et de conditionnement de l\u2019eau\u00a0Sano \u00bb.\u00a0La mise au point sign\u00e9 par le Directeur g\u00e9n\u00e9ral, mentionne \u00ab n\u2019avoir pas \u00e9t\u00e9 notifi\u00e9e de cette d\u00e9cision \u00bb.\u00a0Promettant de tirer toutes les cons\u00e9quences qui s\u2019imposent, aussit\u00f4t notifi\u00e9e.\u00a0Toutefois, le Directeur g\u00e9n\u00e9ral de\u00a0Sano\u00a0S.A\u00a0mettait en garde contre\u00a0\u00ab tout\u00a0ce qui sera entrepris sans cette notification\u00a0pr\u00e9alable \u00bb\u00a0qui\u00a0\u00ab engagera\u00a0la responsabilit\u00e9 pleine et enti\u00e8re de ses\u00a0auteurs \u00bb.\u00a0Par ailleurs,\u00a0Sano\u00a0S.A, \u00e0 travers cette mise au point, affirme n\u2019avoir\u00a0\u00ab jamais\u00a0pr\u00e9alablement re\u00e7u une quelconque mise en demeure de conditionner ses produits de quelque mani\u00e8re que ce\u00a0soit \u00bb.<\/p>\n<p>Pourtant, l\u2019affaire\u00a0Sano\u00a0S.A\u00a0remonte au mois de janvier 2021.\u00a0D\u2019apr\u00e8s ses dirigeants, l\u2019entreprise dispose des rapports d\u2019analyses bact\u00e9riologique r\u00e9alis\u00e9e le 7 janvier 2021 et physico-chimique des eaux effectu\u00e9es le 13 suivant.\u00a0Rapports issus du laboratoire des analyses des eaux et de la m\u00e9trologie industrielle, agr\u00e9\u00e9 par le Minist\u00e8re des mines, de l\u2019industrie et du d\u00e9veloppement technologique.\u00a0Les examens bact\u00e9riologiques de l\u2019eau\u00a0Sano\u00a0indiquent, insiste-t-on au sein de cette soci\u00e9t\u00e9, qu\u2019\u00ab aucun\u00a0argument bact\u00e9riologique en faveur d\u2019une eau\u00a0infect\u00e9e \u00bb, n\u2019a \u00e9t\u00e9\u00a0d\u00e9cel\u00e9.\u00a0<\/p>\n<p><strong>Lire aussi<\/strong> : <a href=\"https:\/\/ecomatin.net\/affaire-sano-lentreprise-defend-la-mineralite-de-son-eau\/\">Affaire Sano : l\u2019entreprise d\u00e9fend la min\u00e9ralit\u00e9 de son eau<\/a><\/p>\n<p>Quant aux tests physico-chimiques, il ressort que l\u2019eau de marque\u00a0Sano\u00a0\u00ab est\u00a0une eau de min\u00e9ralisation faible, douce et claire, caract\u00e8res organoleptiques normaux.\u00a0Aucun param\u00e8tre physico-chimique susceptible de nuire \u00e0 la\u00a0sant\u00e9 \u00bb.\u00a0Dans le m\u00eame ordre d\u2019id\u00e9es, les dirigeants de\u00a0Sano\u00a0S.A\u00a0soutiennent avoir introduit aupr\u00e8s de l\u2019Agence des normes et de la qualit\u00e9\u00a0(Anor), une demande de certification, le 22 janvier 2020.\u00a0Demande malheureusement rejet\u00e9e par Charles\u00a0Booto\u2019o\u00a0\u00e0\u00a0Ngon, le Directeur g\u00e9n\u00e9ral de cette institution par une correspondance du 26 f\u00e9vrier\u00a02021 :\u00a0\u00abj\u2019ai l\u2019honneur de porter \u00e0 votre connaissance qu\u2019apr\u00e8s \u00e9valuation\u00a0de vos produits de marque\u00a0Sano, il a \u00e9t\u00e9 constat\u00e9 que les \u00e9tiquettes des eaux bouteilles\u00a0(1,5l\u00a0et 500 ml)\u00a0et des boissons\u00a0gazeuses\u00a0sont non-conformes aux exigences normatives\u00bb.\u00a0Alors que\u00a0Sano\u00a0S.A\u00a0dispose d\u2019un d\u00e9lai de 3 mois pour corriger les non-conformit\u00e9s d\u00e9cel\u00e9es par l\u2019Anor, les Minist\u00e8res des mines, de l\u2019industrie et du d\u00e9veloppement technologique, et du commerce d\u00e9cident conjointement de passer \u00e0 la vitesse sup\u00e9rieure.\u00a0Affaire \u00e0 suivre.<\/p>\n<p>Auteur: Georges Semey<br \/>\n<a href=\"https:\/\/ecomatin.net\/le-ministre-du-commerce-ordonne-le-retrait-sur-le-marche-des-produits-sano\/\">Cliquez ici pour lire l&rsquo;article depuis sa source.<\/a><\/p>\n","protected":false},"excerpt":{"rendered":"<p>Les \u00e9v\u00e9nements s\u2019encha\u00eenent dans ce qui est d\u00e9sormais convenu d\u2019appeler \u00ab l\u2019Affaire\u00a0Sano\u00a0\u00bb.\u00a0Par correspondance de ce 5 mars 2021, Luc\u00a0Magloire\u00a0Mbarga\u00a0Atangana, le Ministre du commerce instruit le Chef de la Brigade nationale des contr\u00f4les et de la r\u00e9pression des fraudes de ce d\u00e9partement minist\u00e9riel\u00a0\u00ab d\u2019organiser toutes affaires cessantes, le d\u00e9ploiement de vos \u00e9quipes sur le terrain en [&hellip;]<\/p>\n","protected":false},"author":1969,"featured_media":0,"comment_status":"closed","ping_status":"closed","sticky":false,"template":"","format":"standard","meta":{"fifu_image_url":"","fifu_image_alt":"","footnotes":""},"categories":[82,78],"tags":[],"class_list":["post-112641","post","type-post","status-publish","format-standard","hentry","category-cameroun","category-economie"],"_links":{"self":[{"href":"https:\/\/linitiative.ca\/International\/wp-json\/wp\/v2\/posts\/112641","targetHints":{"allow":["GET"]}}],"collection":[{"href":"https:\/\/linitiative.ca\/International\/wp-json\/wp\/v2\/posts"}],"about":[{"href":"https:\/\/linitiative.ca\/International\/wp-json\/wp\/v2\/types\/post"}],"author":[{"embeddable":true,"href":"https:\/\/linitiative.ca\/International\/wp-json\/wp\/v2\/users\/1969"}],"replies":[{"embeddable":true,"href":"https:\/\/linitiative.ca\/International\/wp-json\/wp\/v2\/comments?post=112641"}],"version-history":[{"count":0,"href":"https:\/\/linitiative.ca\/International\/wp-json\/wp\/v2\/posts\/112641\/revisions"}],"wp:attachment":[{"href":"https:\/\/linitiative.ca\/International\/wp-json\/wp\/v2\/media?parent=112641"}],"wp:term":[{"taxonomy":"category","embeddable":true,"href":"https:\/\/linitiative.ca\/International\/wp-json\/wp\/v2\/categories?post=112641"},{"taxonomy":"post_tag","embeddable":true,"href":"https:\/\/linitiative.ca\/International\/wp-json\/wp\/v2\/tags?post=112641"}],"curies":[{"name":"wp","href":"https:\/\/api.w.org\/{rel}","templated":true}]}}