{"id":112644,"date":"2021-03-06T12:49:07","date_gmt":"2021-03-06T17:49:07","guid":{"rendered":"https:\/\/linitiative.ca\/International\/la-team-nafack-reconduite-pour-deux-ans-a-la-tete-de-lapeccam\/"},"modified":"2021-03-06T12:49:07","modified_gmt":"2021-03-06T17:49:07","slug":"la-team-nafack-reconduite-pour-deux-ans-a-la-tete-de-lapeccam","status":"publish","type":"post","link":"https:\/\/linitiative.ca\/International\/la-team-nafack-reconduite-pour-deux-ans-a-la-tete-de-lapeccam\/","title":{"rendered":"La team Nafack reconduite pour deux ans \u00e0 la t\u00eate de l\u2019Apeccam"},"content":{"rendered":"<p>L\u2019association professionnelle des \u00e9tablissements de cr\u00e9dits du Cameroun (Apeccam) a tenu le 24 f\u00e9vrier dernier \u00e0 Douala son assembl\u00e9e g\u00e9n\u00e9rale \u00e9lective. A l\u2019issue de cette rencontre, les banques et institutions financi\u00e8res install\u00e9s au Cameroun qui se comptent dans cette association ont choisi de renouveler leur confiance au bureau sortant pr\u00e9sid\u00e9 par Alphonse Nafack\u00a0; l\u2019Administrateur Directeur G\u00e9n\u00e9ral d\u2019Afriland First Bank.<\/p>\n<p>\u00ab\u00a0La profession bancaire continuera de d\u00e9velopper les m\u00e9canismes appropri\u00e9s et innovants, pour apporter sa pierre \u00e0 l\u2019\u00e9closion des entreprises camerounaises et, partant, l\u2019am\u00e9lioration de notre environnement \u00e9conomique et du bien-\u00eatre des populations\u00a0\u00bb a-t-il rappel\u00e9.<\/p>\n<p><strong>Lire aussi<\/strong> : <a href=\"https:\/\/ecomatin.net\/distinction-alphonse-nafack-recoit-le-prix-du-meilleur-banquier-de-lafrique-centrale\/\">Distinction : Alphonse Nafack re\u00e7oit le prix du meilleur banquier de l\u2019Afrique centrale<\/a><\/p>\n<p>Dans ses fonctions, Alphonse Nafack sera accompagn\u00e9 de Jean Paul Missi (DG du Cr\u00e9dit Foncier du Cameroun) et Georges Fotso (DG Alios Finance Cameroun) respectivement 1<sup>er<\/sup>\u00a0et 2<sup>e<\/sup>\u00a0vice-pr\u00e9sident. Le reste de l\u2019\u00e9quipe dirigeante est compos\u00e9 de Yaou A\u00efssatou (DG SNI) tr\u00e9sori\u00e8re, Alexandre Beziaud (DG SCB Cameroun) contr\u00f4leur des comptes, Marl\u00e8ne Mbaye Ndiaye (DG Soci\u00e9t\u00e9 G\u00e9n\u00e9rale Cameroun), membre et Sanhaji Rochdi (DG BICEC) membre.<\/p>\n<p>La feuille de route de l\u2019\u00e9quipe dirigeante est plac\u00e9e \u00ab\u00a0d\u2019une part sur la vulgarisation de la loi no 2019\/021 du 24 d\u00e9cembre 2019 fixant certaines r\u00e8gles relatives \u00e0 l\u2019activit\u00e9 de cr\u00e9dit dans les secteurs bancaires et de la microfinance au Cameroun, et d\u2019autres part, il est question de poursuivre la transformation structurelle de l\u2019association\u00a0 et la contribution de la profession au d\u00e9veloppement du syst\u00e8me financier national a relev\u00e9 Alphonse Nafack.<\/p>\n<p><strong>Lire aussi<\/strong> : <a href=\"https:\/\/ecomatin.net\/lappecam-sinquiete-des-consequences-des-nouvelles-reformes-dans-le-domaine-foncier\/\">L\u2019APPECAM s\u2019inqui\u00e8te des cons\u00e9quences des nouvelles r\u00e9formes dans le domaine foncier<\/a><\/p>\n<p>Auteur: Cedrick JIONGO<br \/>\n<a href=\"https:\/\/ecomatin.net\/la-team-nafack-reconduite-pour-deux-ans-a-la-tete-de-lapeccam\/\">Cliquez ici pour lire l&rsquo;article depuis sa source.<\/a><\/p>\n","protected":false},"excerpt":{"rendered":"<p>L\u2019association professionnelle des \u00e9tablissements de cr\u00e9dits du Cameroun (Apeccam) a tenu le 24 f\u00e9vrier dernier \u00e0 Douala son assembl\u00e9e g\u00e9n\u00e9rale \u00e9lective. A l\u2019issue de cette rencontre, les banques et institutions financi\u00e8res install\u00e9s au Cameroun qui se comptent dans cette association ont choisi de renouveler leur confiance au bureau sortant pr\u00e9sid\u00e9 par Alphonse Nafack\u00a0; l\u2019Administrateur Directeur [&hellip;]<\/p>\n","protected":false},"author":1969,"featured_media":0,"comment_status":"closed","ping_status":"closed","sticky":false,"template":"","format":"standard","meta":{"fifu_image_url":"","fifu_image_alt":"","footnotes":""},"categories":[82,78],"tags":[],"class_list":["post-112644","post","type-post","status-publish","format-standard","hentry","category-cameroun","category-economie"],"_links":{"self":[{"href":"https:\/\/linitiative.ca\/International\/wp-json\/wp\/v2\/posts\/112644","targetHints":{"allow":["GET"]}}],"collection":[{"href":"https:\/\/linitiative.ca\/International\/wp-json\/wp\/v2\/posts"}],"about":[{"href":"https:\/\/linitiative.ca\/International\/wp-json\/wp\/v2\/types\/post"}],"author":[{"embeddable":true,"href":"https:\/\/linitiative.ca\/International\/wp-json\/wp\/v2\/users\/1969"}],"replies":[{"embeddable":true,"href":"https:\/\/linitiative.ca\/International\/wp-json\/wp\/v2\/comments?post=112644"}],"version-history":[{"count":0,"href":"https:\/\/linitiative.ca\/International\/wp-json\/wp\/v2\/posts\/112644\/revisions"}],"wp:attachment":[{"href":"https:\/\/linitiative.ca\/International\/wp-json\/wp\/v2\/media?parent=112644"}],"wp:term":[{"taxonomy":"category","embeddable":true,"href":"https:\/\/linitiative.ca\/International\/wp-json\/wp\/v2\/categories?post=112644"},{"taxonomy":"post_tag","embeddable":true,"href":"https:\/\/linitiative.ca\/International\/wp-json\/wp\/v2\/tags?post=112644"}],"curies":[{"name":"wp","href":"https:\/\/api.w.org\/{rel}","templated":true}]}}