{"id":112647,"date":"2021-03-07T10:11:09","date_gmt":"2021-03-07T15:11:09","guid":{"rendered":"https:\/\/linitiative.ca\/International\/mohamed-essoulimani-expose-sa-dimension-spirituelle-de-la-femme\/"},"modified":"2021-03-07T10:11:09","modified_gmt":"2021-03-07T15:11:09","slug":"mohamed-essoulimani-expose-sa-dimension-spirituelle-de-la-femme","status":"publish","type":"post","link":"https:\/\/linitiative.ca\/International\/mohamed-essoulimani-expose-sa-dimension-spirituelle-de-la-femme\/","title":{"rendered":"Mohamed Essoulimani expose sa dimension spirituelle de la femme"},"content":{"rendered":"<figure class=\"post-thumbnail\" itemprop=\"associatedMedia\" itemscope=\"itemscope\" itemtype=\"http:\/\/schema.org\/ImageObject\"><img decoding=\"async\" class=\"post_layout_5_img\" src=\"http:\/\/aujourdhui.ma\/wp-content\/uploads\/2021\/03\/Mohamed-Essoulimani-Exposition.jpg\" alt=\"Mohamed Essoulimani expose sa dimension spirituelle de la femme\"\/><\/figure>\n<p><strong><span class=\"c6\"><span class=\"c5\">Living 4 ART organise la premi\u00e8re exposition de l\u2019artiste<\/span><span id=\"more-370333\"\/><\/span><\/strong><\/p>\n<p>Une premi\u00e8re exposition individuelle chez Living 4 ART. Cette galerie d\u2019art casablancaise expose jusqu\u2019au 4 avril les \u0153uvres de Mohamed Essoulimani, qui se qualifie d\u2019artiste-peintre \u00abautodidacte\u00bb. \u00abC\u2019est ma premi\u00e8re exposition qui rassemble une collection d\u2019une cinquantaine d\u2019\u0153uvres\u00bb, exalte-t-il en rappelant que la femme et le corps en constituent le th\u00e8me principal. Cependant, cette th\u00e9matique a, selon l\u2019artiste, \u00abplus une dimension spirituelle que physiologique\u00bb.<\/p>\n<p>Dans ce sens, il indique tenter de chercher \u00abla profondeur de l\u2019\u00e2me humaine avec tous ses aspects, complexit\u00e9s, espoirs et r\u00eaves\u00bb. Chose qu\u2019il refl\u00e8te dans ses toiles. \u00abMa collection rassemble \u00e9galement des femmes instrumentistes. C\u2019est pour exprimer que chacun a un r\u00f4le \u00e0 accomplir, soit travailler sur son message dans la vie pour donner \u00e0 la fin une symphonie anthologique \u00e0 travers laquelle l\u2019humain laisse une empreinte dans son parcours de vie\u00bb, d\u00e9taille-t-il. Le tout en devant une fi\u00e8re chandelle aux femmes marocaines qui c\u00e9l\u00e8brent \u00e9galement leur journ\u00e9e et honorent leur pays sous la conduite \u00e9clair\u00e9e du Souverain.<\/p>\n<p><iframe loading=\"lazy\" title=\"Mohamed Essoulimani expose sa dimension spirituelle de la femme\" width=\"1000\" height=\"563\" src=\"https:\/\/www.youtube.com\/embed\/V1BnvgPup0Q?feature=oembed\" frameborder=\"0\" allow=\"accelerometer; autoplay; clipboard-write; encrypted-media; gyroscope; picture-in-picture\" allowfullscreen=\"allowfullscreen\">[embedded content]<\/iframe><\/p>\n<p>A propos de cette exposition, la galeriste Meryem Lahlou indique que la galerie d\u2019art Living 4 ART rend \u00abhommage \u00e0 la femme \u00e0 travers une exposition splendide de Mohamed Essoulimani\u00bb. Comme elle l\u2019exalte, le temps de cette exposition intitul\u00e9e \u00abFemme Enchant\u00e9e\u00bb, la concentration sur la femme par l\u2019artiste qui \u00abnous emm\u00e8ne dans un monde d\u2019\u00e9merveillement o\u00f9 la femme nous enchante avec des m\u00e9lodies musicales\u00bb. \u00abChose qu\u2019on d\u00e9couvre \u00e0 travers ses \u0153uvres expos\u00e9es\u00bb, encha\u00eene-t-elle en mettant en avant la co\u00efncidence de cet \u00e9v\u00e9nement avec la c\u00e9l\u00e9bration du 8 mars.<\/p>\n<p>Pour cette galerie, l\u2019artiste \u00abmanifeste son grand int\u00e9r\u00eat pour la femme \u00e0 travers un univers pictural, chose qu\u2019on d\u00e9couvrira dans la multiplication des toiles expos\u00e9es par Mohamed Essoulimani, qui nous expose des repr\u00e9sentations assimil\u00e9es \u00e0 une s\u00e9rie d\u2019autoportraits spontan\u00e9s et tr\u00e8s contemporains\u00bb.<\/p>\n<p>Pour rappel, Mohamed Essoulimani, n\u00e9 le 29 mai 1974 \u00e0 Casablanca, est artiste-peintre et juriste \u00e0 la fois. Depuis des ann\u00e9es, il ne cesse d\u2019exprimer dans ses toiles son potentiel \u00e0 travers des variations et r\u00e9p\u00e9titions et m\u00e8ne une aventure personnelle d\u2019artiste- peintre. Il travaille par variations et r\u00e9p\u00e9titions d\u2019un th\u00e8me ou motif et ne cesse d\u2019exp\u00e9rimenter les effets de la simplification d\u2019un seul sujet. Son travail se concentre sur la r\u00e9alisation de natures mortes et de portraits, notamment de femmes, souvent empreints de gravit\u00e9 comme les qualifie la galerie.<\/p>\n<p>Auteur: Salima Guisser<br \/>\n<a href=\"https:\/\/aujourdhui.ma\/culture\/mohamed-essoulimani-expose-sa-dimension-spirituelle-de-la-femme\">Cliquez ici pour lire l&rsquo;article depuis sa source.<\/a><\/p>\n","protected":false},"excerpt":{"rendered":"<p>Living 4 ART organise la premi\u00e8re exposition de l\u2019artiste Une premi\u00e8re exposition individuelle chez Living 4 ART. Cette galerie d\u2019art casablancaise expose jusqu\u2019au 4 avril les \u0153uvres de Mohamed Essoulimani, qui se qualifie d\u2019artiste-peintre \u00abautodidacte\u00bb. \u00abC\u2019est ma premi\u00e8re exposition qui rassemble une collection d\u2019une cinquantaine d\u2019\u0153uvres\u00bb, exalte-t-il en rappelant que la femme et le corps [&hellip;]<\/p>\n","protected":false},"author":1759,"featured_media":0,"comment_status":"closed","ping_status":"closed","sticky":false,"template":"","format":"standard","meta":{"fifu_image_url":"http:\/\/aujourdhui.ma\/wp-content\/uploads\/2021\/03\/Mohamed-Essoulimani-Exposition.jpg","fifu_image_alt":"Mohamed Essoulimani expose sa dimension spirituelle de la femme","footnotes":""},"categories":[73,54],"tags":[],"class_list":["post-112647","post","type-post","status-publish","format-standard","hentry","category-actualite","category-maroc"],"_links":{"self":[{"href":"https:\/\/linitiative.ca\/International\/wp-json\/wp\/v2\/posts\/112647","targetHints":{"allow":["GET"]}}],"collection":[{"href":"https:\/\/linitiative.ca\/International\/wp-json\/wp\/v2\/posts"}],"about":[{"href":"https:\/\/linitiative.ca\/International\/wp-json\/wp\/v2\/types\/post"}],"author":[{"embeddable":true,"href":"https:\/\/linitiative.ca\/International\/wp-json\/wp\/v2\/users\/1759"}],"replies":[{"embeddable":true,"href":"https:\/\/linitiative.ca\/International\/wp-json\/wp\/v2\/comments?post=112647"}],"version-history":[{"count":0,"href":"https:\/\/linitiative.ca\/International\/wp-json\/wp\/v2\/posts\/112647\/revisions"}],"wp:attachment":[{"href":"https:\/\/linitiative.ca\/International\/wp-json\/wp\/v2\/media?parent=112647"}],"wp:term":[{"taxonomy":"category","embeddable":true,"href":"https:\/\/linitiative.ca\/International\/wp-json\/wp\/v2\/categories?post=112647"},{"taxonomy":"post_tag","embeddable":true,"href":"https:\/\/linitiative.ca\/International\/wp-json\/wp\/v2\/tags?post=112647"}],"curies":[{"name":"wp","href":"https:\/\/api.w.org\/{rel}","templated":true}]}}