{"id":112651,"date":"2021-03-07T08:30:20","date_gmt":"2021-03-07T13:30:20","guid":{"rendered":"https:\/\/linitiative.ca\/International\/%ef%bb%bflivoirien-jacques-anouma-jette-leponge\/"},"modified":"2021-03-07T08:30:20","modified_gmt":"2021-03-07T13:30:20","slug":"%ef%bb%bflivoirien-jacques-anouma-jette-leponge","status":"publish","type":"post","link":"https:\/\/linitiative.ca\/International\/%ef%bb%bflivoirien-jacques-anouma-jette-leponge\/","title":{"rendered":"\ufeffl\u2019Ivoirien Jacques Anouma jette l\u2019\u00e9ponge"},"content":{"rendered":"<div>\n<p style=\"text-align:center\" class=\"has-text-color has-vivid-red-color\"><strong>Pr\u00e9sidence de la CAF<\/strong><\/p>\n<p style=\"color:#0637e5\" class=\"has-text-color\"><strong>L\u2019Ivoirien Jacques Anouma a renonc\u00e9 \u00e0 la course pour la pr\u00e9sidence de la Conf\u00e9d\u00e9ration africaine de football (CAF), dont l\u2019\u00e9lection se tiendra le 12 mars.<\/strong><\/p>\n<p>\u00ab\u00a0Apr\u00e8s plusieurs r\u00e9flexions,<br \/>\nconsultations et concertations, j\u2019ai d\u00e9cid\u00e9 de renoncer \u00e0 ma candidature \u00e0<br \/>\nl\u2019\u00e9lection \u00e0 la pr\u00e9sidence de la CAF\u00a0\u00bb, a d\u00e9clar\u00e9 M. Anouma \u00e0 la t\u00e9l\u00e9vision<br \/>\npublique ivoirienne.<\/p>\n<p>\u00ab\u00a0Je mettrai toute mon exp\u00e9rience au<br \/>\nservice de la n\u00e9cessaire reconstruction du ballon rond africain car je crois en<br \/>\nune Afrique football unie\u00a0\u00bb, a ajout\u00e9 M. Anouma.<\/p>\n<p>Il a expliqu\u00e9 \u00eatre \u00ab\u00a0convaincu qu\u2019il<br \/>\nest aujourd\u2019hui pr\u00e9f\u00e9rable de cr\u00e9er les conditions d\u2019un rassemblement des<br \/>\nmeilleures intelligences afin de faire triompher l\u2019int\u00e9r\u00eat collectif du<br \/>\nfootball africain\u00a0\u00bb.<\/p>\n<p>Une rencontre des candidats est pr\u00e9vue ce<br \/>\nsamedi \u00e0 Nouakchott, en Mauritanie, en vue d\u2019accorder leur violon sur un<br \/>\n\u00ab\u00a0programme commun\u00a0\u00bb dont les r\u00e9flexions ont d\u00e9but\u00e9 la semaine derri\u00e8re<br \/>\nensemble.<\/p>\n<p>Jacques Anouma \u00e9tait en lice avec trois<br \/>\nautres candidats pour succ\u00e9der au Malgache Ahmad Ahmad. Il s\u2019agit de Patrice<br \/>\nMotsepe (Afrique du Sud), Augustin Senghor (S\u00e9n\u00e9gal), qui s\u2019est retir\u00e9 lui<br \/>\naussi, et Ahmed Yahya (Mauritanie).<\/p>\n<p>L\u2019article <a rel=\"nofollow\" href=\"http:\/\/albayane.press.ma\/%EF%BB%BFlivoirien-jacques-anouma-jette-leponge.html\">\ufeffl\u2019Ivoirien Jacques Anouma jette l\u2019\u00e9ponge<\/a> est apparu en premier sur <a rel=\"nofollow\" href=\"http:\/\/albayane.press.ma\/\">ALBAYANE<\/a>.<\/p>\n<\/div>\n<p>Auteur: M&rsquo;hammed rahal<br \/>\n<a href=\"http:\/\/albayane.press.ma\/%EF%BB%BFlivoirien-jacques-anouma-jette-leponge.html\">Cliquez ici pour lire l&rsquo;article depuis sa source.<\/a><\/p>\n","protected":false},"excerpt":{"rendered":"<p>Pr\u00e9sidence de la CAF L\u2019Ivoirien Jacques Anouma a renonc\u00e9 \u00e0 la course pour la pr\u00e9sidence de la Conf\u00e9d\u00e9ration africaine de football (CAF), dont l\u2019\u00e9lection se tiendra le 12 mars. \u00ab\u00a0Apr\u00e8s plusieurs r\u00e9flexions, consultations et concertations, j\u2019ai d\u00e9cid\u00e9 de renoncer \u00e0 ma candidature \u00e0 l\u2019\u00e9lection \u00e0 la pr\u00e9sidence de la CAF\u00a0\u00bb, a d\u00e9clar\u00e9 M. Anouma \u00e0 [&hellip;]<\/p>\n","protected":false},"author":1760,"featured_media":0,"comment_status":"closed","ping_status":"closed","sticky":false,"template":"","format":"standard","meta":{"fifu_image_url":"","fifu_image_alt":"","footnotes":""},"categories":[73,54],"tags":[],"class_list":["post-112651","post","type-post","status-publish","format-standard","hentry","category-actualite","category-maroc"],"_links":{"self":[{"href":"https:\/\/linitiative.ca\/International\/wp-json\/wp\/v2\/posts\/112651","targetHints":{"allow":["GET"]}}],"collection":[{"href":"https:\/\/linitiative.ca\/International\/wp-json\/wp\/v2\/posts"}],"about":[{"href":"https:\/\/linitiative.ca\/International\/wp-json\/wp\/v2\/types\/post"}],"author":[{"embeddable":true,"href":"https:\/\/linitiative.ca\/International\/wp-json\/wp\/v2\/users\/1760"}],"replies":[{"embeddable":true,"href":"https:\/\/linitiative.ca\/International\/wp-json\/wp\/v2\/comments?post=112651"}],"version-history":[{"count":0,"href":"https:\/\/linitiative.ca\/International\/wp-json\/wp\/v2\/posts\/112651\/revisions"}],"wp:attachment":[{"href":"https:\/\/linitiative.ca\/International\/wp-json\/wp\/v2\/media?parent=112651"}],"wp:term":[{"taxonomy":"category","embeddable":true,"href":"https:\/\/linitiative.ca\/International\/wp-json\/wp\/v2\/categories?post=112651"},{"taxonomy":"post_tag","embeddable":true,"href":"https:\/\/linitiative.ca\/International\/wp-json\/wp\/v2\/tags?post=112651"}],"curies":[{"name":"wp","href":"https:\/\/api.w.org\/{rel}","templated":true}]}}