{"id":112652,"date":"2021-03-07T08:36:15","date_gmt":"2021-03-07T13:36:15","guid":{"rendered":"https:\/\/linitiative.ca\/International\/tisser-le-temps-politique-au-maroc\/"},"modified":"2021-03-07T08:36:15","modified_gmt":"2021-03-07T13:36:15","slug":"tisser-le-temps-politique-au-maroc","status":"publish","type":"post","link":"https:\/\/linitiative.ca\/International\/tisser-le-temps-politique-au-maroc\/","title":{"rendered":"\u00abTisser le temps politique au Maroc\u00bb"},"content":{"rendered":"<div>\n<p style=\"text-align:center\" class=\"has-text-color has-vivid-red-color\"><strong>D\u00e9bat litt\u00e9raire<br \/>\nen ligne autour d\u2019un livre<\/strong><\/p>\n<p style=\"color:#0623e5\" class=\"has-text-color\"><strong>La chaire Fat\u00e9ma Mernissi et le site \u00abRibatalkoutoub\u00bb ont organis\u00e9, samedi, un Caf\u00e9 litt\u00e9raire en ligne sous le th\u00e8me \u00abUn nouveau regard sur le politique au Maroc\u00bb, \u00e0 l\u2019occasion de la parution du livre \u00abTisser le temps politique au Maroc : Imaginaire de l\u2019\u00c9tat \u00e0 l\u2019\u00e2ge n\u00e9olib\u00e9ral\u00bb (Ed. Karthala, 2020), co\u00e9crit par B\u00e9atrice Hibou et Mohamed Tozy.<\/strong><\/p>\n<p>Ce rendez-vous<br \/>\nlitt\u00e9raire a \u00e9t\u00e9 l\u2019occasion de d\u00e9battre du fond de l\u2019ouvrage \u00e0 travers<br \/>\nplusieurs interventions, notamment de l\u2019historien Abdelahad Sebti, du<br \/>\nsociologue Mohamed Oubenal, des politologues Fadma A\u00eft Mous et Abdelhay Moudden<br \/>\net de l\u2019\u00e9crivain-chercheur Driss Ksikes.<\/p>\n<p>Dans son<br \/>\nintervention, Mme A\u00eft Mous, mod\u00e9ratrice du Caf\u00e9 litt\u00e9raire, a indiqu\u00e9 que cet<br \/>\nouvrage rev\u00eat une \u00abapproche distanciationnelle\u00bb sur l\u2019analyse du r\u00e9gime<br \/>\npolitique au Maroc et est une r\u00e9flexion sur les mani\u00e8res de gouverner aux temps<br \/>\nn\u00e9olib\u00e9raux. \u00abC\u2019est un travail fait d\u2019observations et d\u2019entretiens historiques<br \/>\net historiographiques tr\u00e8s pertinents\u2026 C\u2019est aussi le fruit d\u2019un long travail<br \/>\n\u00e0 deux, tissant une collaboration faite de partage de questions fondamentales<br \/>\ndu terrain\u00bb, a-t-elle analys\u00e9.<\/p>\n<p>Pour sa part, M.<br \/>\nSebti, tout en saluant la tenue de cette importante rencontre, a fait observer<br \/>\nque les co-auteurs de l\u2019ouvrage ont eu la r\u00e9flexion de d\u00e9velopper des \u00e9critures<br \/>\n\u00e9conomico-politiques et sur le champ politico-religieux, bas\u00e9es sur plusieurs<br \/>\nrecherches avec des \u00e9tudes de cas. \u00abParfaitement \u00e9labor\u00e9, le livre, fort des<br \/>\nentretiens men\u00e9s, a su r\u00e9sumer au niveau du titre la probl\u00e9matique qu\u2019il<br \/>\nexpose, afin de faciliter l\u2019entr\u00e9e des lecteurs dans le champ n\u00e9olib\u00e9ral au<br \/>\nMaroc, avec des approches anthropologiques et une subjectivation des syst\u00e8mes<br \/>\npolitiques\u00bb, a-t-il ajout\u00e9.\u00a0 Pour le<br \/>\nsociologue Mohamed Oubenal, l\u2019ouvrage \u00abTisser le temps politique au Maroc :<br \/>\nImaginaire de l\u2019Etat \u00e0 l\u2019\u00e2ge n\u00e9olib\u00e9ral\u00bb offre l\u2019occasion de comprendre les grilles<br \/>\ndes lectures sur le fondement politico-\u00e9conomique du Maroc, tout en<br \/>\ns\u2019int\u00e9ressant \u00e0 la sociologie \u00e9conomique.<\/p>\n<p>\u00abC\u2019est un livre<br \/>\ninterdisciplinaire, qui prend comme base le travail des historiens et croise un<br \/>\ncertain nombre de disciplines intellectuelles\u00bb, a-t-il indiqu\u00e9, relevant que<br \/>\nc\u2019est aussi un \u00abappel \u00e0 engager une r\u00e9flexion sur l\u2019art de gouverner,<br \/>\ns\u2019inscrivant dans une logique comparative pour comprendre les formes \u00e9tatiques\u00bb.<\/p>\n<p>Cet ouvrage est<br \/>\nenrichi de \u00abmonographies et de projets \u00e9conomiques importants, notamment le<br \/>\nPort de Tanger-Med, outre l\u2019\u00e9volution et la normalisation des grands projets,<br \/>\ntravers\u00e9s de logiques n\u00e9olib\u00e9rales\u00bb, a-t-il dit.<\/p>\n<p>De son c\u00f4t\u00e9, le<br \/>\npolitologue Abdelhay Moudden a not\u00e9 que l\u2019ouvrage est une analyse politique<br \/>\ncaract\u00e9ris\u00e9e par une force d\u2019ambition qui propose de nouvelles approches pour<br \/>\nappr\u00e9hender la compr\u00e9hension de la politique au Maroc, tout en d\u00e9passant les<br \/>\nunit\u00e9s d\u2019analyse et de classification des syst\u00e8mes politiques.<br \/>\nL\u2019\u00e9crivain-chercheur Driss Ksikes a, quant \u00e0 lui, qualifi\u00e9 l\u2019ouvrage de texte<br \/>\ndense et incontournable pour comprendre la politique au Maroc et d\u2019une<br \/>\nexp\u00e9rience inventant un nouveau style, n\u00e9e de deux mani\u00e8res d\u2019expression<br \/>\ndiff\u00e9rente.<\/p>\n<p>\u00abAvec<br \/>\nl\u2019ing\u00e9niosit\u00e9 des co-auteurs, le livre r\u00e9v\u00e8le un ph\u00e9nom\u00e8ne latent, sens\u00e9 mettre<br \/>\nen avant le r\u00e9el comme l\u2019imaginaire au Maroc, pour enfin d\u00e9signer l\u2019ordre<br \/>\napparent des choses\u00bb, a-t-il soulign\u00e9.<\/p>\n<p>Attentif aux<br \/>\ntransformations modernes, le livre r\u00e9v\u00e8le aussi les continuit\u00e9s profondes et<br \/>\nles adaptations insoup\u00e7onn\u00e9es, dans une cohabitation renouvel\u00e9e, avec une<br \/>\npluralit\u00e9 des discours, a relev\u00e9 M. Ksikes, ajoutant que ce produit implique<br \/>\nune \u00e9criture hybride, structur\u00e9e et syst\u00e9mique.<\/p>\n<p>Rebondissant sur<br \/>\nles r\u00e9flexions des diff\u00e9rents intervenants, la co-auteure du livre, B\u00e9atrice<br \/>\nHibou, a indiqu\u00e9 que l\u2019ouvrage met l\u2019accent sur un univers mental qui fait le<br \/>\nlien et permet d\u2019associer des logiques et des r\u00e9alit\u00e9s tr\u00e8s diff\u00e9rentes, avec<br \/>\nune temporalit\u00e9 plurielle qui renvoie \u00e0 s\u2019inscrire dans le pr\u00e9sent de la<br \/>\nlogique sociale, mais qui s\u2019interp\u00e9n\u00e8trent pour donner lieu \u00e0 des<br \/>\nr\u00e9interpr\u00e9tations mutuelles.<\/p>\n<p>L\u2019autre<br \/>\nco-auteur, Mohamed Tozy a, pour sa part, fortement salu\u00e9 le travail de quelques<br \/>\nhistoriens marocains, relevant que l\u2019ing\u00e9nierie \u00e9pistolaire est une piste pour<br \/>\nune nouvelle lecture des \u00e9changes \u00e9pistolaires, alors que le concept \u00abd\u2019empire\u00bb,<br \/>\ntrait\u00e9 dans le livre, est caract\u00e9ris\u00e9 par un certain nombre de propri\u00e9t\u00e9s et de<br \/>\nperformances pouvant \u00eatre retrouv\u00e9es.<\/p>\n<p>L\u2019article <a rel=\"nofollow\" href=\"http:\/\/albayane.press.ma\/tisser-le-temps-politique-au-maroc.html\">\u00abTisser le temps politique au Maroc\u00bb<\/a> est apparu en premier sur <a rel=\"nofollow\" href=\"http:\/\/albayane.press.ma\/\">ALBAYANE<\/a>.<\/p>\n<\/div>\n<p>Auteur: M&rsquo;hammed rahal<br \/>\n<a href=\"http:\/\/albayane.press.ma\/tisser-le-temps-politique-au-maroc.html\">Cliquez ici pour lire l&rsquo;article depuis sa source.<\/a><\/p>\n","protected":false},"excerpt":{"rendered":"<p>D\u00e9bat litt\u00e9raire en ligne autour d\u2019un livre La chaire Fat\u00e9ma Mernissi et le site \u00abRibatalkoutoub\u00bb ont organis\u00e9, samedi, un Caf\u00e9 litt\u00e9raire en ligne sous le th\u00e8me \u00abUn nouveau regard sur le politique au Maroc\u00bb, \u00e0 l\u2019occasion de la parution du livre \u00abTisser le temps politique au Maroc : Imaginaire de l\u2019\u00c9tat \u00e0 l\u2019\u00e2ge n\u00e9olib\u00e9ral\u00bb (Ed. [&hellip;]<\/p>\n","protected":false},"author":1760,"featured_media":0,"comment_status":"closed","ping_status":"closed","sticky":false,"template":"","format":"standard","meta":{"fifu_image_url":"","fifu_image_alt":"","footnotes":""},"categories":[73,54],"tags":[],"class_list":["post-112652","post","type-post","status-publish","format-standard","hentry","category-actualite","category-maroc"],"_links":{"self":[{"href":"https:\/\/linitiative.ca\/International\/wp-json\/wp\/v2\/posts\/112652","targetHints":{"allow":["GET"]}}],"collection":[{"href":"https:\/\/linitiative.ca\/International\/wp-json\/wp\/v2\/posts"}],"about":[{"href":"https:\/\/linitiative.ca\/International\/wp-json\/wp\/v2\/types\/post"}],"author":[{"embeddable":true,"href":"https:\/\/linitiative.ca\/International\/wp-json\/wp\/v2\/users\/1760"}],"replies":[{"embeddable":true,"href":"https:\/\/linitiative.ca\/International\/wp-json\/wp\/v2\/comments?post=112652"}],"version-history":[{"count":0,"href":"https:\/\/linitiative.ca\/International\/wp-json\/wp\/v2\/posts\/112652\/revisions"}],"wp:attachment":[{"href":"https:\/\/linitiative.ca\/International\/wp-json\/wp\/v2\/media?parent=112652"}],"wp:term":[{"taxonomy":"category","embeddable":true,"href":"https:\/\/linitiative.ca\/International\/wp-json\/wp\/v2\/categories?post=112652"},{"taxonomy":"post_tag","embeddable":true,"href":"https:\/\/linitiative.ca\/International\/wp-json\/wp\/v2\/tags?post=112652"}],"curies":[{"name":"wp","href":"https:\/\/api.w.org\/{rel}","templated":true}]}}